{"id":13363,"date":"2026-03-18T13:24:22","date_gmt":"2026-03-18T13:24:22","guid":{"rendered":"https:\/\/www.isdin.com\/es\/blog\/?p=13363"},"modified":"2026-03-18T13:30:56","modified_gmt":"2026-03-18T13:30:56","slug":"marta-pons-tu-piel-tiene-voz-y-por-que-escucharla-puede-cambiar-la-forma-en-que-la-cuidas","status":"publish","type":"post","link":"https:\/\/www.isdin.com\/es\/blog\/marta-pons-tu-piel-tiene-voz-y-por-que-escucharla-puede-cambiar-la-forma-en-que-la-cuidas\/","title":{"rendered":"Marta Pons: tu piel tiene voz y por qu\u00e9 escucharla puede cambiar la forma en que la cuidas"},"content":{"rendered":"\n<figure class=\"wp-block-image size-full\"><img loading=\"lazy\" decoding=\"async\" width=\"1200\" height=\"760\" src=\"data:image\/gif;base64,R0lGODlhAQABAAAAACH5BAEKAAEALAAAAAABAAEAAAICTAEAOw==\" data-src=\"https:\/\/www.isdin.com\/es\/blog\/wp-content\/uploads\/2026\/03\/Header-14.37.09.jpg\" alt=\"Marta Pons\" class=\"wp-image-13366 lazyload\"\/><\/figure>\n\n\n\n<p><\/p>\n\n\n\n<p>En el universo de la belleza \u2014ese territorio fascinante donde conviven innovaci\u00f3n cient\u00edfica, rituales de autocuidado y tendencias que nacen y desaparecen en cuesti\u00f3n de semanas\u2014 cada vez es m\u00e1s valioso encontrar voces capaces de aportar claridad. <strong>Marta Pons es una de ellas.<\/strong><\/p>\n\n\n\n<p>Creadora de contenido especializada en dermocosm\u00e9tica, ha construido una comunidad que no solo busca recomendaciones de productos, sino algo mucho m\u00e1s interesante: entender qu\u00e9 ocurre realmente en la piel.<\/p>\n\n\n\n<p><strong>En el \u00faltimo episodio del podcast de ISDIN<\/strong>, exploramos su forma de entender el cuidado de la piel: desde la importancia de escuchar lo que nos dice hasta c\u00f3mo los h\u00e1bitos, el estilo de vida y la ciencia detr\u00e1s de los ingredientes influyen mucho m\u00e1s de lo que imaginamos.<\/p>\n\n\n\n<p>Su forma de comunicar tiene algo poco habitual en redes sociales: <strong>combina conocimiento t\u00e9cnico con una naturalidad que hace que incluso los conceptos m\u00e1s complejos resulten f\u00e1ciles<\/strong>. Habla de <strong>ingredientes<\/strong>, <strong>microbiota<\/strong> o <strong>formulaciones<\/strong> con la misma naturalidad con la que habla de <strong>bienestar<\/strong> o equilibrio <strong>emocional<\/strong>. Porque, para Marta, la piel nunca se entiende de forma aislada: es un espejo del estilo de vida, de los h\u00e1bitos y tambi\u00e9n de c\u00f3mo nos sentimos.<\/p>\n\n\n\n<h2 class=\"wp-block-heading\" id=\"h-la-voz-que-traduce-la-cosmetica\"><strong>La voz que traduce la cosm\u00e9tica<\/strong><\/h2>\n\n\n\n<figure class=\"wp-block-image size-full\"><img loading=\"lazy\" decoding=\"async\" width=\"1200\" height=\"618\" src=\"data:image\/gif;base64,R0lGODlhAQABAAAAACH5BAEKAAEALAAAAAABAAEAAAICTAEAOw==\" data-src=\"https:\/\/www.isdin.com\/es\/blog\/wp-content\/uploads\/2026\/03\/Imagen-en-el-contenido.jpg\" alt=\"\" class=\"wp-image-13368 lazyload\"\/><\/figure>\n\n\n\n<p><\/p>\n\n\n\n<p><strong>Marta Pons naci\u00f3 en Barcelona<\/strong> y, aunque hoy su nombre est\u00e1 asociado al mundo de la dermocosm\u00e9tica en redes sociales, su relaci\u00f3n con la belleza empez\u00f3 desde una curiosidad mucho m\u00e1s profunda que la simple fascinaci\u00f3n por los productos. Desde muy pronto le interes\u00f3 <strong>entender qu\u00e9 hay detr\u00e1s de las f\u00f3rmulas<\/strong>: c\u00f3mo act\u00faan los ingredientes, qu\u00e9 papel tiene cada activo dentro de una formulaci\u00f3n y por qu\u00e9 algunos productos realmente funcionan.<\/p>\n\n\n\n<p>Esa inquietud la llev\u00f3 a <strong>formarse en cosm\u00e9tica y dermofarmacia<\/strong>, una base que hoy marca la diferencia en la forma en que analiza y explica el cuidado de la piel. Sin embargo, lo que realmente la ha convertido en una voz relevante en el panorama beauty digital no es solo el conocimiento, sino <strong>su capacidad para hacerlo accesible<\/strong>.<\/p>\n\n\n\n<blockquote class=\"wp-block-quote is-layout-flow wp-block-quote-is-layout-flow\">\n<p>\u201cMi funci\u00f3n es traducir conceptos a cosas f\u00e1ciles de entender\u201d. Marta Pons, creadora de contenido experta en belleza<\/p>\n<\/blockquote>\n\n\n\n<p>En una industria donde el lenguaje t\u00e9cnico puede generar distancia, Marta entiende su papel como una especie de <strong>traductora entre la ciencia y la vida cotidiana<\/strong>. Explicar por qu\u00e9 un ingrediente funciona, c\u00f3mo leer una f\u00f3rmula o qu\u00e9 necesita realmente la piel en cada momento permite algo fundamental: devolver el criterio al consumidor.<\/p>\n\n\n\n<h2 class=\"wp-block-heading\" id=\"h-la-belleza-empieza-en-algo-mas-profundo-que-la-piel\"><strong><strong>La belleza empieza en algo m\u00e1s profundo que la piel<\/strong><\/strong><\/h2>\n\n\n\n<div class=\"wp-block-media-text is-stacked-on-mobile\"><figure class=\"wp-block-media-text__media\"><img loading=\"lazy\" decoding=\"async\" width=\"976\" height=\"1024\" src=\"data:image\/gif;base64,R0lGODlhAQABAAAAACH5BAEKAAEALAAAAAABAAEAAAICTAEAOw==\" data-src=\"https:\/\/www.isdin.com\/es\/blog\/wp-content\/uploads\/2026\/03\/Imagen-al-costado-14.37.09-976x1024.png\" alt=\"\" class=\"wp-image-13367 size-full lazyload\" data-sizes=\"auto\" data-srcset=\"https:\/\/www.isdin.com\/es\/blog\/wp-content\/uploads\/2026\/03\/Imagen-al-costado-14.37.09-976x1024.png 976w, https:\/\/www.isdin.com\/es\/blog\/wp-content\/uploads\/2026\/03\/Imagen-al-costado-14.37.09-286x300.png 286w, https:\/\/www.isdin.com\/es\/blog\/wp-content\/uploads\/2026\/03\/Imagen-al-costado-14.37.09-143x150.png 143w, https:\/\/www.isdin.com\/es\/blog\/wp-content\/uploads\/2026\/03\/Imagen-al-costado-14.37.09-768x806.png 768w, https:\/\/www.isdin.com\/es\/blog\/wp-content\/uploads\/2026\/03\/Imagen-al-costado-14.37.09-450x472.png 450w, https:\/\/www.isdin.com\/es\/blog\/wp-content\/uploads\/2026\/03\/Imagen-al-costado-14.37.09-20x20.png 20w, https:\/\/www.isdin.com\/es\/blog\/wp-content\/uploads\/2026\/03\/Imagen-al-costado-14.37.09-225x236.png 225w, https:\/\/www.isdin.com\/es\/blog\/wp-content\/uploads\/2026\/03\/Imagen-al-costado-14.37.09-900x944.png 900w, https:\/\/www.isdin.com\/es\/blog\/wp-content\/uploads\/2026\/03\/Imagen-al-costado-14.37.09.png 1178w\" sizes=\"auto, (max-width: 976px) 100vw, 976px\" \/><\/figure><div class=\"wp-block-media-text__content\">\n<p>A lo largo de la conversaci\u00f3n aparece una idea que atraviesa toda la entrevista: la piel no es solo una superficie que tratamos con productos, sino un <strong>\u00f3rgano conectado con lo que ocurre en nuestro interior<\/strong>. Una visi\u00f3n cada vez m\u00e1s presente en dermatolog\u00eda, que entiende el estado de la piel como el <strong>reflejo del equilibrio emocional y del estilo de vida<\/strong>.<\/p>\n<\/div><\/div>\n\n\n\n<p>El <strong>estr\u00e9s, el descanso, la alimentaci\u00f3n<\/strong> o incluso el ritmo al que vivimos pueden influir en c\u00f3mo se comporta la piel. Por eso, hablar de <em>skincare<\/em> no deber\u00eda limitarse a hablar de productos. Tambi\u00e9n implica <strong>hablar de h\u00e1bitos, de autocuidado y de peque\u00f1os gestos diarios que ayudan a recuperar el equilibrio<\/strong>.<\/p>\n\n\n\n<h2 class=\"wp-block-heading\" id=\"h-tener-criterio-en-la-era-de-las-tendencias-virales\"><strong>Tener criterio en la era de las tendencias virales<\/strong><\/h2>\n\n\n\n<figure class=\"wp-block-embed is-type-rich is-provider-instagram wp-block-embed-instagram\"><div class=\"wp-block-embed__wrapper\">\n<div class=\"sbi-embed-wrap\"><blockquote class=\"instagram-media sbi-embed\" data-instgrm-captioned data-instgrm-permalink=\"https:\/\/www.instagram.com\/reel\/DUiVuCdDIm5\/?utm_source=ig_embed&amp;utm_campaign=loading\" data-instgrm-version=\"14\" style=\" background:#FFF; border:0; border-radius:3px; box-shadow:0 0 1px 0 rgba(0,0,0,0.5),0 1px 10px 0 rgba(0,0,0,0.15); margin: 1px; max-width:500px; min-width:326px; padding:0; width:99.375%; width:-webkit-calc(100% - 2px); width:calc(100% - 2px);\"><div style=\"padding:16px;\"> <a href=\"https:\/\/www.instagram.com\/reel\/DUiVuCdDIm5\/?utm_source=ig_embed&amp;utm_campaign=loading\" style=\" background:#FFFFFF; line-height:0; padding:0 0; text-align:center; text-decoration:none; width:100%;\" target=\"_blank\"> <div style=\" display: flex; flex-direction: row; align-items: center;\"> <div style=\"background-color: #F4F4F4; border-radius: 50%; flex-grow: 0; height: 40px; margin-right: 14px; width: 40px;\"><\/div> <div style=\"display: flex; flex-direction: column; flex-grow: 1; justify-content: center;\"> <div style=\" background-color: #F4F4F4; border-radius: 4px; flex-grow: 0; height: 14px; margin-bottom: 6px; width: 100px;\"><\/div> <div style=\" background-color: #F4F4F4; border-radius: 4px; flex-grow: 0; height: 14px; width: 60px;\"><\/div><\/div><\/div><div style=\"padding: 19% 0;\"><\/div> <div style=\"display:block; height:50px; margin:0 auto 12px; width:50px;\"><svg width=\"50px\" height=\"50px\" viewBox=\"0 0 60 60\" version=\"1.1\" xmlns=\"https:\/\/www.w3.org\/2000\/svg\" xmlns:xlink=\"https:\/\/www.w3.org\/1999\/xlink\"><g stroke=\"none\" stroke-width=\"1\" fill=\"none\" fill-rule=\"evenodd\"><g transform=\"translate(-511.000000, -20.000000)\" fill=\"#000000\"><g><path d=\"M556.869,30.41 C554.814,30.41 553.148,32.076 553.148,34.131 C553.148,36.186 554.814,37.852 556.869,37.852 C558.924,37.852 560.59,36.186 560.59,34.131 C560.59,32.076 558.924,30.41 556.869,30.41 M541,60.657 C535.114,60.657 530.342,55.887 530.342,50 C530.342,44.114 535.114,39.342 541,39.342 C546.887,39.342 551.658,44.114 551.658,50 C551.658,55.887 546.887,60.657 541,60.657 M541,33.886 C532.1,33.886 524.886,41.1 524.886,50 C524.886,58.899 532.1,66.113 541,66.113 C549.9,66.113 557.115,58.899 557.115,50 C557.115,41.1 549.9,33.886 541,33.886 M565.378,62.101 C565.244,65.022 564.756,66.606 564.346,67.663 C563.803,69.06 563.154,70.057 562.106,71.106 C561.058,72.155 560.06,72.803 558.662,73.347 C557.607,73.757 556.021,74.244 553.102,74.378 C549.944,74.521 548.997,74.552 541,74.552 C533.003,74.552 532.056,74.521 528.898,74.378 C525.979,74.244 524.393,73.757 523.338,73.347 C521.94,72.803 520.942,72.155 519.894,71.106 C518.846,70.057 518.197,69.06 517.654,67.663 C517.244,66.606 516.755,65.022 516.623,62.101 C516.479,58.943 516.448,57.996 516.448,50 C516.448,42.003 516.479,41.056 516.623,37.899 C516.755,34.978 517.244,33.391 517.654,32.338 C518.197,30.938 518.846,29.942 519.894,28.894 C520.942,27.846 521.94,27.196 523.338,26.654 C524.393,26.244 525.979,25.756 528.898,25.623 C532.057,25.479 533.004,25.448 541,25.448 C548.997,25.448 549.943,25.479 553.102,25.623 C556.021,25.756 557.607,26.244 558.662,26.654 C560.06,27.196 561.058,27.846 562.106,28.894 C563.154,29.942 563.803,30.938 564.346,32.338 C564.756,33.391 565.244,34.978 565.378,37.899 C565.522,41.056 565.552,42.003 565.552,50 C565.552,57.996 565.522,58.943 565.378,62.101 M570.82,37.631 C570.674,34.438 570.167,32.258 569.425,30.349 C568.659,28.377 567.633,26.702 565.965,25.035 C564.297,23.368 562.623,22.342 560.652,21.575 C558.743,20.834 556.562,20.326 553.369,20.18 C550.169,20.033 549.148,20 541,20 C532.853,20 531.831,20.033 528.631,20.18 C525.438,20.326 523.257,20.834 521.349,21.575 C519.376,22.342 517.703,23.368 516.035,25.035 C514.368,26.702 513.342,28.377 512.574,30.349 C511.834,32.258 511.326,34.438 511.181,37.631 C511.035,40.831 511,41.851 511,50 C511,58.147 511.035,59.17 511.181,62.369 C511.326,65.562 511.834,67.743 512.574,69.651 C513.342,71.625 514.368,73.296 516.035,74.965 C517.703,76.634 519.376,77.658 521.349,78.425 C523.257,79.167 525.438,79.673 528.631,79.82 C531.831,79.965 532.853,80.001 541,80.001 C549.148,80.001 550.169,79.965 553.369,79.82 C556.562,79.673 558.743,79.167 560.652,78.425 C562.623,77.658 564.297,76.634 565.965,74.965 C567.633,73.296 568.659,71.625 569.425,69.651 C570.167,67.743 570.674,65.562 570.82,62.369 C570.966,59.17 571,58.147 571,50 C571,41.851 570.966,40.831 570.82,37.631\"><\/path><\/g><\/g><\/g><\/svg><\/div><div style=\"padding-top: 8px;\"> <div style=\" color:#3897f0; font-family:Arial,sans-serif; font-size:14px; font-style:normal; font-weight:550; line-height:18px;\">View this post on Instagram<\/div><\/div><div style=\"padding: 12.5% 0;\"><\/div> <div style=\"display: flex; flex-direction: row; margin-bottom: 14px; align-items: center;\"><div> <div style=\"background-color: #F4F4F4; border-radius: 50%; height: 12.5px; width: 12.5px; transform: translateX(0px) translateY(7px);\"><\/div> <div style=\"background-color: #F4F4F4; height: 12.5px; transform: rotate(-45deg) translateX(3px) translateY(1px); width: 12.5px; flex-grow: 0; margin-right: 14px; margin-left: 2px;\"><\/div> <div style=\"background-color: #F4F4F4; border-radius: 50%; height: 12.5px; width: 12.5px; transform: translateX(9px) translateY(-18px);\"><\/div><\/div><div style=\"margin-left: 8px;\"> <div style=\" background-color: #F4F4F4; border-radius: 50%; flex-grow: 0; height: 20px; width: 20px;\"><\/div> <div style=\" width: 0; height: 0; border-top: 2px solid transparent; border-left: 6px solid #f4f4f4; border-bottom: 2px solid transparent; transform: translateX(16px) translateY(-4px) rotate(30deg)\"><\/div><\/div><div style=\"margin-left: auto;\"> <div style=\" width: 0px; border-top: 8px solid #F4F4F4; border-right: 8px solid transparent; transform: translateY(16px);\"><\/div> <div style=\" background-color: #F4F4F4; flex-grow: 0; height: 12px; width: 16px; transform: translateY(-4px);\"><\/div> <div style=\" width: 0; height: 0; border-top: 8px solid #F4F4F4; border-left: 8px solid transparent; transform: translateY(-4px) translateX(8px);\"><\/div><\/div><\/div> <div style=\"display: flex; flex-direction: column; flex-grow: 1; justify-content: center; margin-bottom: 24px;\"> <div style=\" background-color: #F4F4F4; border-radius: 4px; flex-grow: 0; height: 14px; margin-bottom: 6px; width: 224px;\"><\/div> <div style=\" background-color: #F4F4F4; border-radius: 4px; flex-grow: 0; height: 14px; width: 144px;\"><\/div><\/div><\/a><\/div><\/blockquote><script async src=\"\/\/platform.instagram.com\/en_US\/embeds.js\"><\/script><\/div>\n<\/div><\/figure>\n\n\n\n<p>Las redes sociales han cambiado radicalmente la forma en que descubrimos cosm\u00e9tica. Hoy <strong>una tendencia puede hacerse viral en cuesti\u00f3n de horas<\/strong>, y un ingrediente puede pasar de ser desconocido a convertirse en imprescindible en apenas unas semanas. Pero esta velocidad tambi\u00e9n tiene un lado menos visible: <strong>la informaci\u00f3n, muchas veces, se simplifica demasiado o se difunde sin contexto<\/strong>.<\/p>\n\n\n\n<p>Ah\u00ed es donde la formaci\u00f3n de Marta se convierte en un filtro imprescindible. Gracias a su conocimiento en dermocosm\u00e9tica, puede analizar una f\u00f3rmula m\u00e1s all\u00e1 del marketing: <strong>entender qu\u00e9 activos contiene, en qu\u00e9 concentraci\u00f3n est\u00e1n presentes y qu\u00e9 papel desempe\u00f1an dentro del producto<\/strong>. Y ese criterio es precisamente lo que le permite navegar entre tendencias sin perder su enfoque.<\/p>\n\n\n\n<blockquote class=\"wp-block-quote is-layout-flow wp-block-quote-is-layout-flow\">\n<p>\u201cPuede haber una tendencia, me puedo sumar a ella si me parece graciosa, pero mi criterio sigue siendo el mismo\u201d. Marta Pons, creadora de contenido experta en belleza<\/p>\n<\/blockquote>\n\n\n\n<p>En otras palabras, participar en la conversaci\u00f3n <em>beauty<\/em> no significa renunciar al rigor. Al contrario: <strong>cuanto m\u00e1s ruido existe alrededor del cuidado de la piel, m\u00e1s importante se vuelve explicar con claridad<\/strong> qu\u00e9 ingredientes tienen evidencia cient\u00edfica, qu\u00e9 rutinas pueden resultar demasiado agresivas o por qu\u00e9 no todas las pieles responden igual.<\/p>\n\n\n\n<h2 class=\"wp-block-heading\" id=\"h-escuchar-la-piel-el-futuro-de-la-belleza\"><strong>Escuchar la piel: el futuro de la belleza<\/strong><\/h2>\n\n\n\n<figure class=\"wp-block-image size-full\"><img loading=\"lazy\" decoding=\"async\" width=\"1200\" height=\"618\" src=\"data:image\/gif;base64,R0lGODlhAQABAAAAACH5BAEKAAEALAAAAAABAAEAAAICTAEAOw==\" data-src=\"https:\/\/www.isdin.com\/es\/blog\/wp-content\/uploads\/2026\/03\/Imagen-en-el-contenido2.jpg\" alt=\"\" class=\"wp-image-13364 lazyload\"\/><\/figure>\n\n\n\n<p><\/p>\n\n\n\n<p>Si hay una idea que resume toda la conversaci\u00f3n con Marta es que <strong>la piel est\u00e1 constantemente comunic\u00e1ndose con nosotros<\/strong>. <strong>Cambia<\/strong> con las estaciones, con las hormonas, con el estilo de vida y con el paso del tiempo. Y <strong>aprender a observar esos cambios<\/strong> es, probablemente, una de las claves m\u00e1s importantes del cuidado de la piel.<\/p>\n\n\n\n<blockquote class=\"wp-block-quote is-layout-flow wp-block-quote-is-layout-flow\">\n<p>\u201cNo hay cuidado de la piel sin entender que todo es es un tiene que ser un cuidado integral de tu salud\u201d. Marta Pons, creadora de contenido experta en belleza<\/p>\n<\/blockquote>\n\n\n\n<p>Este enfoque marca tambi\u00e9n hacia d\u00f3nde se dirige el futuro de la belleza. <strong>Cada vez m\u00e1s expertos hablan de una visi\u00f3n hol\u00edstica del cuidado de la piel<\/strong>, en la que la cosm\u00e9tica convive con otros pilares esenciales del bienestar: descanso, alimentaci\u00f3n equilibrada, gesti\u00f3n del estr\u00e9s y h\u00e1bitos de vida saludables.<\/p>\n\n\n\n<p>En ese contexto, voces como la de Marta cumplen un papel importante: recordarnos que <strong>la belleza no tiene que ver con perseguir una piel perfecta, sino con entenderla<\/strong>. Porque cuando aprendemos a escucharla, el cuidado deja de ser una rutina m\u00e1s para convertirse en una forma de bienestar.<\/p>\n\n\n\n<p class=\"has-background\" style=\"background-color:#d6a2422e\">\u00a1Escucha el episodio entero con Marta Pons en la app de ISDIN!<\/p>\n","protected":false},"excerpt":{"rendered":"<p>En el universo de la belleza \u2014ese territorio fascinante donde conviven innovaci\u00f3n cient\u00edfica, rituales de autocuidado y tendencias que nacen y desaparecen en cuesti\u00f3n de semanas\u2014 cada vez es m\u00e1s valioso encontrar voces capaces de aportar claridad. Marta Pons es una de ellas. Creadora de contenido especializada en dermocosm\u00e9tica, ha construido una comunidad que no&hellip;<\/p>\n","protected":false},"author":3,"featured_media":13366,"comment_status":"closed","ping_status":"closed","sticky":false,"template":"","format":"standard","meta":{"footnotes":""},"categories":[1],"tags":[],"class_list":["post-13363","post","type-post","status-publish","format-standard","has-post-thumbnail","hentry","category-consejos-cuidados"],"yoast_head":"<!-- This site is optimized with the Yoast SEO Premium plugin v25.4 (Yoast SEO v25.4) - https:\/\/yoast.com\/wordpress\/plugins\/seo\/ -->\n<title>Marta Pons: tu piel tiene voz y por qu\u00e9 escucharla puede cambiar la forma en que la cuidas - ISDIN<\/title>\n<meta name=\"robots\" content=\"index, follow, max-snippet:-1, max-image-preview:large, max-video-preview:-1\" \/>\n<link rel=\"canonical\" href=\"https:\/\/www.isdin.com\/es\/blog\/marta-pons-tu-piel-tiene-voz-y-por-que-escucharla-puede-cambiar-la-forma-en-que-la-cuidas\/\" \/>\n<meta property=\"og:locale\" content=\"es_ES\" \/>\n<meta property=\"og:type\" content=\"article\" \/>\n<meta property=\"og:title\" content=\"Marta Pons: tu piel tiene voz y por qu\u00e9 escucharla puede cambiar la forma en que la cuidas\" \/>\n<meta property=\"og:description\" content=\"En el universo de la belleza \u2014ese territorio fascinante donde conviven innovaci\u00f3n cient\u00edfica, rituales de autocuidado y tendencias que nacen y desaparecen en cuesti\u00f3n de semanas\u2014 cada vez es m\u00e1s valioso encontrar voces capaces de aportar claridad. Marta Pons es una de ellas. Creadora de contenido especializada en dermocosm\u00e9tica, ha construido una comunidad que no&hellip;\" \/>\n<meta property=\"og:url\" content=\"https:\/\/www.isdin.com\/es\/blog\/marta-pons-tu-piel-tiene-voz-y-por-que-escucharla-puede-cambiar-la-forma-en-que-la-cuidas\/\" \/>\n<meta property=\"og:site_name\" content=\"ISDIN\" \/>\n<meta property=\"article:publisher\" content=\"https:\/\/es-es.facebook.com\/ISDIN.official\/\" \/>\n<meta property=\"article:published_time\" content=\"2026-03-18T13:24:22+00:00\" \/>\n<meta property=\"article:modified_time\" content=\"2026-03-18T13:30:56+00:00\" \/>\n<meta property=\"og:image\" content=\"https:\/\/www.isdin.com\/es\/blog\/wp-content\/uploads\/2026\/03\/Header-14.37.09.jpg\" \/>\n\t<meta property=\"og:image:width\" content=\"1200\" \/>\n\t<meta property=\"og:image:height\" content=\"760\" \/>\n\t<meta property=\"og:image:type\" content=\"image\/jpeg\" \/>\n<meta name=\"author\" content=\"Sara Iborra\" \/>\n<meta name=\"twitter:card\" content=\"summary_large_image\" \/>\n<meta name=\"twitter:creator\" content=\"@isdin_official\" \/>\n<meta name=\"twitter:site\" content=\"@isdin_official\" \/>\n<meta name=\"twitter:label1\" content=\"Written by\" \/>\n\t<meta name=\"twitter:data1\" content=\"Sara Iborra\" \/>\n\t<meta name=\"twitter:label2\" content=\"Est. reading time\" \/>\n\t<meta name=\"twitter:data2\" content=\"5 minutes\" \/>\n<script type=\"application\/ld+json\" class=\"yoast-schema-graph\">{\"@context\":\"https:\/\/schema.org\",\"@graph\":[{\"@type\":\"Article\",\"@id\":\"https:\/\/www.isdin.com\/es\/blog\/marta-pons-tu-piel-tiene-voz-y-por-que-escucharla-puede-cambiar-la-forma-en-que-la-cuidas\/#article\",\"isPartOf\":{\"@id\":\"https:\/\/www.isdin.com\/es\/blog\/marta-pons-tu-piel-tiene-voz-y-por-que-escucharla-puede-cambiar-la-forma-en-que-la-cuidas\/\"},\"author\":{\"name\":\"Sara Iborra\",\"@id\":\"https:\/\/www.isdin.com\/es\/blog\/#\/schema\/person\/528848368b26d62008cefcc29a52ade8\"},\"headline\":\"Marta Pons: tu piel tiene voz y por qu\u00e9 escucharla puede cambiar la forma en que la cuidas\",\"datePublished\":\"2026-03-18T13:24:22+00:00\",\"dateModified\":\"2026-03-18T13:30:56+00:00\",\"mainEntityOfPage\":{\"@id\":\"https:\/\/www.isdin.com\/es\/blog\/marta-pons-tu-piel-tiene-voz-y-por-que-escucharla-puede-cambiar-la-forma-en-que-la-cuidas\/\"},\"wordCount\":1032,\"publisher\":{\"@id\":\"https:\/\/www.isdin.com\/es\/blog\/#organization\"},\"image\":{\"@id\":\"https:\/\/www.isdin.com\/es\/blog\/marta-pons-tu-piel-tiene-voz-y-por-que-escucharla-puede-cambiar-la-forma-en-que-la-cuidas\/#primaryimage\"},\"thumbnailUrl\":\"https:\/\/www.isdin.com\/es\/blog\/wp-content\/uploads\/2026\/03\/Header-14.37.09.jpg\",\"articleSection\":[\"Consejos y cuidados\"],\"inLanguage\":\"es-ES\"},{\"@type\":\"WebPage\",\"@id\":\"https:\/\/www.isdin.com\/es\/blog\/marta-pons-tu-piel-tiene-voz-y-por-que-escucharla-puede-cambiar-la-forma-en-que-la-cuidas\/\",\"url\":\"https:\/\/www.isdin.com\/es\/blog\/marta-pons-tu-piel-tiene-voz-y-por-que-escucharla-puede-cambiar-la-forma-en-que-la-cuidas\/\",\"name\":\"Marta Pons: tu piel tiene voz y por qu\u00e9 escucharla puede cambiar la forma en que la cuidas - ISDIN\",\"isPartOf\":{\"@id\":\"https:\/\/www.isdin.com\/es\/blog\/#website\"},\"primaryImageOfPage\":{\"@id\":\"https:\/\/www.isdin.com\/es\/blog\/marta-pons-tu-piel-tiene-voz-y-por-que-escucharla-puede-cambiar-la-forma-en-que-la-cuidas\/#primaryimage\"},\"image\":{\"@id\":\"https:\/\/www.isdin.com\/es\/blog\/marta-pons-tu-piel-tiene-voz-y-por-que-escucharla-puede-cambiar-la-forma-en-que-la-cuidas\/#primaryimage\"},\"thumbnailUrl\":\"https:\/\/www.isdin.com\/es\/blog\/wp-content\/uploads\/2026\/03\/Header-14.37.09.jpg\",\"datePublished\":\"2026-03-18T13:24:22+00:00\",\"dateModified\":\"2026-03-18T13:30:56+00:00\",\"breadcrumb\":{\"@id\":\"https:\/\/www.isdin.com\/es\/blog\/marta-pons-tu-piel-tiene-voz-y-por-que-escucharla-puede-cambiar-la-forma-en-que-la-cuidas\/#breadcrumb\"},\"inLanguage\":\"es-ES\",\"potentialAction\":[{\"@type\":\"ReadAction\",\"target\":[\"https:\/\/www.isdin.com\/es\/blog\/marta-pons-tu-piel-tiene-voz-y-por-que-escucharla-puede-cambiar-la-forma-en-que-la-cuidas\/\"]}]},{\"@type\":\"ImageObject\",\"inLanguage\":\"es-ES\",\"@id\":\"https:\/\/www.isdin.com\/es\/blog\/marta-pons-tu-piel-tiene-voz-y-por-que-escucharla-puede-cambiar-la-forma-en-que-la-cuidas\/#primaryimage\",\"url\":\"https:\/\/www.isdin.com\/es\/blog\/wp-content\/uploads\/2026\/03\/Header-14.37.09.jpg\",\"contentUrl\":\"https:\/\/www.isdin.com\/es\/blog\/wp-content\/uploads\/2026\/03\/Header-14.37.09.jpg\",\"width\":1200,\"height\":760,\"caption\":\"Marta Pons\"},{\"@type\":\"BreadcrumbList\",\"@id\":\"https:\/\/www.isdin.com\/es\/blog\/marta-pons-tu-piel-tiene-voz-y-por-que-escucharla-puede-cambiar-la-forma-en-que-la-cuidas\/#breadcrumb\",\"itemListElement\":[{\"@type\":\"ListItem\",\"position\":1,\"name\":\"Portada\",\"item\":\"https:\/\/www.isdin.com\/es\/blog\/\"},{\"@type\":\"ListItem\",\"position\":2,\"name\":\"Marta Pons: tu piel tiene voz y por qu\u00e9 escucharla puede cambiar la forma en que la cuidas\"}]},{\"@type\":\"WebSite\",\"@id\":\"https:\/\/www.isdin.com\/es\/blog\/#website\",\"url\":\"https:\/\/www.isdin.com\/es\/blog\/\",\"name\":\"ISDIN\",\"description\":\"Novedades, lanzamientos de productos y toda la experiencia de ISDIN\",\"publisher\":{\"@id\":\"https:\/\/www.isdin.com\/es\/blog\/#organization\"},\"potentialAction\":[{\"@type\":\"SearchAction\",\"target\":{\"@type\":\"EntryPoint\",\"urlTemplate\":\"https:\/\/www.isdin.com\/es\/blog\/?s={search_term_string}\"},\"query-input\":{\"@type\":\"PropertyValueSpecification\",\"valueRequired\":true,\"valueName\":\"search_term_string\"}}],\"inLanguage\":\"es-ES\"},{\"@type\":\"Organization\",\"@id\":\"https:\/\/www.isdin.com\/es\/blog\/#organization\",\"name\":\"ISDIN\",\"alternateName\":\"ISDIN\",\"url\":\"https:\/\/www.isdin.com\/es\/blog\/\",\"logo\":{\"@type\":\"ImageObject\",\"inLanguage\":\"es-ES\",\"@id\":\"https:\/\/www.isdin.com\/es\/blog\/#\/schema\/logo\/image\/\",\"url\":\"https:\/\/www.isdin.com\/es\/blog\/wp-content\/uploads\/2024\/05\/2025_03_GuiaFoto_FWM.png\",\"contentUrl\":\"https:\/\/www.isdin.com\/es\/blog\/wp-content\/uploads\/2024\/05\/2025_03_GuiaFoto_FWM.png\",\"width\":670,\"height\":683,\"caption\":\"ISDIN\"},\"image\":{\"@id\":\"https:\/\/www.isdin.com\/es\/blog\/#\/schema\/logo\/image\/\"},\"sameAs\":[\"https:\/\/es-es.facebook.com\/ISDIN.official\/\",\"https:\/\/x.com\/isdin_official\",\"https:\/\/www.instagram.com\/isdinofficial\",\"https:\/\/www.youtube.com\/channel\/UCtoNJMKpDwdFLqgV23_lcqg\"],\"telephone\":\"659997812\"},{\"@type\":\"Person\",\"@id\":\"https:\/\/www.isdin.com\/es\/blog\/#\/schema\/person\/528848368b26d62008cefcc29a52ade8\",\"name\":\"Sara Iborra\",\"image\":{\"@type\":\"ImageObject\",\"inLanguage\":\"es-ES\",\"@id\":\"https:\/\/www.isdin.com\/es\/blog\/#\/schema\/person\/image\/\",\"url\":\"https:\/\/www.isdin.com\/es\/blog\/wp-content\/uploads\/2025\/06\/9D01108F-CAC8-410E-9EE4-2ED3157C2AC5-2-1-1.jpeg\",\"contentUrl\":\"https:\/\/www.isdin.com\/es\/blog\/wp-content\/uploads\/2025\/06\/9D01108F-CAC8-410E-9EE4-2ED3157C2AC5-2-1-1.jpeg\",\"caption\":\"Sara Iborra\"},\"description\":\"Sara es copywriter creativa y estratega de marca. Vive entre palabras y conceptos, siempre con un ojo en las tendencias y otro en c\u00f3mo convertirlas en ideas que conecten. \u00bfSus imprescindibles? Un buen cacao y una crema solar facial bien ligera.\",\"url\":\"#molongui-disabled-link\"}]}<\/script>\n<!-- \/ Yoast SEO Premium plugin. -->","yoast_head_json":{"title":"Marta Pons: tu piel tiene voz y por qu\u00e9 escucharla puede cambiar la forma en que la cuidas - ISDIN","robots":{"index":"index","follow":"follow","max-snippet":"max-snippet:-1","max-image-preview":"max-image-preview:large","max-video-preview":"max-video-preview:-1"},"canonical":"https:\/\/www.isdin.com\/es\/blog\/marta-pons-tu-piel-tiene-voz-y-por-que-escucharla-puede-cambiar-la-forma-en-que-la-cuidas\/","og_locale":"es_ES","og_type":"article","og_title":"Marta Pons: tu piel tiene voz y por qu\u00e9 escucharla puede cambiar la forma en que la cuidas","og_description":"En el universo de la belleza \u2014ese territorio fascinante donde conviven innovaci\u00f3n cient\u00edfica, rituales de autocuidado y tendencias que nacen y desaparecen en cuesti\u00f3n de semanas\u2014 cada vez es m\u00e1s valioso encontrar voces capaces de aportar claridad. Marta Pons es una de ellas. Creadora de contenido especializada en dermocosm\u00e9tica, ha construido una comunidad que no&hellip;","og_url":"https:\/\/www.isdin.com\/es\/blog\/marta-pons-tu-piel-tiene-voz-y-por-que-escucharla-puede-cambiar-la-forma-en-que-la-cuidas\/","og_site_name":"ISDIN","article_publisher":"https:\/\/es-es.facebook.com\/ISDIN.official\/","article_published_time":"2026-03-18T13:24:22+00:00","article_modified_time":"2026-03-18T13:30:56+00:00","og_image":[{"width":1200,"height":760,"url":"https:\/\/www.isdin.com\/es\/blog\/wp-content\/uploads\/2026\/03\/Header-14.37.09.jpg","type":"image\/jpeg"}],"author":"Sara Iborra","twitter_card":"summary_large_image","twitter_creator":"@isdin_official","twitter_site":"@isdin_official","twitter_misc":{"Written by":"Sara Iborra","Est. reading time":"5 minutes"},"schema":{"@context":"https:\/\/schema.org","@graph":[{"@type":"Article","@id":"https:\/\/www.isdin.com\/es\/blog\/marta-pons-tu-piel-tiene-voz-y-por-que-escucharla-puede-cambiar-la-forma-en-que-la-cuidas\/#article","isPartOf":{"@id":"https:\/\/www.isdin.com\/es\/blog\/marta-pons-tu-piel-tiene-voz-y-por-que-escucharla-puede-cambiar-la-forma-en-que-la-cuidas\/"},"author":{"name":"Sara Iborra","@id":"https:\/\/www.isdin.com\/es\/blog\/#\/schema\/person\/528848368b26d62008cefcc29a52ade8"},"headline":"Marta Pons: tu piel tiene voz y por qu\u00e9 escucharla puede cambiar la forma en que la cuidas","datePublished":"2026-03-18T13:24:22+00:00","dateModified":"2026-03-18T13:30:56+00:00","mainEntityOfPage":{"@id":"https:\/\/www.isdin.com\/es\/blog\/marta-pons-tu-piel-tiene-voz-y-por-que-escucharla-puede-cambiar-la-forma-en-que-la-cuidas\/"},"wordCount":1032,"publisher":{"@id":"https:\/\/www.isdin.com\/es\/blog\/#organization"},"image":{"@id":"https:\/\/www.isdin.com\/es\/blog\/marta-pons-tu-piel-tiene-voz-y-por-que-escucharla-puede-cambiar-la-forma-en-que-la-cuidas\/#primaryimage"},"thumbnailUrl":"https:\/\/www.isdin.com\/es\/blog\/wp-content\/uploads\/2026\/03\/Header-14.37.09.jpg","articleSection":["Consejos y cuidados"],"inLanguage":"es-ES"},{"@type":"WebPage","@id":"https:\/\/www.isdin.com\/es\/blog\/marta-pons-tu-piel-tiene-voz-y-por-que-escucharla-puede-cambiar-la-forma-en-que-la-cuidas\/","url":"https:\/\/www.isdin.com\/es\/blog\/marta-pons-tu-piel-tiene-voz-y-por-que-escucharla-puede-cambiar-la-forma-en-que-la-cuidas\/","name":"Marta Pons: tu piel tiene voz y por qu\u00e9 escucharla puede cambiar la forma en que la cuidas - ISDIN","isPartOf":{"@id":"https:\/\/www.isdin.com\/es\/blog\/#website"},"primaryImageOfPage":{"@id":"https:\/\/www.isdin.com\/es\/blog\/marta-pons-tu-piel-tiene-voz-y-por-que-escucharla-puede-cambiar-la-forma-en-que-la-cuidas\/#primaryimage"},"image":{"@id":"https:\/\/www.isdin.com\/es\/blog\/marta-pons-tu-piel-tiene-voz-y-por-que-escucharla-puede-cambiar-la-forma-en-que-la-cuidas\/#primaryimage"},"thumbnailUrl":"https:\/\/www.isdin.com\/es\/blog\/wp-content\/uploads\/2026\/03\/Header-14.37.09.jpg","datePublished":"2026-03-18T13:24:22+00:00","dateModified":"2026-03-18T13:30:56+00:00","breadcrumb":{"@id":"https:\/\/www.isdin.com\/es\/blog\/marta-pons-tu-piel-tiene-voz-y-por-que-escucharla-puede-cambiar-la-forma-en-que-la-cuidas\/#breadcrumb"},"inLanguage":"es-ES","potentialAction":[{"@type":"ReadAction","target":["https:\/\/www.isdin.com\/es\/blog\/marta-pons-tu-piel-tiene-voz-y-por-que-escucharla-puede-cambiar-la-forma-en-que-la-cuidas\/"]}]},{"@type":"ImageObject","inLanguage":"es-ES","@id":"https:\/\/www.isdin.com\/es\/blog\/marta-pons-tu-piel-tiene-voz-y-por-que-escucharla-puede-cambiar-la-forma-en-que-la-cuidas\/#primaryimage","url":"https:\/\/www.isdin.com\/es\/blog\/wp-content\/uploads\/2026\/03\/Header-14.37.09.jpg","contentUrl":"https:\/\/www.isdin.com\/es\/blog\/wp-content\/uploads\/2026\/03\/Header-14.37.09.jpg","width":1200,"height":760,"caption":"Marta Pons"},{"@type":"BreadcrumbList","@id":"https:\/\/www.isdin.com\/es\/blog\/marta-pons-tu-piel-tiene-voz-y-por-que-escucharla-puede-cambiar-la-forma-en-que-la-cuidas\/#breadcrumb","itemListElement":[{"@type":"ListItem","position":1,"name":"Portada","item":"https:\/\/www.isdin.com\/es\/blog\/"},{"@type":"ListItem","position":2,"name":"Marta Pons: tu piel tiene voz y por qu\u00e9 escucharla puede cambiar la forma en que la cuidas"}]},{"@type":"WebSite","@id":"https:\/\/www.isdin.com\/es\/blog\/#website","url":"https:\/\/www.isdin.com\/es\/blog\/","name":"ISDIN","description":"Novedades, lanzamientos de productos y toda la experiencia de ISDIN","publisher":{"@id":"https:\/\/www.isdin.com\/es\/blog\/#organization"},"potentialAction":[{"@type":"SearchAction","target":{"@type":"EntryPoint","urlTemplate":"https:\/\/www.isdin.com\/es\/blog\/?s={search_term_string}"},"query-input":{"@type":"PropertyValueSpecification","valueRequired":true,"valueName":"search_term_string"}}],"inLanguage":"es-ES"},{"@type":"Organization","@id":"https:\/\/www.isdin.com\/es\/blog\/#organization","name":"ISDIN","alternateName":"ISDIN","url":"https:\/\/www.isdin.com\/es\/blog\/","logo":{"@type":"ImageObject","inLanguage":"es-ES","@id":"https:\/\/www.isdin.com\/es\/blog\/#\/schema\/logo\/image\/","url":"https:\/\/www.isdin.com\/es\/blog\/wp-content\/uploads\/2024\/05\/2025_03_GuiaFoto_FWM.png","contentUrl":"https:\/\/www.isdin.com\/es\/blog\/wp-content\/uploads\/2024\/05\/2025_03_GuiaFoto_FWM.png","width":670,"height":683,"caption":"ISDIN"},"image":{"@id":"https:\/\/www.isdin.com\/es\/blog\/#\/schema\/logo\/image\/"},"sameAs":["https:\/\/es-es.facebook.com\/ISDIN.official\/","https:\/\/x.com\/isdin_official","https:\/\/www.instagram.com\/isdinofficial","https:\/\/www.youtube.com\/channel\/UCtoNJMKpDwdFLqgV23_lcqg"],"telephone":"659997812"},{"@type":"Person","@id":"https:\/\/www.isdin.com\/es\/blog\/#\/schema\/person\/528848368b26d62008cefcc29a52ade8","name":"Sara Iborra","image":{"@type":"ImageObject","inLanguage":"es-ES","@id":"https:\/\/www.isdin.com\/es\/blog\/#\/schema\/person\/image\/","url":"https:\/\/www.isdin.com\/es\/blog\/wp-content\/uploads\/2025\/06\/9D01108F-CAC8-410E-9EE4-2ED3157C2AC5-2-1-1.jpeg","contentUrl":"https:\/\/www.isdin.com\/es\/blog\/wp-content\/uploads\/2025\/06\/9D01108F-CAC8-410E-9EE4-2ED3157C2AC5-2-1-1.jpeg","caption":"Sara Iborra"},"description":"Sara es copywriter creativa y estratega de marca. Vive entre palabras y conceptos, siempre con un ojo en las tendencias y otro en c\u00f3mo convertirlas en ideas que conecten. \u00bfSus imprescindibles? Un buen cacao y una crema solar facial bien ligera.","url":"#molongui-disabled-link"}]}},"_links":{"self":[{"href":"https:\/\/www.isdin.com\/es\/blog\/wp-json\/wp\/v2\/posts\/13363","targetHints":{"allow":["GET"]}}],"collection":[{"href":"https:\/\/www.isdin.com\/es\/blog\/wp-json\/wp\/v2\/posts"}],"about":[{"href":"https:\/\/www.isdin.com\/es\/blog\/wp-json\/wp\/v2\/types\/post"}],"author":[{"embeddable":true,"href":"https:\/\/www.isdin.com\/es\/blog\/wp-json\/wp\/v2\/users\/3"}],"replies":[{"embeddable":true,"href":"https:\/\/www.isdin.com\/es\/blog\/wp-json\/wp\/v2\/comments?post=13363"}],"version-history":[{"count":2,"href":"https:\/\/www.isdin.com\/es\/blog\/wp-json\/wp\/v2\/posts\/13363\/revisions"}],"predecessor-version":[{"id":13371,"href":"https:\/\/www.isdin.com\/es\/blog\/wp-json\/wp\/v2\/posts\/13363\/revisions\/13371"}],"wp:featuredmedia":[{"embeddable":true,"href":"https:\/\/www.isdin.com\/es\/blog\/wp-json\/wp\/v2\/media\/13366"}],"wp:attachment":[{"href":"https:\/\/www.isdin.com\/es\/blog\/wp-json\/wp\/v2\/media?parent=13363"}],"wp:term":[{"taxonomy":"category","embeddable":true,"href":"https:\/\/www.isdin.com\/es\/blog\/wp-json\/wp\/v2\/categories?post=13363"},{"taxonomy":"post_tag","embeddable":true,"href":"https:\/\/www.isdin.com\/es\/blog\/wp-json\/wp\/v2\/tags?post=13363"}],"curies":[{"name":"wp","href":"https:\/\/api.w.org\/{rel}","templated":true}]}}