{"id":12318,"date":"2025-07-22T13:15:00","date_gmt":"2025-07-22T13:15:00","guid":{"rendered":"https:\/\/www.isdin.com\/es\/blog\/?p=12318"},"modified":"2025-09-17T14:04:11","modified_gmt":"2025-09-17T14:04:11","slug":"somos-lo-que-cuidamos-una-invitacion-de-carlota-bruna-a-cuidar-el-planeta","status":"publish","type":"post","link":"https:\/\/www.isdin.com\/es\/blog\/somos-lo-que-cuidamos-una-invitacion-de-carlota-bruna-a-cuidar-el-planeta\/","title":{"rendered":"Somos lo que cuidamos: una invitaci\u00f3n de Carlota Bruna a cuidar el planeta"},"content":{"rendered":"\n<p>En un mundo que parece abrumado por el cambio clim\u00e1tico, donde las noticias a menudo pesan m\u00e1s que las esperanzas, surge <strong>una voz que irradia energ\u00eda positiva y acci\u00f3n con prop\u00f3sito: Carlota Bruna<\/strong>. En el \u00faltimo episodio del podcast <em>Happy Healthy Beautiful Lives<\/em> de ISDIN, la <strong>activista, nutricionista y divulgadora<\/strong> nos lleva de la mano por su viaje personal y profesional con un mantra poderoso y sencillo: <em>Somos lo que cuidamos<\/em>.<\/p>\n\n\n\n<p>M\u00e1s que un eslogan, esta frase encierra una filosof\u00eda de vida que une salud, sostenibilidad y amor por los animales. Carlota nos recuerda que <strong>la sostenibilidad no es una meta inalcanzable ni un lujo reservado para pocos, sino una pr\u00e1ctica que se construye en cada decisi\u00f3n que tomamos<\/strong>, desde el desayuno hasta la forma en que nos movemos por la ciudad. <\/p>\n\n\n\n<p>Una filosof\u00eda que tambi\u00e9n nos inspira en ISDIN: a <strong>cuidar de las personas sin olvidar el cuidado del planeta,<\/strong> a <strong>innovar con responsabilidad<\/strong> y a elegir siempre el camino m\u00e1s respetuoso con nuestro entorno. Porque creemos que el bienestar verdadero solo es posible cuando se hace desde el equilibrio.<\/p>\n\n\n\n<h2 class=\"wp-block-heading\" id=\"h-un-despertar-temprano-frente-a-la-crisis-ambiental\">Un despertar temprano frente a la crisis ambiental<\/h2>\n\n\n\n<figure class=\"wp-block-image size-large\"><img loading=\"lazy\" decoding=\"async\" width=\"1024\" height=\"527\" src=\"data:image\/gif;base64,R0lGODlhAQABAAAAACH5BAEKAAEALAAAAAABAAEAAAICTAEAOw==\" data-src=\"https:\/\/www.isdin.com\/es\/blog\/wp-content\/uploads\/2025\/07\/Un-despertar-temprano-1-1024x527.png\" alt=\"carlota bruna y jane goodall\" class=\"wp-image-12324 lazyload\" data-sizes=\"auto\" data-srcset=\"https:\/\/www.isdin.com\/es\/blog\/wp-content\/uploads\/2025\/07\/Un-despertar-temprano-1-1024x527.png 1024w, https:\/\/www.isdin.com\/es\/blog\/wp-content\/uploads\/2025\/07\/Un-despertar-temprano-1-300x155.png 300w, https:\/\/www.isdin.com\/es\/blog\/wp-content\/uploads\/2025\/07\/Un-despertar-temprano-1-150x77.png 150w, https:\/\/www.isdin.com\/es\/blog\/wp-content\/uploads\/2025\/07\/Un-despertar-temprano-1-768x396.png 768w, https:\/\/www.isdin.com\/es\/blog\/wp-content\/uploads\/2025\/07\/Un-despertar-temprano-1-585x300.png 585w, https:\/\/www.isdin.com\/es\/blog\/wp-content\/uploads\/2025\/07\/Un-despertar-temprano-1-450x232.png 450w, https:\/\/www.isdin.com\/es\/blog\/wp-content\/uploads\/2025\/07\/Un-despertar-temprano-1-20x11.png 20w, https:\/\/www.isdin.com\/es\/blog\/wp-content\/uploads\/2025\/07\/Un-despertar-temprano-1-225x116.png 225w, https:\/\/www.isdin.com\/es\/blog\/wp-content\/uploads\/2025\/07\/Un-despertar-temprano-1-900x464.png 900w, https:\/\/www.isdin.com\/es\/blog\/wp-content\/uploads\/2025\/07\/Un-despertar-temprano-1.png 1200w\" sizes=\"auto, (max-width: 1024px) 100vw, 1024px\" \/><\/figure>\n\n\n\n<p><\/p>\n\n\n\n<p>La conciencia ambiental de Carlota despert\u00f3 muy joven, influenciada tambi\u00e9n por <strong>su familia<\/strong>. Su abuela y su madre le ayudaron mucho a desarrollar el sentimiento de empat\u00eda. Su abuela sol\u00eda decirle: <strong>\u201cla tierra nos est\u00e1 hablando, y nos est\u00e1 diciendo que est\u00e1 sufriendo mucho\u201d<\/strong>. Aunque en ese momento Carlota no lo entend\u00eda, esa idea plant\u00f3 una semilla en ella.<\/p>\n\n\n\n<p>Cuando las palabras \u201ccambio clim\u00e1tico\u201d comenzaban a aparecer en los medios y las im\u00e1genes de incendios forestales o especies desapareciendo le generaban una mezcla de tristeza e impotencia, lejos de quedarse paralizada, encontr\u00f3 en <a href=\"https:\/\/janegoodall.es\/es\/biografia.html\">Jane Goodall<\/a> una inspiraci\u00f3n que le hizo comprender algo fundamental: <strong>cada persona puede marcar la diferencia, por peque\u00f1a que sea<\/strong>. Esa semilla fue la chispa que la impuls\u00f3 a usar las redes sociales para compartir esperanza y mostrar caminos posibles hacia un futuro m\u00e1s sostenible.<\/p>\n\n\n\n<h2 class=\"wp-block-heading\" id=\"h-activismo-en-la-vida-real-cada-dia-cuenta\">Activismo en la vida real: cada d\u00eda cuenta<\/h2>\n\n\n\n<p>Para Carlota, <a href=\"https:\/\/www.isdin.com\/es\/blog\/isdin-2030-piel-planeta-objetivo\/\">cuidar el planeta<\/a> no es solo sumarse a grandes causas o manifestaciones, sino transformar nuestra vida cotidiana. <strong>Desde c\u00f3mo comemos, c\u00f3mo elegimos nuestra ropa o hasta c\u00f3mo nos desplazamos, todo importa.<\/strong> \u201cHay tantas cosas que puede hacer una persona a nivel individual\u201d, dice, porque el poder no est\u00e1 solo en manos de empresas o gobiernos, sino en las decisiones que tomamos d\u00eda a d\u00eda.<\/p>\n\n\n\n<blockquote class=\"wp-block-quote is-layout-flow wp-block-quote-is-layout-flow\">\n<p>\u201cHay tantas cosas que puede hacer una persona a nivel individual\u201d.<\/p>\n<cite>Carlota Bruna, divulgadora y activista por el medio ambiente.<\/cite><\/blockquote>\n\n\n\n<figure class=\"wp-block-embed is-type-rich is-provider-instagram wp-block-embed-instagram\"><div class=\"wp-block-embed__wrapper\">\n<div class=\"sbi-embed-wrap\"><blockquote class=\"instagram-media sbi-embed\" data-instgrm-captioned data-instgrm-permalink=\"https:\/\/www.instagram.com\/p\/DI1r1MmN7Vz\/?utm_source=ig_embed&amp;utm_campaign=loading\" data-instgrm-version=\"14\" style=\" background:#FFF; border:0; border-radius:3px; box-shadow:0 0 1px 0 rgba(0,0,0,0.5),0 1px 10px 0 rgba(0,0,0,0.15); margin: 1px; max-width:500px; min-width:326px; padding:0; width:99.375%; width:-webkit-calc(100% - 2px); width:calc(100% - 2px);\"><div style=\"padding:16px;\"> <a href=\"https:\/\/www.instagram.com\/p\/DI1r1MmN7Vz\/?utm_source=ig_embed&amp;utm_campaign=loading\" style=\" background:#FFFFFF; line-height:0; padding:0 0; text-align:center; text-decoration:none; width:100%;\" target=\"_blank\"> <div style=\" display: flex; flex-direction: row; align-items: center;\"> <div style=\"background-color: #F4F4F4; border-radius: 50%; flex-grow: 0; height: 40px; margin-right: 14px; width: 40px;\"><\/div> <div style=\"display: flex; flex-direction: column; flex-grow: 1; justify-content: center;\"> <div style=\" background-color: #F4F4F4; border-radius: 4px; flex-grow: 0; height: 14px; margin-bottom: 6px; width: 100px;\"><\/div> <div style=\" background-color: #F4F4F4; border-radius: 4px; flex-grow: 0; height: 14px; width: 60px;\"><\/div><\/div><\/div><div style=\"padding: 19% 0;\"><\/div> <div style=\"display:block; height:50px; margin:0 auto 12px; width:50px;\"><svg width=\"50px\" height=\"50px\" viewBox=\"0 0 60 60\" version=\"1.1\" xmlns=\"https:\/\/www.w3.org\/2000\/svg\" xmlns:xlink=\"https:\/\/www.w3.org\/1999\/xlink\"><g stroke=\"none\" stroke-width=\"1\" fill=\"none\" fill-rule=\"evenodd\"><g transform=\"translate(-511.000000, -20.000000)\" fill=\"#000000\"><g><path d=\"M556.869,30.41 C554.814,30.41 553.148,32.076 553.148,34.131 C553.148,36.186 554.814,37.852 556.869,37.852 C558.924,37.852 560.59,36.186 560.59,34.131 C560.59,32.076 558.924,30.41 556.869,30.41 M541,60.657 C535.114,60.657 530.342,55.887 530.342,50 C530.342,44.114 535.114,39.342 541,39.342 C546.887,39.342 551.658,44.114 551.658,50 C551.658,55.887 546.887,60.657 541,60.657 M541,33.886 C532.1,33.886 524.886,41.1 524.886,50 C524.886,58.899 532.1,66.113 541,66.113 C549.9,66.113 557.115,58.899 557.115,50 C557.115,41.1 549.9,33.886 541,33.886 M565.378,62.101 C565.244,65.022 564.756,66.606 564.346,67.663 C563.803,69.06 563.154,70.057 562.106,71.106 C561.058,72.155 560.06,72.803 558.662,73.347 C557.607,73.757 556.021,74.244 553.102,74.378 C549.944,74.521 548.997,74.552 541,74.552 C533.003,74.552 532.056,74.521 528.898,74.378 C525.979,74.244 524.393,73.757 523.338,73.347 C521.94,72.803 520.942,72.155 519.894,71.106 C518.846,70.057 518.197,69.06 517.654,67.663 C517.244,66.606 516.755,65.022 516.623,62.101 C516.479,58.943 516.448,57.996 516.448,50 C516.448,42.003 516.479,41.056 516.623,37.899 C516.755,34.978 517.244,33.391 517.654,32.338 C518.197,30.938 518.846,29.942 519.894,28.894 C520.942,27.846 521.94,27.196 523.338,26.654 C524.393,26.244 525.979,25.756 528.898,25.623 C532.057,25.479 533.004,25.448 541,25.448 C548.997,25.448 549.943,25.479 553.102,25.623 C556.021,25.756 557.607,26.244 558.662,26.654 C560.06,27.196 561.058,27.846 562.106,28.894 C563.154,29.942 563.803,30.938 564.346,32.338 C564.756,33.391 565.244,34.978 565.378,37.899 C565.522,41.056 565.552,42.003 565.552,50 C565.552,57.996 565.522,58.943 565.378,62.101 M570.82,37.631 C570.674,34.438 570.167,32.258 569.425,30.349 C568.659,28.377 567.633,26.702 565.965,25.035 C564.297,23.368 562.623,22.342 560.652,21.575 C558.743,20.834 556.562,20.326 553.369,20.18 C550.169,20.033 549.148,20 541,20 C532.853,20 531.831,20.033 528.631,20.18 C525.438,20.326 523.257,20.834 521.349,21.575 C519.376,22.342 517.703,23.368 516.035,25.035 C514.368,26.702 513.342,28.377 512.574,30.349 C511.834,32.258 511.326,34.438 511.181,37.631 C511.035,40.831 511,41.851 511,50 C511,58.147 511.035,59.17 511.181,62.369 C511.326,65.562 511.834,67.743 512.574,69.651 C513.342,71.625 514.368,73.296 516.035,74.965 C517.703,76.634 519.376,77.658 521.349,78.425 C523.257,79.167 525.438,79.673 528.631,79.82 C531.831,79.965 532.853,80.001 541,80.001 C549.148,80.001 550.169,79.965 553.369,79.82 C556.562,79.673 558.743,79.167 560.652,78.425 C562.623,77.658 564.297,76.634 565.965,74.965 C567.633,73.296 568.659,71.625 569.425,69.651 C570.167,67.743 570.674,65.562 570.82,62.369 C570.966,59.17 571,58.147 571,50 C571,41.851 570.966,40.831 570.82,37.631\"><\/path><\/g><\/g><\/g><\/svg><\/div><div style=\"padding-top: 8px;\"> <div style=\" color:#3897f0; font-family:Arial,sans-serif; font-size:14px; font-style:normal; font-weight:550; line-height:18px;\">View this post on Instagram<\/div><\/div><div style=\"padding: 12.5% 0;\"><\/div> <div style=\"display: flex; flex-direction: row; margin-bottom: 14px; align-items: center;\"><div> <div style=\"background-color: #F4F4F4; border-radius: 50%; height: 12.5px; width: 12.5px; transform: translateX(0px) translateY(7px);\"><\/div> <div style=\"background-color: #F4F4F4; height: 12.5px; transform: rotate(-45deg) translateX(3px) translateY(1px); width: 12.5px; flex-grow: 0; margin-right: 14px; margin-left: 2px;\"><\/div> <div style=\"background-color: #F4F4F4; border-radius: 50%; height: 12.5px; width: 12.5px; transform: translateX(9px) translateY(-18px);\"><\/div><\/div><div style=\"margin-left: 8px;\"> <div style=\" background-color: #F4F4F4; border-radius: 50%; flex-grow: 0; height: 20px; width: 20px;\"><\/div> <div style=\" width: 0; height: 0; border-top: 2px solid transparent; border-left: 6px solid #f4f4f4; border-bottom: 2px solid transparent; transform: translateX(16px) translateY(-4px) rotate(30deg)\"><\/div><\/div><div style=\"margin-left: auto;\"> <div style=\" width: 0px; border-top: 8px solid #F4F4F4; border-right: 8px solid transparent; transform: translateY(16px);\"><\/div> <div style=\" background-color: #F4F4F4; flex-grow: 0; height: 12px; width: 16px; transform: translateY(-4px);\"><\/div> <div style=\" width: 0; height: 0; border-top: 8px solid #F4F4F4; border-left: 8px solid transparent; transform: translateY(-4px) translateX(8px);\"><\/div><\/div><\/div> <div style=\"display: flex; flex-direction: column; flex-grow: 1; justify-content: center; margin-bottom: 24px;\"> <div style=\" background-color: #F4F4F4; border-radius: 4px; flex-grow: 0; height: 14px; margin-bottom: 6px; width: 224px;\"><\/div> <div style=\" background-color: #F4F4F4; border-radius: 4px; flex-grow: 0; height: 14px; width: 144px;\"><\/div><\/div><\/a><p style=\" color:#c9c8cd; font-family:Arial,sans-serif; font-size:14px; line-height:17px; margin-bottom:0; margin-top:8px; overflow:hidden; padding:8px 0 7px; text-align:center; text-overflow:ellipsis; white-space:nowrap;\"><a href=\"https:\/\/www.instagram.com\/p\/DI1r1MmN7Vz\/?utm_source=ig_embed&amp;utm_campaign=loading\" style=\" color:#c9c8cd; font-family:Arial,sans-serif; font-size:14px; font-style:normal; font-weight:normal; line-height:17px; text-decoration:none;\" target=\"_blank\">A post shared by CARLOTA BRUNA (@carlotabruna)<\/a><\/p><\/div><\/blockquote><script async src=\"\/\/platform.instagram.com\/en_US\/embeds.js\"><\/script><\/div>\n<\/div><\/figure>\n\n\n\n<p>Su compromiso se refuerza con su papel como embajadora del <a href=\"https:\/\/climate-pact.europa.eu\/about\/about-pact_es\">Pacto Europeo por el Clima<\/a>, una red vibrante que re\u00fane a personas, instituciones y empresas unidas por el mismo objetivo: proteger el planeta. Para Carlota, formar parte de esta comunidad es como un refugio y un motor constante que la inspira a vivir y compartir ese mensaje con autenticidad.<\/p>\n\n\n\n<h2 class=\"wp-block-heading\" id=\"h-mediterraneo-su-hogar-azul-y-fragil\">Mediterr\u00e1neo, su hogar azul y fr\u00e1gil<\/h2>\n\n\n\n<figure class=\"wp-block-image size-large\"><img loading=\"lazy\" decoding=\"async\" width=\"1024\" height=\"527\" src=\"data:image\/gif;base64,R0lGODlhAQABAAAAACH5BAEKAAEALAAAAAABAAEAAAICTAEAOw==\" data-src=\"https:\/\/www.isdin.com\/es\/blog\/wp-content\/uploads\/2025\/07\/Mediterraneano-1-1-1024x527.png\" alt=\"mar mediterr\u00e1neo salvar acci\u00f3n oc\u00e9anos\" class=\"wp-image-12323 lazyload\" data-sizes=\"auto\" data-srcset=\"https:\/\/www.isdin.com\/es\/blog\/wp-content\/uploads\/2025\/07\/Mediterraneano-1-1-1024x527.png 1024w, https:\/\/www.isdin.com\/es\/blog\/wp-content\/uploads\/2025\/07\/Mediterraneano-1-1-300x155.png 300w, https:\/\/www.isdin.com\/es\/blog\/wp-content\/uploads\/2025\/07\/Mediterraneano-1-1-150x77.png 150w, https:\/\/www.isdin.com\/es\/blog\/wp-content\/uploads\/2025\/07\/Mediterraneano-1-1-768x396.png 768w, https:\/\/www.isdin.com\/es\/blog\/wp-content\/uploads\/2025\/07\/Mediterraneano-1-1-585x300.png 585w, https:\/\/www.isdin.com\/es\/blog\/wp-content\/uploads\/2025\/07\/Mediterraneano-1-1-450x232.png 450w, https:\/\/www.isdin.com\/es\/blog\/wp-content\/uploads\/2025\/07\/Mediterraneano-1-1-20x11.png 20w, https:\/\/www.isdin.com\/es\/blog\/wp-content\/uploads\/2025\/07\/Mediterraneano-1-1-225x116.png 225w, https:\/\/www.isdin.com\/es\/blog\/wp-content\/uploads\/2025\/07\/Mediterraneano-1-1-900x464.png 900w, https:\/\/www.isdin.com\/es\/blog\/wp-content\/uploads\/2025\/07\/Mediterraneano-1-1.png 1200w\" sizes=\"auto, (max-width: 1024px) 100vw, 1024px\" \/><\/figure>\n\n\n\n<p><\/p>\n\n\n\n<p>El Mediterr\u00e1neo es para Carlota mucho m\u00e1s que un mar; <strong>es su hogar, la tierra que la vio crecer y que hoy sufre la amenaza de la contaminaci\u00f3n, el abandono y el cambio clim\u00e1tico<\/strong>. Esta realidad no solo la conmueve profundamente, sino que tambi\u00e9n la impulsa a actuar y apoyar iniciativas concretas que buscan <a href=\"https:\/\/www.accionoceanos.org\/\">devolverle al mar su esplendor<\/a> y salud. Entre ellas, destacan los <a href=\"https:\/\/www.bluewavealliance.org\/bwdays\/2025\/bluewave-days-2025\"><strong>Bluewave Days<\/strong><\/a>, un proyecto que desde ISDIN impulsamos con pasi\u00f3n y compromiso.<\/p>\n\n\n\n<p>Para Carlota, apoyar este tipo de iniciativas es fundamental porque cree firmemente que <strong>solo a trav\u00e9s de la colaboraci\u00f3n y el compromiso colectivo ser\u00e1 posible revertir el da\u00f1o causado al <a href=\"https:\/\/www.isdin.com\/es\/blog\/el-mediterraneo-fuente-de-vida-e-inspiracion\/\">Mediterr\u00e1neo<\/a><\/strong>. No se trata solo de proteger un paisaje bonito, sino de preservar un ecosistema vital que sostiene la vida, la cultura y la econom\u00eda de millones de personas.<\/p>\n\n\n\n<p>\u201cLa combinaci\u00f3n de todos \u2014empresas, cient\u00edficos, so\u00f1adores y gobiernos\u2014 es la clave para que la esperanza se convierta en cambio real\u201d, afirma con la convicci\u00f3n de quien ama profundamente su tierra y sabe que el futuro est\u00e1 en manos de quienes deciden cuidar y actuar hoy.<\/p>\n\n\n\n<h2 class=\"wp-block-heading\" id=\"h-cuerpo-y-mente-en-sintonia-con-la-naturaleza\">Cuerpo y mente en sinton\u00eda con la naturaleza<\/h2>\n\n\n\n<figure class=\"wp-block-image size-large\"><img loading=\"lazy\" decoding=\"async\" width=\"1024\" height=\"527\" src=\"data:image\/gif;base64,R0lGODlhAQABAAAAACH5BAEKAAEALAAAAAABAAEAAAICTAEAOw==\" data-src=\"https:\/\/www.isdin.com\/es\/blog\/wp-content\/uploads\/2025\/07\/El-cambio-empieza-3-1-1024x527.png\" alt=\"influencer carlota bruna abrazando a un rinoceronte\" class=\"wp-image-12322 lazyload\" data-sizes=\"auto\" data-srcset=\"https:\/\/www.isdin.com\/es\/blog\/wp-content\/uploads\/2025\/07\/El-cambio-empieza-3-1-1024x527.png 1024w, https:\/\/www.isdin.com\/es\/blog\/wp-content\/uploads\/2025\/07\/El-cambio-empieza-3-1-300x155.png 300w, https:\/\/www.isdin.com\/es\/blog\/wp-content\/uploads\/2025\/07\/El-cambio-empieza-3-1-150x77.png 150w, https:\/\/www.isdin.com\/es\/blog\/wp-content\/uploads\/2025\/07\/El-cambio-empieza-3-1-768x396.png 768w, https:\/\/www.isdin.com\/es\/blog\/wp-content\/uploads\/2025\/07\/El-cambio-empieza-3-1-585x300.png 585w, https:\/\/www.isdin.com\/es\/blog\/wp-content\/uploads\/2025\/07\/El-cambio-empieza-3-1-450x232.png 450w, https:\/\/www.isdin.com\/es\/blog\/wp-content\/uploads\/2025\/07\/El-cambio-empieza-3-1-20x11.png 20w, https:\/\/www.isdin.com\/es\/blog\/wp-content\/uploads\/2025\/07\/El-cambio-empieza-3-1-225x116.png 225w, https:\/\/www.isdin.com\/es\/blog\/wp-content\/uploads\/2025\/07\/El-cambio-empieza-3-1-900x464.png 900w, https:\/\/www.isdin.com\/es\/blog\/wp-content\/uploads\/2025\/07\/El-cambio-empieza-3-1.png 1200w\" sizes=\"auto, (max-width: 1024px) 100vw, 1024px\" \/><\/figure>\n\n\n\n<p><\/p>\n\n\n\n<p>Para Carlota, <strong>cuidar el planeta va de la mano con cuidar de nosotros mismos<\/strong>. La <a href=\"https:\/\/www.isdin.com\/es\/blog\/alimentacion-para-una-piel-sana\/\">alimentaci\u00f3n<\/a> es una parte esencial de ese cuidado: su decisi\u00f3n de hacerse vegana, como cuenta en su primer libro \u201c<a href=\"https:\/\/www.casadellibro.com\/libro-camino-a-un-mundo-vegano\/9788417773663\/9665071?srsltid=AfmBOop1PB0pq_LjP0TP7SQkl53vT2PAT0Jcv6anQCylnvCjQyDKVQJD\">Camino a un mundo vegano<\/a>\u201d, fue firme y desde el coraz\u00f3n, aunque reconoce que cada persona debe encontrar su propio ritmo para reducir el consumo de productos animales, <strong>sin presiones ni buscar la perfecci\u00f3n<\/strong>. Lo fundamental es que el cambio sea sostenible en el tiempo y hecho desde la coherencia personal.<\/p>\n\n\n\n<figure class=\"wp-block-embed is-type-rich is-provider-instagram wp-block-embed-instagram\"><div class=\"wp-block-embed__wrapper\">\n<div class=\"sbi-embed-wrap\"><blockquote class=\"instagram-media sbi-embed\" data-instgrm-captioned data-instgrm-permalink=\"https:\/\/www.instagram.com\/p\/DL0SNTuNiFw\/?utm_source=ig_embed&amp;utm_campaign=loading\" data-instgrm-version=\"14\" style=\" background:#FFF; border:0; border-radius:3px; box-shadow:0 0 1px 0 rgba(0,0,0,0.5),0 1px 10px 0 rgba(0,0,0,0.15); margin: 1px; max-width:500px; min-width:326px; padding:0; width:99.375%; width:-webkit-calc(100% - 2px); width:calc(100% - 2px);\"><div style=\"padding:16px;\"> <a href=\"https:\/\/www.instagram.com\/p\/DL0SNTuNiFw\/?utm_source=ig_embed&amp;utm_campaign=loading\" style=\" background:#FFFFFF; line-height:0; padding:0 0; text-align:center; text-decoration:none; width:100%;\" target=\"_blank\"> <div style=\" display: flex; flex-direction: row; align-items: center;\"> <div style=\"background-color: #F4F4F4; border-radius: 50%; flex-grow: 0; height: 40px; margin-right: 14px; width: 40px;\"><\/div> <div style=\"display: flex; flex-direction: column; flex-grow: 1; justify-content: center;\"> <div style=\" background-color: #F4F4F4; border-radius: 4px; flex-grow: 0; height: 14px; margin-bottom: 6px; width: 100px;\"><\/div> <div style=\" background-color: #F4F4F4; border-radius: 4px; flex-grow: 0; height: 14px; width: 60px;\"><\/div><\/div><\/div><div style=\"padding: 19% 0;\"><\/div> <div style=\"display:block; height:50px; margin:0 auto 12px; width:50px;\"><svg width=\"50px\" height=\"50px\" viewBox=\"0 0 60 60\" version=\"1.1\" xmlns=\"https:\/\/www.w3.org\/2000\/svg\" xmlns:xlink=\"https:\/\/www.w3.org\/1999\/xlink\"><g stroke=\"none\" stroke-width=\"1\" fill=\"none\" fill-rule=\"evenodd\"><g transform=\"translate(-511.000000, -20.000000)\" fill=\"#000000\"><g><path d=\"M556.869,30.41 C554.814,30.41 553.148,32.076 553.148,34.131 C553.148,36.186 554.814,37.852 556.869,37.852 C558.924,37.852 560.59,36.186 560.59,34.131 C560.59,32.076 558.924,30.41 556.869,30.41 M541,60.657 C535.114,60.657 530.342,55.887 530.342,50 C530.342,44.114 535.114,39.342 541,39.342 C546.887,39.342 551.658,44.114 551.658,50 C551.658,55.887 546.887,60.657 541,60.657 M541,33.886 C532.1,33.886 524.886,41.1 524.886,50 C524.886,58.899 532.1,66.113 541,66.113 C549.9,66.113 557.115,58.899 557.115,50 C557.115,41.1 549.9,33.886 541,33.886 M565.378,62.101 C565.244,65.022 564.756,66.606 564.346,67.663 C563.803,69.06 563.154,70.057 562.106,71.106 C561.058,72.155 560.06,72.803 558.662,73.347 C557.607,73.757 556.021,74.244 553.102,74.378 C549.944,74.521 548.997,74.552 541,74.552 C533.003,74.552 532.056,74.521 528.898,74.378 C525.979,74.244 524.393,73.757 523.338,73.347 C521.94,72.803 520.942,72.155 519.894,71.106 C518.846,70.057 518.197,69.06 517.654,67.663 C517.244,66.606 516.755,65.022 516.623,62.101 C516.479,58.943 516.448,57.996 516.448,50 C516.448,42.003 516.479,41.056 516.623,37.899 C516.755,34.978 517.244,33.391 517.654,32.338 C518.197,30.938 518.846,29.942 519.894,28.894 C520.942,27.846 521.94,27.196 523.338,26.654 C524.393,26.244 525.979,25.756 528.898,25.623 C532.057,25.479 533.004,25.448 541,25.448 C548.997,25.448 549.943,25.479 553.102,25.623 C556.021,25.756 557.607,26.244 558.662,26.654 C560.06,27.196 561.058,27.846 562.106,28.894 C563.154,29.942 563.803,30.938 564.346,32.338 C564.756,33.391 565.244,34.978 565.378,37.899 C565.522,41.056 565.552,42.003 565.552,50 C565.552,57.996 565.522,58.943 565.378,62.101 M570.82,37.631 C570.674,34.438 570.167,32.258 569.425,30.349 C568.659,28.377 567.633,26.702 565.965,25.035 C564.297,23.368 562.623,22.342 560.652,21.575 C558.743,20.834 556.562,20.326 553.369,20.18 C550.169,20.033 549.148,20 541,20 C532.853,20 531.831,20.033 528.631,20.18 C525.438,20.326 523.257,20.834 521.349,21.575 C519.376,22.342 517.703,23.368 516.035,25.035 C514.368,26.702 513.342,28.377 512.574,30.349 C511.834,32.258 511.326,34.438 511.181,37.631 C511.035,40.831 511,41.851 511,50 C511,58.147 511.035,59.17 511.181,62.369 C511.326,65.562 511.834,67.743 512.574,69.651 C513.342,71.625 514.368,73.296 516.035,74.965 C517.703,76.634 519.376,77.658 521.349,78.425 C523.257,79.167 525.438,79.673 528.631,79.82 C531.831,79.965 532.853,80.001 541,80.001 C549.148,80.001 550.169,79.965 553.369,79.82 C556.562,79.673 558.743,79.167 560.652,78.425 C562.623,77.658 564.297,76.634 565.965,74.965 C567.633,73.296 568.659,71.625 569.425,69.651 C570.167,67.743 570.674,65.562 570.82,62.369 C570.966,59.17 571,58.147 571,50 C571,41.851 570.966,40.831 570.82,37.631\"><\/path><\/g><\/g><\/g><\/svg><\/div><div style=\"padding-top: 8px;\"> <div style=\" color:#3897f0; font-family:Arial,sans-serif; font-size:14px; font-style:normal; font-weight:550; line-height:18px;\">View this post on Instagram<\/div><\/div><div style=\"padding: 12.5% 0;\"><\/div> <div style=\"display: flex; flex-direction: row; margin-bottom: 14px; align-items: center;\"><div> <div style=\"background-color: #F4F4F4; border-radius: 50%; height: 12.5px; width: 12.5px; transform: translateX(0px) translateY(7px);\"><\/div> <div style=\"background-color: #F4F4F4; height: 12.5px; transform: rotate(-45deg) translateX(3px) translateY(1px); width: 12.5px; flex-grow: 0; margin-right: 14px; margin-left: 2px;\"><\/div> <div style=\"background-color: #F4F4F4; border-radius: 50%; height: 12.5px; width: 12.5px; transform: translateX(9px) translateY(-18px);\"><\/div><\/div><div style=\"margin-left: 8px;\"> <div style=\" background-color: #F4F4F4; border-radius: 50%; flex-grow: 0; height: 20px; width: 20px;\"><\/div> <div style=\" width: 0; height: 0; border-top: 2px solid transparent; border-left: 6px solid #f4f4f4; border-bottom: 2px solid transparent; transform: translateX(16px) translateY(-4px) rotate(30deg)\"><\/div><\/div><div style=\"margin-left: auto;\"> <div style=\" width: 0px; border-top: 8px solid #F4F4F4; border-right: 8px solid transparent; transform: translateY(16px);\"><\/div> <div style=\" background-color: #F4F4F4; flex-grow: 0; height: 12px; width: 16px; transform: translateY(-4px);\"><\/div> <div style=\" width: 0; height: 0; border-top: 8px solid #F4F4F4; border-left: 8px solid transparent; transform: translateY(-4px) translateX(8px);\"><\/div><\/div><\/div> <div style=\"display: flex; flex-direction: column; flex-grow: 1; justify-content: center; margin-bottom: 24px;\"> <div style=\" background-color: #F4F4F4; border-radius: 4px; flex-grow: 0; height: 14px; margin-bottom: 6px; width: 224px;\"><\/div> <div style=\" background-color: #F4F4F4; border-radius: 4px; flex-grow: 0; height: 14px; width: 144px;\"><\/div><\/div><\/a><p style=\" color:#c9c8cd; font-family:Arial,sans-serif; font-size:14px; line-height:17px; margin-bottom:0; margin-top:8px; overflow:hidden; padding:8px 0 7px; text-align:center; text-overflow:ellipsis; white-space:nowrap;\"><a href=\"https:\/\/www.instagram.com\/p\/DL0SNTuNiFw\/?utm_source=ig_embed&amp;utm_campaign=loading\" style=\" color:#c9c8cd; font-family:Arial,sans-serif; font-size:14px; font-style:normal; font-weight:normal; line-height:17px; text-decoration:none;\" target=\"_blank\">A post shared by CARLOTA BRUNA (@carlotabruna)<\/a><\/p><\/div><\/blockquote><script async src=\"\/\/platform.instagram.com\/en_US\/embeds.js\"><\/script><\/div>\n<\/div><\/figure>\n\n\n\n<p>Pero cuidarse no termina en el plato. <strong>Carlota integra en su d\u00eda a d\u00eda <a href=\"https:\/\/www.isdin.com\/es\/blog\/de-meta-a-habito-la-clave-para-el-exito\/\">h\u00e1bitos<\/a> que le permiten alinear cuerpo y mente con la naturaleza<\/strong>. Practica <strong>deporte al aire libre, medita y acude a terapia<\/strong>, porque para ella <strong>la salud mental es la prioridad n\u00famero uno<\/strong>. Estar en contacto con la naturaleza, disfrutando del momento presente y rodeada de las personas que ama, es la fuente de felicidad aut\u00e9ntica que la conecta con lo que realmente importa.<\/p>\n\n\n\n<h2 class=\"wp-block-heading\" id=\"h-el-cambio-empieza-ahora\">El cambio empieza ahora<\/h2>\n\n\n\n<figure class=\"wp-block-image size-large\"><img loading=\"lazy\" decoding=\"async\" width=\"1024\" height=\"527\" src=\"data:image\/gif;base64,R0lGODlhAQABAAAAACH5BAEKAAEALAAAAAABAAEAAAICTAEAOw==\" data-src=\"https:\/\/www.isdin.com\/es\/blog\/wp-content\/uploads\/2025\/07\/Libro-Carlota-Bruna-1-1024x527.png\" alt=\"huerto de vegetales y frutas\" class=\"wp-image-12321 lazyload\" data-sizes=\"auto\" data-srcset=\"https:\/\/www.isdin.com\/es\/blog\/wp-content\/uploads\/2025\/07\/Libro-Carlota-Bruna-1-1024x527.png 1024w, https:\/\/www.isdin.com\/es\/blog\/wp-content\/uploads\/2025\/07\/Libro-Carlota-Bruna-1-300x155.png 300w, https:\/\/www.isdin.com\/es\/blog\/wp-content\/uploads\/2025\/07\/Libro-Carlota-Bruna-1-150x77.png 150w, https:\/\/www.isdin.com\/es\/blog\/wp-content\/uploads\/2025\/07\/Libro-Carlota-Bruna-1-768x396.png 768w, https:\/\/www.isdin.com\/es\/blog\/wp-content\/uploads\/2025\/07\/Libro-Carlota-Bruna-1-585x300.png 585w, https:\/\/www.isdin.com\/es\/blog\/wp-content\/uploads\/2025\/07\/Libro-Carlota-Bruna-1-450x232.png 450w, https:\/\/www.isdin.com\/es\/blog\/wp-content\/uploads\/2025\/07\/Libro-Carlota-Bruna-1-20x11.png 20w, https:\/\/www.isdin.com\/es\/blog\/wp-content\/uploads\/2025\/07\/Libro-Carlota-Bruna-1-225x116.png 225w, https:\/\/www.isdin.com\/es\/blog\/wp-content\/uploads\/2025\/07\/Libro-Carlota-Bruna-1-900x464.png 900w, https:\/\/www.isdin.com\/es\/blog\/wp-content\/uploads\/2025\/07\/Libro-Carlota-Bruna-1.png 1200w\" sizes=\"auto, (max-width: 1024px) 100vw, 1024px\" \/><\/figure>\n\n\n\n<p><\/p>\n\n\n\n<p>El mensaje de Carlota busca <strong>la acci\u00f3n desde lo posible<\/strong>. \u00bfSus <em>tips<\/em> principales?<\/p>\n\n\n\n<ul class=\"wp-block-list\">\n<li>Reducir el consumo.<\/li>\n\n\n\n<li>Elegir una alimentaci\u00f3n m\u00e1s sostenible.<\/li>\n\n\n\n<li>Moverse de forma ecol\u00f3gica.<\/li>\n\n\n\n<li>Y, sobre todo, votar con conciencia, porque es cuando se hacen los grandes cambios.<\/li>\n<\/ul>\n\n\n\n<blockquote class=\"wp-block-quote is-layout-flow wp-block-quote-is-layout-flow\">\n<p>\u201c\u00bfTe imaginas que un d\u00eda las noticias digan que hemos revertido el cambio clim\u00e1tico? Ojal\u00e1 lleguemos a ese momento\u201d.<\/p>\n<cite>Carlota Bruna, divulgadora y activista por el medio ambiente.<\/cite><\/blockquote>\n\n\n\n<p><em>Somos lo que cuidamos<\/em> es una invitaci\u00f3n a vivir con sentido, transformando cada peque\u00f1o gesto en un acto de amor por la vida. En un mundo que busca referentes, Carlota Bruna se convierte en ese faro que ilumina el camino hacia una belleza aut\u00e9ntica, sostenible y profundamente humana.<\/p>\n\n\n\n<figure class=\"wp-block-image size-large\"><img loading=\"lazy\" decoding=\"async\" width=\"1024\" height=\"527\" src=\"data:image\/gif;base64,R0lGODlhAQABAAAAACH5BAEKAAEALAAAAAABAAEAAAICTAEAOw==\" data-src=\"https:\/\/www.isdin.com\/es\/blog\/wp-content\/uploads\/2025\/07\/El-cambio-empieza-4-1024x527.png\" alt=\"carlota bruna en el podcast de ISDIN hablando sobre fusion water magic\" class=\"wp-image-12320 lazyload\" data-sizes=\"auto\" data-srcset=\"https:\/\/www.isdin.com\/es\/blog\/wp-content\/uploads\/2025\/07\/El-cambio-empieza-4-1024x527.png 1024w, https:\/\/www.isdin.com\/es\/blog\/wp-content\/uploads\/2025\/07\/El-cambio-empieza-4-300x155.png 300w, https:\/\/www.isdin.com\/es\/blog\/wp-content\/uploads\/2025\/07\/El-cambio-empieza-4-150x77.png 150w, https:\/\/www.isdin.com\/es\/blog\/wp-content\/uploads\/2025\/07\/El-cambio-empieza-4-768x396.png 768w, https:\/\/www.isdin.com\/es\/blog\/wp-content\/uploads\/2025\/07\/El-cambio-empieza-4-585x300.png 585w, https:\/\/www.isdin.com\/es\/blog\/wp-content\/uploads\/2025\/07\/El-cambio-empieza-4-450x232.png 450w, https:\/\/www.isdin.com\/es\/blog\/wp-content\/uploads\/2025\/07\/El-cambio-empieza-4-20x11.png 20w, https:\/\/www.isdin.com\/es\/blog\/wp-content\/uploads\/2025\/07\/El-cambio-empieza-4-225x116.png 225w, https:\/\/www.isdin.com\/es\/blog\/wp-content\/uploads\/2025\/07\/El-cambio-empieza-4-900x464.png 900w, https:\/\/www.isdin.com\/es\/blog\/wp-content\/uploads\/2025\/07\/El-cambio-empieza-4.png 1200w\" sizes=\"auto, (max-width: 1024px) 100vw, 1024px\" \/><\/figure>\n\n\n\n<p><\/p>\n\n\n\n<p><\/p>\n\n\n\n<p class=\"has-background\" style=\"background-color:#ffc8c8\">\u00a1Escucha el <a href=\"https:\/\/apps.apple.com\/es\/app\/isdin\/id6479642564\">episodio completo con Carlota Bruna en nuestra app<\/a>!<\/p>\n\n\n\n<p><\/p>\n","protected":false},"excerpt":{"rendered":"<p>Para Carlota, cuidar el planeta no es s\u00f3lo sumarse a grandes causas o manifestaciones, sino transformar nuestra vida cotidiana. Desde c\u00f3mo comemos, c\u00f3mo elegimos nuestra ropa o hasta c\u00f3mo nos desplazamos, todo importa. <\/p>\n","protected":false},"author":3,"featured_media":12319,"comment_status":"closed","ping_status":"closed","sticky":false,"template":"","format":"image","meta":{"footnotes":""},"categories":[1],"tags":[452,455,508,503],"class_list":["post-12318","post","type-post","status-publish","format-image","has-post-thumbnail","hentry","category-consejos-cuidados","tag-embajadores","tag-mediterraneo","tag-podcast","tag-sostenibilidad","post_format-post-format-image"],"yoast_head":"<!-- This site is optimized with the Yoast SEO Premium plugin v25.4 (Yoast SEO v25.4) - https:\/\/yoast.com\/wordpress\/plugins\/seo\/ -->\n<title>Somos lo que cuidamos: una invitaci\u00f3n de Carlota Bruna a cuidar el planeta - ISDIN<\/title>\n<meta name=\"description\" content=\"Revive la \u00faltima conversaci\u00f3n de Carlota Bruna en el p\u00f3dcast de ISDIN. Descubre lo que piensa sobre sostenibilidad, autocuidado y su visi\u00f3n del futuro.\" \/>\n<meta name=\"robots\" content=\"index, follow, max-snippet:-1, max-image-preview:large, max-video-preview:-1\" \/>\n<link rel=\"canonical\" href=\"https:\/\/www.isdin.com\/es\/blog\/somos-lo-que-cuidamos-una-invitacion-de-carlota-bruna-a-cuidar-el-planeta\/\" \/>\n<meta property=\"og:locale\" content=\"es_ES\" \/>\n<meta property=\"og:type\" content=\"article\" \/>\n<meta property=\"og:title\" content=\"Somos lo que cuidamos: una invitaci\u00f3n de Carlota Bruna a cuidar el planeta\" \/>\n<meta property=\"og:description\" content=\"Revive la \u00faltima conversaci\u00f3n de Carlota Bruna en el p\u00f3dcast de ISDIN. Descubre lo que piensa sobre sostenibilidad, autocuidado y su visi\u00f3n del futuro.\" \/>\n<meta property=\"og:url\" content=\"https:\/\/www.isdin.com\/es\/blog\/somos-lo-que-cuidamos-una-invitacion-de-carlota-bruna-a-cuidar-el-planeta\/\" \/>\n<meta property=\"og:site_name\" content=\"ISDIN\" \/>\n<meta property=\"article:publisher\" content=\"https:\/\/es-es.facebook.com\/ISDIN.official\/\" \/>\n<meta property=\"article:published_time\" content=\"2025-07-22T13:15:00+00:00\" \/>\n<meta property=\"article:modified_time\" content=\"2025-09-17T14:04:11+00:00\" \/>\n<meta property=\"og:image\" content=\"https:\/\/www.isdin.com\/es\/blog\/wp-content\/uploads\/2025\/07\/Somo-lo-que-cuidamos-Carlota-Bruna-3-1.png\" \/>\n\t<meta property=\"og:image:width\" content=\"1200\" \/>\n\t<meta property=\"og:image:height\" content=\"760\" \/>\n\t<meta property=\"og:image:type\" content=\"image\/png\" \/>\n<meta name=\"author\" content=\"Sara Iborra\" \/>\n<meta name=\"twitter:card\" content=\"summary_large_image\" \/>\n<meta name=\"twitter:creator\" content=\"@isdin_official\" \/>\n<meta name=\"twitter:site\" content=\"@isdin_official\" \/>\n<meta name=\"twitter:label1\" content=\"Written by\" \/>\n\t<meta name=\"twitter:data1\" content=\"Sara Iborra\" \/>\n\t<meta name=\"twitter:label2\" content=\"Est. reading time\" \/>\n\t<meta name=\"twitter:data2\" content=\"6 minutes\" \/>\n<script type=\"application\/ld+json\" class=\"yoast-schema-graph\">{\"@context\":\"https:\/\/schema.org\",\"@graph\":[{\"@type\":\"Article\",\"@id\":\"https:\/\/www.isdin.com\/es\/blog\/somos-lo-que-cuidamos-una-invitacion-de-carlota-bruna-a-cuidar-el-planeta\/#article\",\"isPartOf\":{\"@id\":\"https:\/\/www.isdin.com\/es\/blog\/somos-lo-que-cuidamos-una-invitacion-de-carlota-bruna-a-cuidar-el-planeta\/\"},\"author\":{\"name\":\"Sara Iborra\",\"@id\":\"https:\/\/www.isdin.com\/es\/blog\/#\/schema\/person\/528848368b26d62008cefcc29a52ade8\"},\"headline\":\"Somos lo que cuidamos: una invitaci\u00f3n de Carlota Bruna a cuidar el planeta\",\"datePublished\":\"2025-07-22T13:15:00+00:00\",\"dateModified\":\"2025-09-17T14:04:11+00:00\",\"mainEntityOfPage\":{\"@id\":\"https:\/\/www.isdin.com\/es\/blog\/somos-lo-que-cuidamos-una-invitacion-de-carlota-bruna-a-cuidar-el-planeta\/\"},\"wordCount\":1079,\"publisher\":{\"@id\":\"https:\/\/www.isdin.com\/es\/blog\/#organization\"},\"image\":{\"@id\":\"https:\/\/www.isdin.com\/es\/blog\/somos-lo-que-cuidamos-una-invitacion-de-carlota-bruna-a-cuidar-el-planeta\/#primaryimage\"},\"thumbnailUrl\":\"https:\/\/www.isdin.com\/es\/blog\/wp-content\/uploads\/2025\/07\/Somo-lo-que-cuidamos-Carlota-Bruna-3-1.png\",\"keywords\":[\"embajadores\",\"Mediterr\u00e1neo\",\"podcast\",\"sostenibilidad\"],\"articleSection\":[\"Consejos y cuidados\"],\"inLanguage\":\"es-ES\"},{\"@type\":\"WebPage\",\"@id\":\"https:\/\/www.isdin.com\/es\/blog\/somos-lo-que-cuidamos-una-invitacion-de-carlota-bruna-a-cuidar-el-planeta\/\",\"url\":\"https:\/\/www.isdin.com\/es\/blog\/somos-lo-que-cuidamos-una-invitacion-de-carlota-bruna-a-cuidar-el-planeta\/\",\"name\":\"Somos lo que cuidamos: una invitaci\u00f3n de Carlota Bruna a cuidar el planeta - ISDIN\",\"isPartOf\":{\"@id\":\"https:\/\/www.isdin.com\/es\/blog\/#website\"},\"primaryImageOfPage\":{\"@id\":\"https:\/\/www.isdin.com\/es\/blog\/somos-lo-que-cuidamos-una-invitacion-de-carlota-bruna-a-cuidar-el-planeta\/#primaryimage\"},\"image\":{\"@id\":\"https:\/\/www.isdin.com\/es\/blog\/somos-lo-que-cuidamos-una-invitacion-de-carlota-bruna-a-cuidar-el-planeta\/#primaryimage\"},\"thumbnailUrl\":\"https:\/\/www.isdin.com\/es\/blog\/wp-content\/uploads\/2025\/07\/Somo-lo-que-cuidamos-Carlota-Bruna-3-1.png\",\"datePublished\":\"2025-07-22T13:15:00+00:00\",\"dateModified\":\"2025-09-17T14:04:11+00:00\",\"description\":\"Revive la \u00faltima conversaci\u00f3n de Carlota Bruna en el p\u00f3dcast de ISDIN. Descubre lo que piensa sobre sostenibilidad, autocuidado y su visi\u00f3n del futuro.\",\"breadcrumb\":{\"@id\":\"https:\/\/www.isdin.com\/es\/blog\/somos-lo-que-cuidamos-una-invitacion-de-carlota-bruna-a-cuidar-el-planeta\/#breadcrumb\"},\"inLanguage\":\"es-ES\",\"potentialAction\":[{\"@type\":\"ReadAction\",\"target\":[\"https:\/\/www.isdin.com\/es\/blog\/somos-lo-que-cuidamos-una-invitacion-de-carlota-bruna-a-cuidar-el-planeta\/\"]}]},{\"@type\":\"ImageObject\",\"inLanguage\":\"es-ES\",\"@id\":\"https:\/\/www.isdin.com\/es\/blog\/somos-lo-que-cuidamos-una-invitacion-de-carlota-bruna-a-cuidar-el-planeta\/#primaryimage\",\"url\":\"https:\/\/www.isdin.com\/es\/blog\/wp-content\/uploads\/2025\/07\/Somo-lo-que-cuidamos-Carlota-Bruna-3-1.png\",\"contentUrl\":\"https:\/\/www.isdin.com\/es\/blog\/wp-content\/uploads\/2025\/07\/Somo-lo-que-cuidamos-Carlota-Bruna-3-1.png\",\"width\":1200,\"height\":760,\"caption\":\"Carlota bruna mirando al horizonte mientras el sol le refleja en el rostro\"},{\"@type\":\"BreadcrumbList\",\"@id\":\"https:\/\/www.isdin.com\/es\/blog\/somos-lo-que-cuidamos-una-invitacion-de-carlota-bruna-a-cuidar-el-planeta\/#breadcrumb\",\"itemListElement\":[{\"@type\":\"ListItem\",\"position\":1,\"name\":\"Portada\",\"item\":\"https:\/\/www.isdin.com\/es\/blog\/\"},{\"@type\":\"ListItem\",\"position\":2,\"name\":\"Somos lo que cuidamos: una invitaci\u00f3n de Carlota Bruna a cuidar el planeta\"}]},{\"@type\":\"WebSite\",\"@id\":\"https:\/\/www.isdin.com\/es\/blog\/#website\",\"url\":\"https:\/\/www.isdin.com\/es\/blog\/\",\"name\":\"ISDIN\",\"description\":\"Novedades, lanzamientos de productos y toda la experiencia de ISDIN\",\"publisher\":{\"@id\":\"https:\/\/www.isdin.com\/es\/blog\/#organization\"},\"potentialAction\":[{\"@type\":\"SearchAction\",\"target\":{\"@type\":\"EntryPoint\",\"urlTemplate\":\"https:\/\/www.isdin.com\/es\/blog\/?s={search_term_string}\"},\"query-input\":{\"@type\":\"PropertyValueSpecification\",\"valueRequired\":true,\"valueName\":\"search_term_string\"}}],\"inLanguage\":\"es-ES\"},{\"@type\":\"Organization\",\"@id\":\"https:\/\/www.isdin.com\/es\/blog\/#organization\",\"name\":\"ISDIN\",\"alternateName\":\"ISDIN\",\"url\":\"https:\/\/www.isdin.com\/es\/blog\/\",\"logo\":{\"@type\":\"ImageObject\",\"inLanguage\":\"es-ES\",\"@id\":\"https:\/\/www.isdin.com\/es\/blog\/#\/schema\/logo\/image\/\",\"url\":\"https:\/\/www.isdin.com\/es\/blog\/wp-content\/uploads\/2024\/05\/2025_03_GuiaFoto_FWM.png\",\"contentUrl\":\"https:\/\/www.isdin.com\/es\/blog\/wp-content\/uploads\/2024\/05\/2025_03_GuiaFoto_FWM.png\",\"width\":670,\"height\":683,\"caption\":\"ISDIN\"},\"image\":{\"@id\":\"https:\/\/www.isdin.com\/es\/blog\/#\/schema\/logo\/image\/\"},\"sameAs\":[\"https:\/\/es-es.facebook.com\/ISDIN.official\/\",\"https:\/\/x.com\/isdin_official\",\"https:\/\/www.instagram.com\/isdinofficial\",\"https:\/\/www.youtube.com\/channel\/UCtoNJMKpDwdFLqgV23_lcqg\"],\"telephone\":\"659997812\"},{\"@type\":\"Person\",\"@id\":\"https:\/\/www.isdin.com\/es\/blog\/#\/schema\/person\/528848368b26d62008cefcc29a52ade8\",\"name\":\"Sara Iborra\",\"image\":{\"@type\":\"ImageObject\",\"inLanguage\":\"es-ES\",\"@id\":\"https:\/\/www.isdin.com\/es\/blog\/#\/schema\/person\/image\/\",\"url\":\"https:\/\/www.isdin.com\/es\/blog\/wp-content\/uploads\/2025\/06\/9D01108F-CAC8-410E-9EE4-2ED3157C2AC5-2-1-1.jpeg\",\"contentUrl\":\"https:\/\/www.isdin.com\/es\/blog\/wp-content\/uploads\/2025\/06\/9D01108F-CAC8-410E-9EE4-2ED3157C2AC5-2-1-1.jpeg\",\"caption\":\"Sara Iborra\"},\"description\":\"Sara es copywriter creativa y estratega de marca. Vive entre palabras y conceptos, siempre con un ojo en las tendencias y otro en c\u00f3mo convertirlas en ideas que conecten. \u00bfSus imprescindibles? Un buen cacao y una crema solar facial bien ligera.\",\"url\":\"#molongui-disabled-link\"}]}<\/script>\n<!-- \/ Yoast SEO Premium plugin. -->","yoast_head_json":{"title":"Somos lo que cuidamos: una invitaci\u00f3n de Carlota Bruna a cuidar el planeta - ISDIN","description":"Revive la \u00faltima conversaci\u00f3n de Carlota Bruna en el p\u00f3dcast de ISDIN. Descubre lo que piensa sobre sostenibilidad, autocuidado y su visi\u00f3n del futuro.","robots":{"index":"index","follow":"follow","max-snippet":"max-snippet:-1","max-image-preview":"max-image-preview:large","max-video-preview":"max-video-preview:-1"},"canonical":"https:\/\/www.isdin.com\/es\/blog\/somos-lo-que-cuidamos-una-invitacion-de-carlota-bruna-a-cuidar-el-planeta\/","og_locale":"es_ES","og_type":"article","og_title":"Somos lo que cuidamos: una invitaci\u00f3n de Carlota Bruna a cuidar el planeta","og_description":"Revive la \u00faltima conversaci\u00f3n de Carlota Bruna en el p\u00f3dcast de ISDIN. Descubre lo que piensa sobre sostenibilidad, autocuidado y su visi\u00f3n del futuro.","og_url":"https:\/\/www.isdin.com\/es\/blog\/somos-lo-que-cuidamos-una-invitacion-de-carlota-bruna-a-cuidar-el-planeta\/","og_site_name":"ISDIN","article_publisher":"https:\/\/es-es.facebook.com\/ISDIN.official\/","article_published_time":"2025-07-22T13:15:00+00:00","article_modified_time":"2025-09-17T14:04:11+00:00","og_image":[{"width":1200,"height":760,"url":"https:\/\/www.isdin.com\/es\/blog\/wp-content\/uploads\/2025\/07\/Somo-lo-que-cuidamos-Carlota-Bruna-3-1.png","type":"image\/png"}],"author":"Sara Iborra","twitter_card":"summary_large_image","twitter_creator":"@isdin_official","twitter_site":"@isdin_official","twitter_misc":{"Written by":"Sara Iborra","Est. reading time":"6 minutes"},"schema":{"@context":"https:\/\/schema.org","@graph":[{"@type":"Article","@id":"https:\/\/www.isdin.com\/es\/blog\/somos-lo-que-cuidamos-una-invitacion-de-carlota-bruna-a-cuidar-el-planeta\/#article","isPartOf":{"@id":"https:\/\/www.isdin.com\/es\/blog\/somos-lo-que-cuidamos-una-invitacion-de-carlota-bruna-a-cuidar-el-planeta\/"},"author":{"name":"Sara Iborra","@id":"https:\/\/www.isdin.com\/es\/blog\/#\/schema\/person\/528848368b26d62008cefcc29a52ade8"},"headline":"Somos lo que cuidamos: una invitaci\u00f3n de Carlota Bruna a cuidar el planeta","datePublished":"2025-07-22T13:15:00+00:00","dateModified":"2025-09-17T14:04:11+00:00","mainEntityOfPage":{"@id":"https:\/\/www.isdin.com\/es\/blog\/somos-lo-que-cuidamos-una-invitacion-de-carlota-bruna-a-cuidar-el-planeta\/"},"wordCount":1079,"publisher":{"@id":"https:\/\/www.isdin.com\/es\/blog\/#organization"},"image":{"@id":"https:\/\/www.isdin.com\/es\/blog\/somos-lo-que-cuidamos-una-invitacion-de-carlota-bruna-a-cuidar-el-planeta\/#primaryimage"},"thumbnailUrl":"https:\/\/www.isdin.com\/es\/blog\/wp-content\/uploads\/2025\/07\/Somo-lo-que-cuidamos-Carlota-Bruna-3-1.png","keywords":["embajadores","Mediterr\u00e1neo","podcast","sostenibilidad"],"articleSection":["Consejos y cuidados"],"inLanguage":"es-ES"},{"@type":"WebPage","@id":"https:\/\/www.isdin.com\/es\/blog\/somos-lo-que-cuidamos-una-invitacion-de-carlota-bruna-a-cuidar-el-planeta\/","url":"https:\/\/www.isdin.com\/es\/blog\/somos-lo-que-cuidamos-una-invitacion-de-carlota-bruna-a-cuidar-el-planeta\/","name":"Somos lo que cuidamos: una invitaci\u00f3n de Carlota Bruna a cuidar el planeta - ISDIN","isPartOf":{"@id":"https:\/\/www.isdin.com\/es\/blog\/#website"},"primaryImageOfPage":{"@id":"https:\/\/www.isdin.com\/es\/blog\/somos-lo-que-cuidamos-una-invitacion-de-carlota-bruna-a-cuidar-el-planeta\/#primaryimage"},"image":{"@id":"https:\/\/www.isdin.com\/es\/blog\/somos-lo-que-cuidamos-una-invitacion-de-carlota-bruna-a-cuidar-el-planeta\/#primaryimage"},"thumbnailUrl":"https:\/\/www.isdin.com\/es\/blog\/wp-content\/uploads\/2025\/07\/Somo-lo-que-cuidamos-Carlota-Bruna-3-1.png","datePublished":"2025-07-22T13:15:00+00:00","dateModified":"2025-09-17T14:04:11+00:00","description":"Revive la \u00faltima conversaci\u00f3n de Carlota Bruna en el p\u00f3dcast de ISDIN. Descubre lo que piensa sobre sostenibilidad, autocuidado y su visi\u00f3n del futuro.","breadcrumb":{"@id":"https:\/\/www.isdin.com\/es\/blog\/somos-lo-que-cuidamos-una-invitacion-de-carlota-bruna-a-cuidar-el-planeta\/#breadcrumb"},"inLanguage":"es-ES","potentialAction":[{"@type":"ReadAction","target":["https:\/\/www.isdin.com\/es\/blog\/somos-lo-que-cuidamos-una-invitacion-de-carlota-bruna-a-cuidar-el-planeta\/"]}]},{"@type":"ImageObject","inLanguage":"es-ES","@id":"https:\/\/www.isdin.com\/es\/blog\/somos-lo-que-cuidamos-una-invitacion-de-carlota-bruna-a-cuidar-el-planeta\/#primaryimage","url":"https:\/\/www.isdin.com\/es\/blog\/wp-content\/uploads\/2025\/07\/Somo-lo-que-cuidamos-Carlota-Bruna-3-1.png","contentUrl":"https:\/\/www.isdin.com\/es\/blog\/wp-content\/uploads\/2025\/07\/Somo-lo-que-cuidamos-Carlota-Bruna-3-1.png","width":1200,"height":760,"caption":"Carlota bruna mirando al horizonte mientras el sol le refleja en el rostro"},{"@type":"BreadcrumbList","@id":"https:\/\/www.isdin.com\/es\/blog\/somos-lo-que-cuidamos-una-invitacion-de-carlota-bruna-a-cuidar-el-planeta\/#breadcrumb","itemListElement":[{"@type":"ListItem","position":1,"name":"Portada","item":"https:\/\/www.isdin.com\/es\/blog\/"},{"@type":"ListItem","position":2,"name":"Somos lo que cuidamos: una invitaci\u00f3n de Carlota Bruna a cuidar el planeta"}]},{"@type":"WebSite","@id":"https:\/\/www.isdin.com\/es\/blog\/#website","url":"https:\/\/www.isdin.com\/es\/blog\/","name":"ISDIN","description":"Novedades, lanzamientos de productos y toda la experiencia de ISDIN","publisher":{"@id":"https:\/\/www.isdin.com\/es\/blog\/#organization"},"potentialAction":[{"@type":"SearchAction","target":{"@type":"EntryPoint","urlTemplate":"https:\/\/www.isdin.com\/es\/blog\/?s={search_term_string}"},"query-input":{"@type":"PropertyValueSpecification","valueRequired":true,"valueName":"search_term_string"}}],"inLanguage":"es-ES"},{"@type":"Organization","@id":"https:\/\/www.isdin.com\/es\/blog\/#organization","name":"ISDIN","alternateName":"ISDIN","url":"https:\/\/www.isdin.com\/es\/blog\/","logo":{"@type":"ImageObject","inLanguage":"es-ES","@id":"https:\/\/www.isdin.com\/es\/blog\/#\/schema\/logo\/image\/","url":"https:\/\/www.isdin.com\/es\/blog\/wp-content\/uploads\/2024\/05\/2025_03_GuiaFoto_FWM.png","contentUrl":"https:\/\/www.isdin.com\/es\/blog\/wp-content\/uploads\/2024\/05\/2025_03_GuiaFoto_FWM.png","width":670,"height":683,"caption":"ISDIN"},"image":{"@id":"https:\/\/www.isdin.com\/es\/blog\/#\/schema\/logo\/image\/"},"sameAs":["https:\/\/es-es.facebook.com\/ISDIN.official\/","https:\/\/x.com\/isdin_official","https:\/\/www.instagram.com\/isdinofficial","https:\/\/www.youtube.com\/channel\/UCtoNJMKpDwdFLqgV23_lcqg"],"telephone":"659997812"},{"@type":"Person","@id":"https:\/\/www.isdin.com\/es\/blog\/#\/schema\/person\/528848368b26d62008cefcc29a52ade8","name":"Sara Iborra","image":{"@type":"ImageObject","inLanguage":"es-ES","@id":"https:\/\/www.isdin.com\/es\/blog\/#\/schema\/person\/image\/","url":"https:\/\/www.isdin.com\/es\/blog\/wp-content\/uploads\/2025\/06\/9D01108F-CAC8-410E-9EE4-2ED3157C2AC5-2-1-1.jpeg","contentUrl":"https:\/\/www.isdin.com\/es\/blog\/wp-content\/uploads\/2025\/06\/9D01108F-CAC8-410E-9EE4-2ED3157C2AC5-2-1-1.jpeg","caption":"Sara Iborra"},"description":"Sara es copywriter creativa y estratega de marca. Vive entre palabras y conceptos, siempre con un ojo en las tendencias y otro en c\u00f3mo convertirlas en ideas que conecten. \u00bfSus imprescindibles? Un buen cacao y una crema solar facial bien ligera.","url":"#molongui-disabled-link"}]}},"_links":{"self":[{"href":"https:\/\/www.isdin.com\/es\/blog\/wp-json\/wp\/v2\/posts\/12318","targetHints":{"allow":["GET"]}}],"collection":[{"href":"https:\/\/www.isdin.com\/es\/blog\/wp-json\/wp\/v2\/posts"}],"about":[{"href":"https:\/\/www.isdin.com\/es\/blog\/wp-json\/wp\/v2\/types\/post"}],"author":[{"embeddable":true,"href":"https:\/\/www.isdin.com\/es\/blog\/wp-json\/wp\/v2\/users\/3"}],"replies":[{"embeddable":true,"href":"https:\/\/www.isdin.com\/es\/blog\/wp-json\/wp\/v2\/comments?post=12318"}],"version-history":[{"count":2,"href":"https:\/\/www.isdin.com\/es\/blog\/wp-json\/wp\/v2\/posts\/12318\/revisions"}],"predecessor-version":[{"id":12327,"href":"https:\/\/www.isdin.com\/es\/blog\/wp-json\/wp\/v2\/posts\/12318\/revisions\/12327"}],"wp:featuredmedia":[{"embeddable":true,"href":"https:\/\/www.isdin.com\/es\/blog\/wp-json\/wp\/v2\/media\/12319"}],"wp:attachment":[{"href":"https:\/\/www.isdin.com\/es\/blog\/wp-json\/wp\/v2\/media?parent=12318"}],"wp:term":[{"taxonomy":"category","embeddable":true,"href":"https:\/\/www.isdin.com\/es\/blog\/wp-json\/wp\/v2\/categories?post=12318"},{"taxonomy":"post_tag","embeddable":true,"href":"https:\/\/www.isdin.com\/es\/blog\/wp-json\/wp\/v2\/tags?post=12318"}],"curies":[{"name":"wp","href":"https:\/\/api.w.org\/{rel}","templated":true}]}}