{"id":12166,"date":"2025-06-13T11:50:34","date_gmt":"2025-06-13T11:50:34","guid":{"rendered":"https:\/\/www.isdin.com\/es\/blog\/?p=12166"},"modified":"2025-06-13T11:50:43","modified_gmt":"2025-06-13T11:50:43","slug":"roland-garros-2025-historia-isdin","status":"publish","type":"post","link":"https:\/\/www.isdin.com\/es\/blog\/roland-garros-2025-historia-isdin\/","title":{"rendered":"Desde Par\u00eds con amor: el Roland-Garros que marc\u00f3 historia para ISDIN"},"content":{"rendered":"\n<p><\/p>\n\n\n\n<p><strong>\u00bfC\u00f3mo se resume una emoci\u00f3n que a\u00fan sentimos en la piel?<\/strong> Roland-Garros 2025 nos dej\u00f3 sin aliento. Y no solo por el nivel de tenis, sino por la pasi\u00f3n, las historias y todo lo que vivimos juntos en cada punto. Desde ISDIN, no vinimos solo a presenciar uno de los torneos m\u00e1s ic\u00f3nicos del mundo. Vinimos a ser parte de \u00e9l.<\/p>\n\n\n\n<p>Y como todo gran viaje merece ser recordado, hoy te compartimos los <strong>5 momentos que m\u00e1s nos marcaron<\/strong>. Nuestros favoritos. Los que nos acompa\u00f1aron jornada a jornada\u2026 hasta ese final inolvidable.<\/p>\n\n\n\n<p>Este es nuestro <em>recap<\/em>. Este fue <em>nuestro<\/em> Roland-Garros.<\/p>\n\n\n\n<h2 class=\"wp-block-heading\" id=\"h-5-mirra-andreeva-cuando-el-futuro-ya-es-presente\">5. Mirra Andreeva: cuando el futuro ya es presente<\/h2>\n\n\n\n<p>Empecemos por el principio. Todo gran torneo tiene sus revelaciones. Y en Roland-Garros 2025, una de las m\u00e1s emocionantes fue ella. Joven, decidida y con un tenis que deslumbr\u00f3 desde el primer d\u00eda, <strong>Mirra Andreeva<\/strong> dej\u00f3 claro que el futuro ya est\u00e1 aqu\u00ed.<\/p>\n\n\n\n<figure class=\"wp-block-image size-large\"><img loading=\"lazy\" decoding=\"async\" width=\"1024\" height=\"527\" src=\"data:image\/gif;base64,R0lGODlhAQABAAAAACH5BAEKAAEALAAAAAABAAEAAAICTAEAOw==\" data-src=\"https:\/\/www.isdin.com\/es\/blog\/wp-content\/uploads\/2025\/06\/Imagen-en-el-contenido-21-1-1024x527.png\" alt=\"\" class=\"wp-image-12172 lazyload\" data-sizes=\"auto\" data-srcset=\"https:\/\/www.isdin.com\/es\/blog\/wp-content\/uploads\/2025\/06\/Imagen-en-el-contenido-21-1-1024x527.png 1024w, https:\/\/www.isdin.com\/es\/blog\/wp-content\/uploads\/2025\/06\/Imagen-en-el-contenido-21-1-300x155.png 300w, https:\/\/www.isdin.com\/es\/blog\/wp-content\/uploads\/2025\/06\/Imagen-en-el-contenido-21-1-150x77.png 150w, https:\/\/www.isdin.com\/es\/blog\/wp-content\/uploads\/2025\/06\/Imagen-en-el-contenido-21-1-768x396.png 768w, https:\/\/www.isdin.com\/es\/blog\/wp-content\/uploads\/2025\/06\/Imagen-en-el-contenido-21-1-585x300.png 585w, https:\/\/www.isdin.com\/es\/blog\/wp-content\/uploads\/2025\/06\/Imagen-en-el-contenido-21-1-450x232.png 450w, https:\/\/www.isdin.com\/es\/blog\/wp-content\/uploads\/2025\/06\/Imagen-en-el-contenido-21-1-20x11.png 20w, https:\/\/www.isdin.com\/es\/blog\/wp-content\/uploads\/2025\/06\/Imagen-en-el-contenido-21-1-225x116.png 225w, https:\/\/www.isdin.com\/es\/blog\/wp-content\/uploads\/2025\/06\/Imagen-en-el-contenido-21-1-900x464.png 900w, https:\/\/www.isdin.com\/es\/blog\/wp-content\/uploads\/2025\/06\/Imagen-en-el-contenido-21-1.png 1200w\" sizes=\"auto, (max-width: 1024px) 100vw, 1024px\" \/><\/figure>\n\n\n\n<p><\/p>\n\n\n\n<p><strong>Persigui\u00f3 valientemente su sue\u00f1o de conquistar la capital parisina.<\/strong> Con tan solo <strong>17 a\u00f1os<\/strong>, nuestra embajadora volvi\u00f3 a demostrar que el talento no se mide en a\u00f1os, sino en actitud, entrega y pasi\u00f3n. En esta edici\u00f3n de Roland-Garros, <strong>alcanz\u00f3 los cuartos de final<\/strong> y se plant\u00f3 con firmeza ante algunas de las jugadoras m\u00e1s consolidadas del circuito. Su tenis, audaz, inteligente y lleno de car\u00e1cter, fue uno de los grandes momentos del torneo.<\/p>\n\n\n\n<p>Pero su mejor jugada ocurri\u00f3 lejos de los focos. En un gesto lleno de ternura y conciencia, <strong>comparti\u00f3 un momento inolvidable con los <em>ball kids<\/em><\/strong> del torneo, habl\u00e1ndoles \u2014y habl\u00e1ndonos\u2014 de algo esencial: la importancia del <a href=\"https:\/\/www.isdin.com\/es\/love-your-skin\"><strong>cuidado de la piel desde peque\u00f1os<\/strong><\/a>.<\/p>\n\n\n\n<p><strong>Un momento inspirador que nos recuerda que el deporte tambi\u00e9n se juega con el coraz\u00f3n.<\/strong><\/p>\n\n\n\n<h2 class=\"wp-block-heading\" id=\"h-4-isdinlovers-protagonistas-de-una-experiencia-unica\">4. Isdinlovers: protagonistas de una experiencia \u00fanica<\/h2>\n\n\n\n<p>Mientras Mirra dejaba su huella en la pista, fuera de ella tambi\u00e9n se gestaba algo inolvidable. Un sue\u00f1o que cruz\u00f3 fronteras y que convirti\u00f3 a dos miembros de nuestra comunidad en protagonistas absolutos. A trav\u00e9s de una experiencia abierta desde <a href=\"https:\/\/www.isdin.com\/es\/love-isdin\"><strong>LOVE ISDIN<\/strong><\/a>, invitamos a nuestros isdinlovers a contarnos qu\u00e9 significar\u00eda para ellos vivir Roland-Garros. Y lo que recibimos fue puro coraz\u00f3n: <strong>cientos de respuestas cargadas de emoci\u00f3n, historias personales, poes\u00eda\u2026 y mucha verdad.<\/strong><\/p>\n\n\n\n<p>Entre todas esas voces, dos brillaron con luz propia: <strong>Luc\u00eda Carrillo<\/strong>, desde Labastida (Espa\u00f1a), y <strong>Stephany Ayala<\/strong>, <a href=\"https:\/\/www.isdin.com\/es\/blog\/rutina-skincare-viaje-avion\/\">desde Ciudad de M\u00e9xico<\/a>. Luc\u00eda eligi\u00f3 compartir su sue\u00f1o con su amiga <strong>Gemma<\/strong>, de San Sebasti\u00e1n. Stephany vino acompa\u00f1ada por su padre, <strong>\u00c1lvaro Ayala,<\/strong> con quien comparte no solo la pasi\u00f3n por el tenis, sino tambi\u00e9n un v\u00ednculo inolvidable que esta experiencia hizo a\u00fan m\u00e1s fuerte.<\/p>\n\n\n\n<figure class=\"wp-block-image size-large\"><img loading=\"lazy\" decoding=\"async\" width=\"1024\" height=\"527\" src=\"data:image\/gif;base64,R0lGODlhAQABAAAAACH5BAEKAAEALAAAAAABAAEAAAICTAEAOw==\" data-src=\"https:\/\/www.isdin.com\/es\/blog\/wp-content\/uploads\/2025\/06\/Imagen-en-el-contenido-20-1-1024x527.png\" alt=\"\" class=\"wp-image-12171 lazyload\" data-sizes=\"auto\" data-srcset=\"https:\/\/www.isdin.com\/es\/blog\/wp-content\/uploads\/2025\/06\/Imagen-en-el-contenido-20-1-1024x527.png 1024w, https:\/\/www.isdin.com\/es\/blog\/wp-content\/uploads\/2025\/06\/Imagen-en-el-contenido-20-1-300x155.png 300w, https:\/\/www.isdin.com\/es\/blog\/wp-content\/uploads\/2025\/06\/Imagen-en-el-contenido-20-1-150x77.png 150w, https:\/\/www.isdin.com\/es\/blog\/wp-content\/uploads\/2025\/06\/Imagen-en-el-contenido-20-1-768x396.png 768w, https:\/\/www.isdin.com\/es\/blog\/wp-content\/uploads\/2025\/06\/Imagen-en-el-contenido-20-1-585x300.png 585w, https:\/\/www.isdin.com\/es\/blog\/wp-content\/uploads\/2025\/06\/Imagen-en-el-contenido-20-1-450x232.png 450w, https:\/\/www.isdin.com\/es\/blog\/wp-content\/uploads\/2025\/06\/Imagen-en-el-contenido-20-1-20x11.png 20w, https:\/\/www.isdin.com\/es\/blog\/wp-content\/uploads\/2025\/06\/Imagen-en-el-contenido-20-1-225x116.png 225w, https:\/\/www.isdin.com\/es\/blog\/wp-content\/uploads\/2025\/06\/Imagen-en-el-contenido-20-1-900x464.png 900w, https:\/\/www.isdin.com\/es\/blog\/wp-content\/uploads\/2025\/06\/Imagen-en-el-contenido-20-1.png 1200w\" sizes=\"auto, (max-width: 1024px) 100vw, 1024px\" \/><\/figure>\n\n\n\n<p><\/p>\n\n\n\n<h3 class=\"wp-block-heading\" id=\"h-cuando-la-piel-suena-los-suenos-se-cumplen\">Cuando la piel sue\u00f1a, los sue\u00f1os se cumplen<\/h3>\n\n\n\n<p><strong>A las 8:30 de la ma\u00f1ana, todo comenzaba.<\/strong> Luc\u00eda, Gemma, Stephany y \u00c1lvaro cruzaban la puerta n\u00famero cinco de Roland-Garros con una mezcla de nervios, alegr\u00eda y asombro.<\/p>\n\n\n\n<div class=\"wp-block-media-text has-media-on-the-right is-stacked-on-mobile\"><div class=\"wp-block-media-text__content\">\n<p>Lo que sigui\u00f3 fue una jornada inolvidable: tour por el backstage, fotos con el trofeo, bienvenida en el stand de ISDIN, partidos desde ubicaciones privilegiadas, regalos, almuerzos, recorridos y un sinf\u00edn de momentos que \u2014estamos seguros\u2014 se quedar\u00e1n en su memoria para siempre.<\/p>\n<\/div><figure class=\"wp-block-media-text__media\"><img loading=\"lazy\" decoding=\"async\" width=\"895\" height=\"1024\" src=\"data:image\/gif;base64,R0lGODlhAQABAAAAACH5BAEKAAEALAAAAAABAAEAAAICTAEAOw==\" data-src=\"https:\/\/www.isdin.com\/es\/blog\/wp-content\/uploads\/2025\/06\/Imagen-al-costado-9-1-895x1024.png\" alt=\"love isdin ganadoras de experiencia con viaje\" class=\"wp-image-12170 size-full lazyload\" data-sizes=\"auto\" data-srcset=\"https:\/\/www.isdin.com\/es\/blog\/wp-content\/uploads\/2025\/06\/Imagen-al-costado-9-1-895x1024.png 895w, https:\/\/www.isdin.com\/es\/blog\/wp-content\/uploads\/2025\/06\/Imagen-al-costado-9-1-262x300.png 262w, https:\/\/www.isdin.com\/es\/blog\/wp-content\/uploads\/2025\/06\/Imagen-al-costado-9-1-131x150.png 131w, https:\/\/www.isdin.com\/es\/blog\/wp-content\/uploads\/2025\/06\/Imagen-al-costado-9-1-768x879.png 768w, https:\/\/www.isdin.com\/es\/blog\/wp-content\/uploads\/2025\/06\/Imagen-al-costado-9-1-450x515.png 450w, https:\/\/www.isdin.com\/es\/blog\/wp-content\/uploads\/2025\/06\/Imagen-al-costado-9-1-225x257.png 225w, https:\/\/www.isdin.com\/es\/blog\/wp-content\/uploads\/2025\/06\/Imagen-al-costado-9-1-900x1030.png 900w, https:\/\/www.isdin.com\/es\/blog\/wp-content\/uploads\/2025\/06\/Imagen-al-costado-9-1-20x23.png 20w, https:\/\/www.isdin.com\/es\/blog\/wp-content\/uploads\/2025\/06\/Imagen-al-costado-9-1.png 1000w\" sizes=\"auto, (max-width: 895px) 100vw, 895px\" \/><\/figure><\/div>\n\n\n\n<p><\/p>\n\n\n\n<blockquote class=\"wp-block-quote is-layout-flow wp-block-quote-is-layout-flow\">\n<p>&#8220;Gracias por hacernos parte y darnos la oportunidad de vivir una experiencia de una vez en la vida. \u00a1Fue simplemente una locura!\u201d <\/p>\n<cite>Stephany y Luc\u00eda, isdinlovers ganadoras de la experiencia Roland-Garros<\/cite><\/blockquote>\n\n\n\n<p><\/p>\n\n\n\n<p class=\"has-background\" style=\"background-color:#b7e6eca6\"><strong>\u00bfT\u00fa tambi\u00e9n sue\u00f1as con vivir algo as\u00ed?<\/strong> <a href=\"https:\/\/apps.apple.com\/es\/app\/isdin\/id6479642564\">Descarga la app<\/a> y \u00fanete a LOVE ISDIN.<\/p>\n\n\n\n<p><\/p>\n\n\n\n<h2 class=\"wp-block-heading\" id=\"h-3-carlos-undercover-el-campeon-que-vendia-fotoproteccion\">3. Carlos <em>undercover<\/em>: el campe\u00f3n que vend\u00eda fotoprotecci\u00f3n<\/h2>\n\n\n\n<p>Y justo cuando pens\u00e1bamos que ya nada pod\u00eda sorprendernos, <strong>Carlos Alcaraz decidi\u00f3 cambiar las reglas del juego&#8230; fuera de la pista.<\/strong> Porque hay muchas formas de ser campe\u00f3n\u2026 y algunas no llevan raqueta.<\/p>\n\n\n\n<figure class=\"wp-block-image size-large\"><img loading=\"lazy\" decoding=\"async\" width=\"1024\" height=\"527\" src=\"data:image\/gif;base64,R0lGODlhAQABAAAAACH5BAEKAAEALAAAAAABAAEAAAICTAEAOw==\" data-src=\"https:\/\/www.isdin.com\/es\/blog\/wp-content\/uploads\/2025\/06\/Imagen-en-el-contenido-19-1-1024x527.png\" alt=\"CARLOS ALCARAZ STAND ISDIN UNDERCOVER\" class=\"wp-image-12169 lazyload\" data-sizes=\"auto\" data-srcset=\"https:\/\/www.isdin.com\/es\/blog\/wp-content\/uploads\/2025\/06\/Imagen-en-el-contenido-19-1-1024x527.png 1024w, https:\/\/www.isdin.com\/es\/blog\/wp-content\/uploads\/2025\/06\/Imagen-en-el-contenido-19-1-300x155.png 300w, https:\/\/www.isdin.com\/es\/blog\/wp-content\/uploads\/2025\/06\/Imagen-en-el-contenido-19-1-150x77.png 150w, https:\/\/www.isdin.com\/es\/blog\/wp-content\/uploads\/2025\/06\/Imagen-en-el-contenido-19-1-768x396.png 768w, https:\/\/www.isdin.com\/es\/blog\/wp-content\/uploads\/2025\/06\/Imagen-en-el-contenido-19-1-585x300.png 585w, https:\/\/www.isdin.com\/es\/blog\/wp-content\/uploads\/2025\/06\/Imagen-en-el-contenido-19-1-450x232.png 450w, https:\/\/www.isdin.com\/es\/blog\/wp-content\/uploads\/2025\/06\/Imagen-en-el-contenido-19-1-20x11.png 20w, https:\/\/www.isdin.com\/es\/blog\/wp-content\/uploads\/2025\/06\/Imagen-en-el-contenido-19-1-225x116.png 225w, https:\/\/www.isdin.com\/es\/blog\/wp-content\/uploads\/2025\/06\/Imagen-en-el-contenido-19-1-900x464.png 900w, https:\/\/www.isdin.com\/es\/blog\/wp-content\/uploads\/2025\/06\/Imagen-en-el-contenido-19-1.png 1200w\" sizes=\"auto, (max-width: 1024px) 100vw, 1024px\" \/><\/figure>\n\n\n\n<p><\/p>\n\n\n\n<p>En plena euforia de Roland-Garros, nuestro embajador se infiltr\u00f3 en el stand de ISDIN\u2026 \u00a1totalmente de inc\u00f3gnito! Con gorra, gafas de sol y un disfraz cuidadosamente elegido, <a href=\"https:\/\/www.mundodeportivo.com\/tenis\/20250524\/1002470645\/alcaraz-incognito-melanoma-roland-garros.html\">Carlos Alcaraz<\/a> se convirti\u00f3 por unos minutos en un vendedor m\u00e1s, ofreciendo nuestros productos a personas que no ten\u00edan ni idea de que estaban hablando con uno de los mejores tenistas del mundo.<\/p>\n\n\n\n<figure class=\"wp-block-embed is-type-video is-provider-youtube wp-block-embed-youtube wp-embed-aspect-16-9 wp-has-aspect-ratio\"><div class=\"wp-block-embed__wrapper\">\n<div class=\"flex-video widescreen youtube\"><iframe loading=\"lazy\" title=\"Alcaraz Undercover\" width=\"500\" height=\"281\" src=\"https:\/\/www.youtube.com\/embed\/BBTP9aRrWUo?feature=oembed&#038;showinfo=0&#038;rel=0&#038;modestbranding=1&#038;iv_load_policy=3&#038;playsinline=1&#038;enablejsapi=1\" frameborder=\"0\" allow=\"accelerometer; autoplay; clipboard-write; encrypted-media; gyroscope; picture-in-picture; web-share\" referrerpolicy=\"strict-origin-when-cross-origin\" allowfullscreen><\/iframe><\/div>\n<\/div><\/figure>\n\n\n\n<p>La sorpresa en los rostros, las risas, la complicidad, la autenticidad: <strong>Carlos brill\u00f3 como solo los grandes saben hacerlo<\/strong>. Con humildad, cercan\u00eda y mucho sentido del humor, demostr\u00f3 que ser campe\u00f3n va mucho m\u00e1s all\u00e1 de los puntos y los t\u00edtulos. <strong>Porque Alcaraz no solo gana en la pista, tambi\u00e9n gana con la piel, con el coraz\u00f3n y con esa magia que no se disfraza<\/strong><\/p>\n\n\n\n<h2 class=\"wp-block-heading\" id=\"h-2-una-sede-en-el-corazon-del-mediterraneo\">2. Una sede en el coraz\u00f3n del Mediterr\u00e1neo<\/h2>\n\n\n\n<figure class=\"wp-block-image size-large\"><img loading=\"lazy\" decoding=\"async\" width=\"1024\" height=\"527\" src=\"data:image\/gif;base64,R0lGODlhAQABAAAAACH5BAEKAAEALAAAAAABAAEAAAICTAEAOw==\" data-src=\"https:\/\/www.isdin.com\/es\/blog\/wp-content\/uploads\/2025\/06\/Imagen-en-el-contenido-26-1-1024x527.png\" alt=\"CARLOS ALCARAZ EN ROLAND-GARROS 2025\" class=\"wp-image-12168 lazyload\" data-sizes=\"auto\" data-srcset=\"https:\/\/www.isdin.com\/es\/blog\/wp-content\/uploads\/2025\/06\/Imagen-en-el-contenido-26-1-1024x527.png 1024w, https:\/\/www.isdin.com\/es\/blog\/wp-content\/uploads\/2025\/06\/Imagen-en-el-contenido-26-1-300x155.png 300w, https:\/\/www.isdin.com\/es\/blog\/wp-content\/uploads\/2025\/06\/Imagen-en-el-contenido-26-1-150x77.png 150w, https:\/\/www.isdin.com\/es\/blog\/wp-content\/uploads\/2025\/06\/Imagen-en-el-contenido-26-1-768x396.png 768w, https:\/\/www.isdin.com\/es\/blog\/wp-content\/uploads\/2025\/06\/Imagen-en-el-contenido-26-1-585x300.png 585w, https:\/\/www.isdin.com\/es\/blog\/wp-content\/uploads\/2025\/06\/Imagen-en-el-contenido-26-1-450x232.png 450w, https:\/\/www.isdin.com\/es\/blog\/wp-content\/uploads\/2025\/06\/Imagen-en-el-contenido-26-1-20x11.png 20w, https:\/\/www.isdin.com\/es\/blog\/wp-content\/uploads\/2025\/06\/Imagen-en-el-contenido-26-1-225x116.png 225w, https:\/\/www.isdin.com\/es\/blog\/wp-content\/uploads\/2025\/06\/Imagen-en-el-contenido-26-1-900x464.png 900w, https:\/\/www.isdin.com\/es\/blog\/wp-content\/uploads\/2025\/06\/Imagen-en-el-contenido-26-1.png 1200w\" sizes=\"auto, (max-width: 1024px) 100vw, 1024px\" \/><\/figure>\n\n\n\n<p><\/p>\n\n\n\n<p>La historia segu\u00eda latiendo en Par\u00eds\u2026 pero tambi\u00e9n en casa. Mientras el polvo de ladrillo cobraba vida en la Philippe Chatrier \u2014ese <strong>escenario de sue\u00f1os, esfuerzo y gloria<\/strong>\u2014, a m\u00e1s de mil kil\u00f3metros al sur, en el coraz\u00f3n de Barcelona, tambi\u00e9n se encend\u00eda la emoci\u00f3n. El 27 de mayo no solo marc\u00f3 el inicio de Roland-Garros, sino tambi\u00e9n el de un torneo vivido con la misma intensidad desde un rinc\u00f3n muy especial.<\/p>\n\n\n\n<p><a href=\"https:\/\/www.isdin.com\/es\/casa-isdin?utm_source=newsletter&amp;utm_medium=email&amp;utm_campaign=COM_ES_Email_NA_CM_ISD_COMM_AWAR_CasaISDIN_NA_NA&amp;cid=c95b32ea9091d968a8bcf25e9fc65e81\"><strong>Casa ISDIN<\/strong><\/a> abri\u00f3 sus puertas para vivir el Grand Slam de una forma \u00fanica. Desde nuestra sede, transformada en punto de encuentro, comenzamos a retransmitir en directo todos los partidos de nuestros dos grandes embajadores: <strong>Mirra Andreeva y <a href=\"https:\/\/www.isdin.com\/es\/blog\/carlos-alcaraz-te-invita-a-crear-momentos-magicos-con-fusion-water-magic\/\">Carlos Alcaraz<\/a>.<\/strong><\/p>\n\n\n\n<p><strong>Barcelona vivi\u00f3 Par\u00eds<\/strong>. Y lo vivi\u00f3 con alma ISDIN. Porque cuando <a href=\"https:\/\/www.isdin.com\/es\/blog\/conoce-isdinlovers\/\">nuestros embajadores<\/a> entran a la pista, nosotros entramos con ellos.<\/p>\n\n\n\n<h2 class=\"wp-block-heading\" id=\"h-1-la-gran-final-cuando-todo-se-alinea\">1. La gran final: cuando todo se alinea<\/h2>\n\n\n\n<p>Los d\u00edas pasaban, la emoci\u00f3n crec\u00eda y, desde <strong>Casa ISDIN<\/strong>, segu\u00edamos cada punto como si estuvi\u00e9ramos ah\u00ed. Partido a partido, Carlos Alcaraz avanzaba con una mezcla de fuerza, templanza y algo que ya se sent\u00eda en el aire: <strong>la certeza de que algo grande estaba por suceder.<\/strong> Cada victoria celebrada nos acercaba un paso m\u00e1s al destino que todos imagin\u00e1bamos, pero que solo se har\u00eda real con el golpe final.<\/p>\n\n\n\n<p>Y entonces\u2026 sucedi\u00f3.<\/p>\n\n\n\n<h3 class=\"wp-block-heading\" id=\"h-la-final-la-philippe-chatrier-el-polvo-de-ladrillo-el-cielo-de-paris\"><strong>La final. La Philippe Chatrier. El polvo de ladrillo. El cielo de Par\u00eds.<\/strong><\/h3>\n\n\n\n<figure class=\"wp-block-image size-large\"><img loading=\"lazy\" decoding=\"async\" width=\"1024\" height=\"527\" src=\"https:\/\/www.isdin.com\/es\/blog\/wp-content\/uploads\/2025\/06\/Imagen-en-el-contenido-22-1-1024x527.png\" alt=\"CEO DE ISDIN JUAN NAYA EN ROLAND-GARROS 2025\n\" class=\"wp-image-12167\" srcset=\"https:\/\/www.isdin.com\/es\/blog\/wp-content\/uploads\/2025\/06\/Imagen-en-el-contenido-22-1-1024x527.png 1024w, https:\/\/www.isdin.com\/es\/blog\/wp-content\/uploads\/2025\/06\/Imagen-en-el-contenido-22-1-300x155.png 300w, https:\/\/www.isdin.com\/es\/blog\/wp-content\/uploads\/2025\/06\/Imagen-en-el-contenido-22-1-150x77.png 150w, https:\/\/www.isdin.com\/es\/blog\/wp-content\/uploads\/2025\/06\/Imagen-en-el-contenido-22-1-768x396.png 768w, https:\/\/www.isdin.com\/es\/blog\/wp-content\/uploads\/2025\/06\/Imagen-en-el-contenido-22-1-585x300.png 585w, https:\/\/www.isdin.com\/es\/blog\/wp-content\/uploads\/2025\/06\/Imagen-en-el-contenido-22-1-450x232.png 450w, https:\/\/www.isdin.com\/es\/blog\/wp-content\/uploads\/2025\/06\/Imagen-en-el-contenido-22-1-20x11.png 20w, https:\/\/www.isdin.com\/es\/blog\/wp-content\/uploads\/2025\/06\/Imagen-en-el-contenido-22-1-225x116.png 225w, https:\/\/www.isdin.com\/es\/blog\/wp-content\/uploads\/2025\/06\/Imagen-en-el-contenido-22-1-900x464.png 900w, https:\/\/www.isdin.com\/es\/blog\/wp-content\/uploads\/2025\/06\/Imagen-en-el-contenido-22-1.png 1200w\" sizes=\"auto, (max-width: 1024px) 100vw, 1024px\" \/><\/figure>\n\n\n\n<p><\/p>\n\n\n\n<p>En las gradas, la expectaci\u00f3n era absoluta. All\u00ed estaba nuestro CEO, <strong>Juan Naya<\/strong>, acompa\u00f1ado por amigos y <a href=\"https:\/\/www.isdin.com\/es\/blog\/el-arte-del-equilibrio-una-conversacion-con-ona-carbonell\/\">embajadores<\/a> de la marca como <a href=\"https:\/\/www.isdin.com\/es\/blog\/la-piel-de-judit-masco-ya-tiene-el-papel-protagonista\/\"><strong>Judit Masc\u00f3<\/strong><\/a>, adem\u00e1s de creadores de contenido, profesionales e influencers que nos inspiran cada d\u00eda. Todos reunidos para presenciar un momento que no era solo un partido: <strong>era el desenlace de una historia compartida<\/strong>.<\/p>\n\n\n\n<div class=\"wp-block-media-text has-media-on-the-right is-stacked-on-mobile\"><div class=\"wp-block-media-text__content\">\n<p>En la pista, Carlos Alcaraz se enfrent\u00f3 a <a href=\"https:\/\/www.atptour.com\/es\/players\/jannik-sinner\/s0ag\/overview\">Jannik Sinner<\/a> en una final de alt\u00edsimo voltaje. Tras un arranque dominante y un tercer set de infarto, todo se defini\u00f3 en un quinto set donde, con solo 22 a\u00f1os, Carlos demostr\u00f3 por qu\u00e9 est\u00e1 llamado a marcar una era.<\/p>\n<\/div><figure class=\"wp-block-media-text__media\"><img loading=\"lazy\" decoding=\"async\" width=\"895\" height=\"1024\" src=\"data:image\/gif;base64,R0lGODlhAQABAAAAACH5BAEKAAEALAAAAAABAAEAAAICTAEAOw==\" data-src=\"https:\/\/www.isdin.com\/es\/blog\/wp-content\/uploads\/2025\/06\/Imagen-al-costado-8-1-895x1024.png\" alt=\"\" class=\"wp-image-12174 size-full lazyload\" data-sizes=\"auto\" data-srcset=\"https:\/\/www.isdin.com\/es\/blog\/wp-content\/uploads\/2025\/06\/Imagen-al-costado-8-1-895x1024.png 895w, https:\/\/www.isdin.com\/es\/blog\/wp-content\/uploads\/2025\/06\/Imagen-al-costado-8-1-262x300.png 262w, https:\/\/www.isdin.com\/es\/blog\/wp-content\/uploads\/2025\/06\/Imagen-al-costado-8-1-131x150.png 131w, https:\/\/www.isdin.com\/es\/blog\/wp-content\/uploads\/2025\/06\/Imagen-al-costado-8-1-768x879.png 768w, https:\/\/www.isdin.com\/es\/blog\/wp-content\/uploads\/2025\/06\/Imagen-al-costado-8-1-450x515.png 450w, https:\/\/www.isdin.com\/es\/blog\/wp-content\/uploads\/2025\/06\/Imagen-al-costado-8-1-225x257.png 225w, https:\/\/www.isdin.com\/es\/blog\/wp-content\/uploads\/2025\/06\/Imagen-al-costado-8-1-900x1030.png 900w, https:\/\/www.isdin.com\/es\/blog\/wp-content\/uploads\/2025\/06\/Imagen-al-costado-8-1-20x23.png 20w, https:\/\/www.isdin.com\/es\/blog\/wp-content\/uploads\/2025\/06\/Imagen-al-costado-8-1.png 1000w\" sizes=\"auto, (max-width: 895px) 100vw, 895px\" \/><\/figure><\/div>\n\n\n\n<p>Pero m\u00e1s all\u00e1 del resultado, <strong>lo que vivimos en la Philippe Chatrier fue una manifestaci\u00f3n clara de lo que representamos en ISDIN<\/strong>: el valor del esfuerzo, la humildad frente al reto, la pasi\u00f3n por superarse cada d\u00eda, y la grandeza que nace del <a href=\"https:\/\/www.isdin.com\/es\/blog\/isdin-2030-piel-planeta-objetivo\/\">compromiso verdadero<\/a>.<\/p>\n\n\n\n<p><strong>Carlos no solo levant\u00f3 un trofeo. Encarn\u00f3, punto a punto, los valores que llevamos en la piel.<\/strong><\/p>\n\n\n\n<h2 class=\"wp-block-heading\">La magia se sinti\u00f3 en todo Par\u00eds<\/h2>\n\n\n\n<p><strong>Durante dos semanas, Par\u00eds respir\u00f3 tenis, emoci\u00f3n y tambi\u00e9n ISDIN<\/strong>. Nuestro mensaje estuvo presente en cada rinc\u00f3n: desde las estaciones de metro hasta las calles m\u00e1s ic\u00f3nicas, marquesinas, soportes digitales y exteriores emblem\u00e1ticos. La capital francesa se llen\u00f3, literalmente, de nuestro <a href=\"https:\/\/www.isdin.com\/es\/blog\/dia-del-melanoma-prevencion-y-deteccion\/\">compromiso con la piel<\/a> y con las personas que la cuidan.<\/p>\n\n\n\n<figure class=\"wp-block-embed is-type-rich is-provider-instagram wp-block-embed-instagram\"><div class=\"wp-block-embed__wrapper\">\n<div class=\"sbi-embed-wrap\"><blockquote class=\"instagram-media sbi-embed\" data-instgrm-captioned data-instgrm-permalink=\"https:\/\/www.instagram.com\/reel\/DKmzr41idPK\/?utm_source=ig_embed&amp;utm_campaign=loading\" data-instgrm-version=\"14\" style=\" background:#FFF; border:0; border-radius:3px; box-shadow:0 0 1px 0 rgba(0,0,0,0.5),0 1px 10px 0 rgba(0,0,0,0.15); margin: 1px; max-width:500px; min-width:326px; padding:0; width:99.375%; width:-webkit-calc(100% - 2px); width:calc(100% - 2px);\"><div style=\"padding:16px;\"> <a href=\"https:\/\/www.instagram.com\/reel\/DKmzr41idPK\/?utm_source=ig_embed&amp;utm_campaign=loading\" style=\" background:#FFFFFF; line-height:0; padding:0 0; text-align:center; text-decoration:none; width:100%;\" target=\"_blank\"> <div style=\" display: flex; flex-direction: row; align-items: center;\"> <div style=\"background-color: #F4F4F4; border-radius: 50%; flex-grow: 0; height: 40px; margin-right: 14px; width: 40px;\"><\/div> <div style=\"display: flex; flex-direction: column; flex-grow: 1; justify-content: center;\"> <div style=\" background-color: #F4F4F4; border-radius: 4px; flex-grow: 0; height: 14px; margin-bottom: 6px; width: 100px;\"><\/div> <div style=\" background-color: #F4F4F4; border-radius: 4px; flex-grow: 0; height: 14px; width: 60px;\"><\/div><\/div><\/div><div style=\"padding: 19% 0;\"><\/div> <div style=\"display:block; height:50px; margin:0 auto 12px; width:50px;\"><svg width=\"50px\" height=\"50px\" viewBox=\"0 0 60 60\" version=\"1.1\" xmlns=\"https:\/\/www.w3.org\/2000\/svg\" xmlns:xlink=\"https:\/\/www.w3.org\/1999\/xlink\"><g stroke=\"none\" stroke-width=\"1\" fill=\"none\" fill-rule=\"evenodd\"><g transform=\"translate(-511.000000, -20.000000)\" fill=\"#000000\"><g><path d=\"M556.869,30.41 C554.814,30.41 553.148,32.076 553.148,34.131 C553.148,36.186 554.814,37.852 556.869,37.852 C558.924,37.852 560.59,36.186 560.59,34.131 C560.59,32.076 558.924,30.41 556.869,30.41 M541,60.657 C535.114,60.657 530.342,55.887 530.342,50 C530.342,44.114 535.114,39.342 541,39.342 C546.887,39.342 551.658,44.114 551.658,50 C551.658,55.887 546.887,60.657 541,60.657 M541,33.886 C532.1,33.886 524.886,41.1 524.886,50 C524.886,58.899 532.1,66.113 541,66.113 C549.9,66.113 557.115,58.899 557.115,50 C557.115,41.1 549.9,33.886 541,33.886 M565.378,62.101 C565.244,65.022 564.756,66.606 564.346,67.663 C563.803,69.06 563.154,70.057 562.106,71.106 C561.058,72.155 560.06,72.803 558.662,73.347 C557.607,73.757 556.021,74.244 553.102,74.378 C549.944,74.521 548.997,74.552 541,74.552 C533.003,74.552 532.056,74.521 528.898,74.378 C525.979,74.244 524.393,73.757 523.338,73.347 C521.94,72.803 520.942,72.155 519.894,71.106 C518.846,70.057 518.197,69.06 517.654,67.663 C517.244,66.606 516.755,65.022 516.623,62.101 C516.479,58.943 516.448,57.996 516.448,50 C516.448,42.003 516.479,41.056 516.623,37.899 C516.755,34.978 517.244,33.391 517.654,32.338 C518.197,30.938 518.846,29.942 519.894,28.894 C520.942,27.846 521.94,27.196 523.338,26.654 C524.393,26.244 525.979,25.756 528.898,25.623 C532.057,25.479 533.004,25.448 541,25.448 C548.997,25.448 549.943,25.479 553.102,25.623 C556.021,25.756 557.607,26.244 558.662,26.654 C560.06,27.196 561.058,27.846 562.106,28.894 C563.154,29.942 563.803,30.938 564.346,32.338 C564.756,33.391 565.244,34.978 565.378,37.899 C565.522,41.056 565.552,42.003 565.552,50 C565.552,57.996 565.522,58.943 565.378,62.101 M570.82,37.631 C570.674,34.438 570.167,32.258 569.425,30.349 C568.659,28.377 567.633,26.702 565.965,25.035 C564.297,23.368 562.623,22.342 560.652,21.575 C558.743,20.834 556.562,20.326 553.369,20.18 C550.169,20.033 549.148,20 541,20 C532.853,20 531.831,20.033 528.631,20.18 C525.438,20.326 523.257,20.834 521.349,21.575 C519.376,22.342 517.703,23.368 516.035,25.035 C514.368,26.702 513.342,28.377 512.574,30.349 C511.834,32.258 511.326,34.438 511.181,37.631 C511.035,40.831 511,41.851 511,50 C511,58.147 511.035,59.17 511.181,62.369 C511.326,65.562 511.834,67.743 512.574,69.651 C513.342,71.625 514.368,73.296 516.035,74.965 C517.703,76.634 519.376,77.658 521.349,78.425 C523.257,79.167 525.438,79.673 528.631,79.82 C531.831,79.965 532.853,80.001 541,80.001 C549.148,80.001 550.169,79.965 553.369,79.82 C556.562,79.673 558.743,79.167 560.652,78.425 C562.623,77.658 564.297,76.634 565.965,74.965 C567.633,73.296 568.659,71.625 569.425,69.651 C570.167,67.743 570.674,65.562 570.82,62.369 C570.966,59.17 571,58.147 571,50 C571,41.851 570.966,40.831 570.82,37.631\"><\/path><\/g><\/g><\/g><\/svg><\/div><div style=\"padding-top: 8px;\"> <div style=\" color:#3897f0; font-family:Arial,sans-serif; font-size:14px; font-style:normal; font-weight:550; line-height:18px;\">View this post on Instagram<\/div><\/div><div style=\"padding: 12.5% 0;\"><\/div> <div style=\"display: flex; flex-direction: row; margin-bottom: 14px; align-items: center;\"><div> <div style=\"background-color: #F4F4F4; border-radius: 50%; height: 12.5px; width: 12.5px; transform: translateX(0px) translateY(7px);\"><\/div> <div style=\"background-color: #F4F4F4; height: 12.5px; transform: rotate(-45deg) translateX(3px) translateY(1px); width: 12.5px; flex-grow: 0; margin-right: 14px; margin-left: 2px;\"><\/div> <div style=\"background-color: #F4F4F4; border-radius: 50%; height: 12.5px; width: 12.5px; transform: translateX(9px) translateY(-18px);\"><\/div><\/div><div style=\"margin-left: 8px;\"> <div style=\" background-color: #F4F4F4; border-radius: 50%; flex-grow: 0; height: 20px; width: 20px;\"><\/div> <div style=\" width: 0; height: 0; border-top: 2px solid transparent; border-left: 6px solid #f4f4f4; border-bottom: 2px solid transparent; transform: translateX(16px) translateY(-4px) rotate(30deg)\"><\/div><\/div><div style=\"margin-left: auto;\"> <div style=\" width: 0px; border-top: 8px solid #F4F4F4; border-right: 8px solid transparent; transform: translateY(16px);\"><\/div> <div style=\" background-color: #F4F4F4; flex-grow: 0; height: 12px; width: 16px; transform: translateY(-4px);\"><\/div> <div style=\" width: 0; height: 0; border-top: 8px solid #F4F4F4; border-left: 8px solid transparent; transform: translateY(-4px) translateX(8px);\"><\/div><\/div><\/div> <div style=\"display: flex; flex-direction: column; flex-grow: 1; justify-content: center; margin-bottom: 24px;\"> <div style=\" background-color: #F4F4F4; border-radius: 4px; flex-grow: 0; height: 14px; margin-bottom: 6px; width: 224px;\"><\/div> <div style=\" background-color: #F4F4F4; border-radius: 4px; flex-grow: 0; height: 14px; width: 144px;\"><\/div><\/div><\/a><p style=\" color:#c9c8cd; font-family:Arial,sans-serif; font-size:14px; line-height:17px; margin-bottom:0; margin-top:8px; overflow:hidden; padding:8px 0 7px; text-align:center; text-overflow:ellipsis; white-space:nowrap;\"><a href=\"https:\/\/www.instagram.com\/reel\/DKmzr41idPK\/?utm_source=ig_embed&amp;utm_campaign=loading\" style=\" color:#c9c8cd; font-family:Arial,sans-serif; font-size:14px; font-style:normal; font-weight:normal; line-height:17px; text-decoration:none;\" target=\"_blank\">A post shared by ISDIN Love your skin (@isdinfrance)<\/a><\/p><\/div><\/blockquote><script async src=\"\/\/platform.instagram.com\/en_US\/embeds.js\"><\/script><\/div>\n<\/div><\/figure>\n\n\n\n<p><strong>M\u00e1s all\u00e1 de los focos, los titulares y los trofeos, nos queda una certeza: lo que hacemos trasciende productos.<\/strong> Nace de la ciencia, s\u00ed, pero se proyecta en las emociones, en las relaciones, en la forma en que conectamos con el mundo. Estuvimos donde deb\u00edamos estar: junto a los que inspiran, los que se esfuerzan, los que viven intensamente lo que aman.<\/p>\n\n\n\n<p><strong>En ISDIN no solo protegemos la piel. La entendemos como un puente con todo lo que nos rodea.<\/strong> Cuidarla es cuidar lo que sentimos, lo que construimos, lo que so\u00f1amos. Y Roland-Garros fue el escenario perfecto para recordarlo.<\/p>\n","protected":false},"excerpt":{"rendered":"<p>\u00bfC\u00f3mo se resume una emoci\u00f3n que a\u00fan sentimos en la piel? Roland-Garros 2025 nos dej\u00f3 sin aliento. Y no solo por el nivel de tenis, sino por la pasi\u00f3n, las historias y todo lo que vivimos juntos en cada punto.<\/p>\n","protected":false},"author":69,"featured_media":12173,"comment_status":"closed","ping_status":"closed","sticky":false,"template":"","format":"image","meta":{"footnotes":""},"categories":[113],"tags":[501,500],"class_list":["post-12166","post","type-post","status-publish","format-image","has-post-thumbnail","hentry","category-embajadores-isdin","tag-carlos-alcaraz","tag-fusion-water-magic-by-alcaraz","post_format-post-format-image"],"yoast_head":"<!-- This site is optimized with the Yoast SEO Premium plugin v25.4 (Yoast SEO v25.4) - https:\/\/yoast.com\/wordpress\/plugins\/seo\/ -->\n<title>Desde Par\u00eds con amor: el Roland-Garros que marc\u00f3 historia para ISDIN - ISDIN<\/title>\n<meta name=\"description\" content=\"Revive los 5 momentos m\u00e1s memorables de Roland-Garros 2025 junto a nuestros embajadores. \u00a1Pura emoci\u00f3n en la tierra batida!\" \/>\n<meta name=\"robots\" content=\"index, follow, max-snippet:-1, max-image-preview:large, max-video-preview:-1\" \/>\n<link rel=\"canonical\" href=\"https:\/\/www.isdin.com\/es\/blog\/roland-garros-2025-historia-isdin\/\" \/>\n<meta property=\"og:locale\" content=\"es_ES\" \/>\n<meta property=\"og:type\" content=\"article\" \/>\n<meta property=\"og:title\" content=\"Desde Par\u00eds con amor: el Roland-Garros que marc\u00f3 historia para ISDIN\" \/>\n<meta property=\"og:description\" content=\"Revive los 5 momentos m\u00e1s memorables de Roland-Garros 2025 junto a nuestros embajadores. \u00a1Pura emoci\u00f3n en la tierra batida!\" \/>\n<meta property=\"og:url\" content=\"https:\/\/www.isdin.com\/es\/blog\/roland-garros-2025-historia-isdin\/\" \/>\n<meta property=\"og:site_name\" content=\"ISDIN\" \/>\n<meta property=\"article:publisher\" content=\"https:\/\/es-es.facebook.com\/ISDIN.official\/\" \/>\n<meta property=\"article:published_time\" content=\"2025-06-13T11:50:34+00:00\" \/>\n<meta property=\"article:modified_time\" content=\"2025-06-13T11:50:43+00:00\" \/>\n<meta property=\"og:image\" content=\"https:\/\/www.isdin.com\/es\/blog\/wp-content\/uploads\/2025\/06\/Header-3-3.png\" \/>\n\t<meta property=\"og:image:width\" content=\"1200\" \/>\n\t<meta property=\"og:image:height\" content=\"760\" \/>\n\t<meta property=\"og:image:type\" content=\"image\/png\" \/>\n<meta name=\"author\" content=\"Belinda Mart\u00ednez\" \/>\n<meta name=\"twitter:card\" content=\"summary_large_image\" \/>\n<meta name=\"twitter:creator\" content=\"@isdin_official\" \/>\n<meta name=\"twitter:site\" content=\"@isdin_official\" \/>\n<meta name=\"twitter:label1\" content=\"Written by\" \/>\n\t<meta name=\"twitter:data1\" content=\"Belinda Mart\u00ednez\" \/>\n\t<meta name=\"twitter:label2\" content=\"Est. reading time\" \/>\n\t<meta name=\"twitter:data2\" content=\"8 minutes\" \/>\n<script type=\"application\/ld+json\" class=\"yoast-schema-graph\">{\"@context\":\"https:\/\/schema.org\",\"@graph\":[{\"@type\":\"Article\",\"@id\":\"https:\/\/www.isdin.com\/es\/blog\/roland-garros-2025-historia-isdin\/#article\",\"isPartOf\":{\"@id\":\"https:\/\/www.isdin.com\/es\/blog\/roland-garros-2025-historia-isdin\/\"},\"author\":{\"name\":\"Belinda Mart\u00ednez\",\"@id\":\"https:\/\/www.isdin.com\/es\/blog\/#\/schema\/person\/684015d7d9e78124cb4aa660f6fe8576\"},\"headline\":\"Desde Par\u00eds con amor: el Roland-Garros que marc\u00f3 historia para ISDIN\",\"datePublished\":\"2025-06-13T11:50:34+00:00\",\"dateModified\":\"2025-06-13T11:50:43+00:00\",\"mainEntityOfPage\":{\"@id\":\"https:\/\/www.isdin.com\/es\/blog\/roland-garros-2025-historia-isdin\/\"},\"wordCount\":1410,\"publisher\":{\"@id\":\"https:\/\/www.isdin.com\/es\/blog\/#organization\"},\"image\":{\"@id\":\"https:\/\/www.isdin.com\/es\/blog\/roland-garros-2025-historia-isdin\/#primaryimage\"},\"thumbnailUrl\":\"https:\/\/www.isdin.com\/es\/blog\/wp-content\/uploads\/2025\/06\/Header-3-3.png\",\"keywords\":[\"carlos alcaraz\",\"fusion water magic by alcaraz\"],\"articleSection\":[\"Embajadores ISDIN\"],\"inLanguage\":\"es-ES\"},{\"@type\":\"WebPage\",\"@id\":\"https:\/\/www.isdin.com\/es\/blog\/roland-garros-2025-historia-isdin\/\",\"url\":\"https:\/\/www.isdin.com\/es\/blog\/roland-garros-2025-historia-isdin\/\",\"name\":\"Desde Par\u00eds con amor: el Roland-Garros que marc\u00f3 historia para ISDIN - ISDIN\",\"isPartOf\":{\"@id\":\"https:\/\/www.isdin.com\/es\/blog\/#website\"},\"primaryImageOfPage\":{\"@id\":\"https:\/\/www.isdin.com\/es\/blog\/roland-garros-2025-historia-isdin\/#primaryimage\"},\"image\":{\"@id\":\"https:\/\/www.isdin.com\/es\/blog\/roland-garros-2025-historia-isdin\/#primaryimage\"},\"thumbnailUrl\":\"https:\/\/www.isdin.com\/es\/blog\/wp-content\/uploads\/2025\/06\/Header-3-3.png\",\"datePublished\":\"2025-06-13T11:50:34+00:00\",\"dateModified\":\"2025-06-13T11:50:43+00:00\",\"description\":\"Revive los 5 momentos m\u00e1s memorables de Roland-Garros 2025 junto a nuestros embajadores. \u00a1Pura emoci\u00f3n en la tierra batida!\",\"breadcrumb\":{\"@id\":\"https:\/\/www.isdin.com\/es\/blog\/roland-garros-2025-historia-isdin\/#breadcrumb\"},\"inLanguage\":\"es-ES\",\"potentialAction\":[{\"@type\":\"ReadAction\",\"target\":[\"https:\/\/www.isdin.com\/es\/blog\/roland-garros-2025-historia-isdin\/\"]}]},{\"@type\":\"ImageObject\",\"inLanguage\":\"es-ES\",\"@id\":\"https:\/\/www.isdin.com\/es\/blog\/roland-garros-2025-historia-isdin\/#primaryimage\",\"url\":\"https:\/\/www.isdin.com\/es\/blog\/wp-content\/uploads\/2025\/06\/Header-3-3.png\",\"contentUrl\":\"https:\/\/www.isdin.com\/es\/blog\/wp-content\/uploads\/2025\/06\/Header-3-3.png\",\"width\":1200,\"height\":760,\"caption\":\"judit masco disfrutando de roland-garros 2025 en unas tumbonas del torneo naranjas\"},{\"@type\":\"BreadcrumbList\",\"@id\":\"https:\/\/www.isdin.com\/es\/blog\/roland-garros-2025-historia-isdin\/#breadcrumb\",\"itemListElement\":[{\"@type\":\"ListItem\",\"position\":1,\"name\":\"Portada\",\"item\":\"https:\/\/www.isdin.com\/es\/blog\/\"},{\"@type\":\"ListItem\",\"position\":2,\"name\":\"Desde Par\u00eds con amor: el Roland-Garros que marc\u00f3 historia para ISDIN\"}]},{\"@type\":\"WebSite\",\"@id\":\"https:\/\/www.isdin.com\/es\/blog\/#website\",\"url\":\"https:\/\/www.isdin.com\/es\/blog\/\",\"name\":\"ISDIN\",\"description\":\"Novedades, lanzamientos de productos y toda la experiencia de ISDIN\",\"publisher\":{\"@id\":\"https:\/\/www.isdin.com\/es\/blog\/#organization\"},\"potentialAction\":[{\"@type\":\"SearchAction\",\"target\":{\"@type\":\"EntryPoint\",\"urlTemplate\":\"https:\/\/www.isdin.com\/es\/blog\/?s={search_term_string}\"},\"query-input\":{\"@type\":\"PropertyValueSpecification\",\"valueRequired\":true,\"valueName\":\"search_term_string\"}}],\"inLanguage\":\"es-ES\"},{\"@type\":\"Organization\",\"@id\":\"https:\/\/www.isdin.com\/es\/blog\/#organization\",\"name\":\"ISDIN\",\"alternateName\":\"ISDIN\",\"url\":\"https:\/\/www.isdin.com\/es\/blog\/\",\"logo\":{\"@type\":\"ImageObject\",\"inLanguage\":\"es-ES\",\"@id\":\"https:\/\/www.isdin.com\/es\/blog\/#\/schema\/logo\/image\/\",\"url\":\"https:\/\/www.isdin.com\/es\/blog\/wp-content\/uploads\/2024\/05\/2025_03_GuiaFoto_FWM.png\",\"contentUrl\":\"https:\/\/www.isdin.com\/es\/blog\/wp-content\/uploads\/2024\/05\/2025_03_GuiaFoto_FWM.png\",\"width\":670,\"height\":683,\"caption\":\"ISDIN\"},\"image\":{\"@id\":\"https:\/\/www.isdin.com\/es\/blog\/#\/schema\/logo\/image\/\"},\"sameAs\":[\"https:\/\/es-es.facebook.com\/ISDIN.official\/\",\"https:\/\/x.com\/isdin_official\",\"https:\/\/www.instagram.com\/isdinofficial\",\"https:\/\/www.youtube.com\/channel\/UCtoNJMKpDwdFLqgV23_lcqg\"],\"telephone\":\"659997812\"},{\"@type\":\"Person\",\"@id\":\"https:\/\/www.isdin.com\/es\/blog\/#\/schema\/person\/684015d7d9e78124cb4aa660f6fe8576\",\"name\":\"Belinda Mart\u00ednez\",\"image\":{\"@type\":\"ImageObject\",\"inLanguage\":\"es-ES\",\"@id\":\"https:\/\/www.isdin.com\/es\/blog\/#\/schema\/person\/image\/\",\"url\":\"https:\/\/www.isdin.com\/es\/blog\/wp-content\/uploads\/2017\/07\/jjjj.jpg\",\"contentUrl\":\"https:\/\/www.isdin.com\/es\/blog\/wp-content\/uploads\/2017\/07\/jjjj.jpg\",\"caption\":\"Belinda Mart\u00ednez\"},\"description\":\"Belinda es periodista y copywriter creativa. Tras a\u00f1os de experiencia, decidi\u00f3 fusionar sus habilidades de escritura con su amor por el skincare, convirti\u00e9ndose en una especialista en la materia. \u00bfSu imprescindible? Un buen b\u00e1lsamo de labios.\",\"sameAs\":[\"https:\/\/www.linkedin.com\/in\/thisisbel\/\"],\"url\":\"https:\/\/www.isdin.com\/es\/blog\/author\/belindamartinez\/\"}]}<\/script>\n<!-- \/ Yoast SEO Premium plugin. -->","yoast_head_json":{"title":"Desde Par\u00eds con amor: el Roland-Garros que marc\u00f3 historia para ISDIN - ISDIN","description":"Revive los 5 momentos m\u00e1s memorables de Roland-Garros 2025 junto a nuestros embajadores. \u00a1Pura emoci\u00f3n en la tierra batida!","robots":{"index":"index","follow":"follow","max-snippet":"max-snippet:-1","max-image-preview":"max-image-preview:large","max-video-preview":"max-video-preview:-1"},"canonical":"https:\/\/www.isdin.com\/es\/blog\/roland-garros-2025-historia-isdin\/","og_locale":"es_ES","og_type":"article","og_title":"Desde Par\u00eds con amor: el Roland-Garros que marc\u00f3 historia para ISDIN","og_description":"Revive los 5 momentos m\u00e1s memorables de Roland-Garros 2025 junto a nuestros embajadores. \u00a1Pura emoci\u00f3n en la tierra batida!","og_url":"https:\/\/www.isdin.com\/es\/blog\/roland-garros-2025-historia-isdin\/","og_site_name":"ISDIN","article_publisher":"https:\/\/es-es.facebook.com\/ISDIN.official\/","article_published_time":"2025-06-13T11:50:34+00:00","article_modified_time":"2025-06-13T11:50:43+00:00","og_image":[{"width":1200,"height":760,"url":"https:\/\/www.isdin.com\/es\/blog\/wp-content\/uploads\/2025\/06\/Header-3-3.png","type":"image\/png"}],"author":"Belinda Mart\u00ednez","twitter_card":"summary_large_image","twitter_creator":"@isdin_official","twitter_site":"@isdin_official","twitter_misc":{"Written by":"Belinda Mart\u00ednez","Est. reading time":"8 minutes"},"schema":{"@context":"https:\/\/schema.org","@graph":[{"@type":"Article","@id":"https:\/\/www.isdin.com\/es\/blog\/roland-garros-2025-historia-isdin\/#article","isPartOf":{"@id":"https:\/\/www.isdin.com\/es\/blog\/roland-garros-2025-historia-isdin\/"},"author":{"name":"Belinda Mart\u00ednez","@id":"https:\/\/www.isdin.com\/es\/blog\/#\/schema\/person\/684015d7d9e78124cb4aa660f6fe8576"},"headline":"Desde Par\u00eds con amor: el Roland-Garros que marc\u00f3 historia para ISDIN","datePublished":"2025-06-13T11:50:34+00:00","dateModified":"2025-06-13T11:50:43+00:00","mainEntityOfPage":{"@id":"https:\/\/www.isdin.com\/es\/blog\/roland-garros-2025-historia-isdin\/"},"wordCount":1410,"publisher":{"@id":"https:\/\/www.isdin.com\/es\/blog\/#organization"},"image":{"@id":"https:\/\/www.isdin.com\/es\/blog\/roland-garros-2025-historia-isdin\/#primaryimage"},"thumbnailUrl":"https:\/\/www.isdin.com\/es\/blog\/wp-content\/uploads\/2025\/06\/Header-3-3.png","keywords":["carlos alcaraz","fusion water magic by alcaraz"],"articleSection":["Embajadores ISDIN"],"inLanguage":"es-ES"},{"@type":"WebPage","@id":"https:\/\/www.isdin.com\/es\/blog\/roland-garros-2025-historia-isdin\/","url":"https:\/\/www.isdin.com\/es\/blog\/roland-garros-2025-historia-isdin\/","name":"Desde Par\u00eds con amor: el Roland-Garros que marc\u00f3 historia para ISDIN - ISDIN","isPartOf":{"@id":"https:\/\/www.isdin.com\/es\/blog\/#website"},"primaryImageOfPage":{"@id":"https:\/\/www.isdin.com\/es\/blog\/roland-garros-2025-historia-isdin\/#primaryimage"},"image":{"@id":"https:\/\/www.isdin.com\/es\/blog\/roland-garros-2025-historia-isdin\/#primaryimage"},"thumbnailUrl":"https:\/\/www.isdin.com\/es\/blog\/wp-content\/uploads\/2025\/06\/Header-3-3.png","datePublished":"2025-06-13T11:50:34+00:00","dateModified":"2025-06-13T11:50:43+00:00","description":"Revive los 5 momentos m\u00e1s memorables de Roland-Garros 2025 junto a nuestros embajadores. \u00a1Pura emoci\u00f3n en la tierra batida!","breadcrumb":{"@id":"https:\/\/www.isdin.com\/es\/blog\/roland-garros-2025-historia-isdin\/#breadcrumb"},"inLanguage":"es-ES","potentialAction":[{"@type":"ReadAction","target":["https:\/\/www.isdin.com\/es\/blog\/roland-garros-2025-historia-isdin\/"]}]},{"@type":"ImageObject","inLanguage":"es-ES","@id":"https:\/\/www.isdin.com\/es\/blog\/roland-garros-2025-historia-isdin\/#primaryimage","url":"https:\/\/www.isdin.com\/es\/blog\/wp-content\/uploads\/2025\/06\/Header-3-3.png","contentUrl":"https:\/\/www.isdin.com\/es\/blog\/wp-content\/uploads\/2025\/06\/Header-3-3.png","width":1200,"height":760,"caption":"judit masco disfrutando de roland-garros 2025 en unas tumbonas del torneo naranjas"},{"@type":"BreadcrumbList","@id":"https:\/\/www.isdin.com\/es\/blog\/roland-garros-2025-historia-isdin\/#breadcrumb","itemListElement":[{"@type":"ListItem","position":1,"name":"Portada","item":"https:\/\/www.isdin.com\/es\/blog\/"},{"@type":"ListItem","position":2,"name":"Desde Par\u00eds con amor: el Roland-Garros que marc\u00f3 historia para ISDIN"}]},{"@type":"WebSite","@id":"https:\/\/www.isdin.com\/es\/blog\/#website","url":"https:\/\/www.isdin.com\/es\/blog\/","name":"ISDIN","description":"Novedades, lanzamientos de productos y toda la experiencia de ISDIN","publisher":{"@id":"https:\/\/www.isdin.com\/es\/blog\/#organization"},"potentialAction":[{"@type":"SearchAction","target":{"@type":"EntryPoint","urlTemplate":"https:\/\/www.isdin.com\/es\/blog\/?s={search_term_string}"},"query-input":{"@type":"PropertyValueSpecification","valueRequired":true,"valueName":"search_term_string"}}],"inLanguage":"es-ES"},{"@type":"Organization","@id":"https:\/\/www.isdin.com\/es\/blog\/#organization","name":"ISDIN","alternateName":"ISDIN","url":"https:\/\/www.isdin.com\/es\/blog\/","logo":{"@type":"ImageObject","inLanguage":"es-ES","@id":"https:\/\/www.isdin.com\/es\/blog\/#\/schema\/logo\/image\/","url":"https:\/\/www.isdin.com\/es\/blog\/wp-content\/uploads\/2024\/05\/2025_03_GuiaFoto_FWM.png","contentUrl":"https:\/\/www.isdin.com\/es\/blog\/wp-content\/uploads\/2024\/05\/2025_03_GuiaFoto_FWM.png","width":670,"height":683,"caption":"ISDIN"},"image":{"@id":"https:\/\/www.isdin.com\/es\/blog\/#\/schema\/logo\/image\/"},"sameAs":["https:\/\/es-es.facebook.com\/ISDIN.official\/","https:\/\/x.com\/isdin_official","https:\/\/www.instagram.com\/isdinofficial","https:\/\/www.youtube.com\/channel\/UCtoNJMKpDwdFLqgV23_lcqg"],"telephone":"659997812"},{"@type":"Person","@id":"https:\/\/www.isdin.com\/es\/blog\/#\/schema\/person\/684015d7d9e78124cb4aa660f6fe8576","name":"Belinda Mart\u00ednez","image":{"@type":"ImageObject","inLanguage":"es-ES","@id":"https:\/\/www.isdin.com\/es\/blog\/#\/schema\/person\/image\/","url":"https:\/\/www.isdin.com\/es\/blog\/wp-content\/uploads\/2017\/07\/jjjj.jpg","contentUrl":"https:\/\/www.isdin.com\/es\/blog\/wp-content\/uploads\/2017\/07\/jjjj.jpg","caption":"Belinda Mart\u00ednez"},"description":"Belinda es periodista y copywriter creativa. Tras a\u00f1os de experiencia, decidi\u00f3 fusionar sus habilidades de escritura con su amor por el skincare, convirti\u00e9ndose en una especialista en la materia. \u00bfSu imprescindible? Un buen b\u00e1lsamo de labios.","sameAs":["https:\/\/www.linkedin.com\/in\/thisisbel\/"],"url":"https:\/\/www.isdin.com\/es\/blog\/author\/belindamartinez\/"}]}},"_links":{"self":[{"href":"https:\/\/www.isdin.com\/es\/blog\/wp-json\/wp\/v2\/posts\/12166","targetHints":{"allow":["GET"]}}],"collection":[{"href":"https:\/\/www.isdin.com\/es\/blog\/wp-json\/wp\/v2\/posts"}],"about":[{"href":"https:\/\/www.isdin.com\/es\/blog\/wp-json\/wp\/v2\/types\/post"}],"author":[{"embeddable":true,"href":"https:\/\/www.isdin.com\/es\/blog\/wp-json\/wp\/v2\/users\/69"}],"replies":[{"embeddable":true,"href":"https:\/\/www.isdin.com\/es\/blog\/wp-json\/wp\/v2\/comments?post=12166"}],"version-history":[{"count":1,"href":"https:\/\/www.isdin.com\/es\/blog\/wp-json\/wp\/v2\/posts\/12166\/revisions"}],"predecessor-version":[{"id":12175,"href":"https:\/\/www.isdin.com\/es\/blog\/wp-json\/wp\/v2\/posts\/12166\/revisions\/12175"}],"wp:featuredmedia":[{"embeddable":true,"href":"https:\/\/www.isdin.com\/es\/blog\/wp-json\/wp\/v2\/media\/12173"}],"wp:attachment":[{"href":"https:\/\/www.isdin.com\/es\/blog\/wp-json\/wp\/v2\/media?parent=12166"}],"wp:term":[{"taxonomy":"category","embeddable":true,"href":"https:\/\/www.isdin.com\/es\/blog\/wp-json\/wp\/v2\/categories?post=12166"},{"taxonomy":"post_tag","embeddable":true,"href":"https:\/\/www.isdin.com\/es\/blog\/wp-json\/wp\/v2\/tags?post=12166"}],"curies":[{"name":"wp","href":"https:\/\/api.w.org\/{rel}","templated":true}]}}