{"id":12150,"date":"2025-06-12T15:13:55","date_gmt":"2025-06-12T15:13:55","guid":{"rendered":"https:\/\/www.isdin.com\/es\/blog\/?p=12150"},"modified":"2025-09-17T14:04:25","modified_gmt":"2025-09-17T14:04:25","slug":"el-arte-del-equilibrio-una-conversacion-con-ona-carbonell","status":"publish","type":"post","link":"https:\/\/www.isdin.com\/es\/blog\/el-arte-del-equilibrio-una-conversacion-con-ona-carbonell\/","title":{"rendered":"El arte del equilibrio: una conversaci\u00f3n con Ona Carbonell"},"content":{"rendered":"\n<p>\u00bfQu\u00e9 significa realmente encontrar el equilibrio? Para Ona Carbonell, campeona ol\u00edmpica, dise\u00f1adora de moda y madre, es una coreograf\u00eda constante entre pasi\u00f3n, disciplina y prop\u00f3sito. En el \u00faltimo episodio de nuestro podcast <strong>\u2018Healthy, Happy, Beautiful Lives\u2019<\/strong> hablamos con ella sobre deporte, conciliaci\u00f3n, creatividad y sostenibilidad. Y descubrimos que su historia es tambi\u00e9n una invitaci\u00f3n a reflexionar sobre c\u00f3mo vivimos, sentimos y evolucionamos.<\/p>\n\n\n\n<h2 class=\"wp-block-heading\" id=\"h-conciliar-es-avanzar\">Conciliar es avanzar<\/h2>\n\n\n\n<p><strong>\u201cEl deporte te ense\u00f1a una de las cosas m\u00e1s importantes: adaptarte\u201d<\/strong>, nos dice Ona Carbonell con la calma de quien ha pasado a\u00f1os navegando entre el esfuerzo, la superaci\u00f3n y la incertidumbre. Como una de las <strong>nadadoras sincronizadas <a href=\"https:\/\/www.olympics.com\/es\/atletas\/ona-carbonell\">m\u00e1s reconocidas de Espa\u00f1a<\/a>, con m\u00faltiples medallas en campeonatos mundiales y ol\u00edmpicos<\/strong>, Ona sabe bien lo que implica enfrentar desaf\u00edos constantes. Adaptarse a las circunstancias, a los rivales, a las lesiones&#8230; incluso al fracaso: \u201cHe aprendido a entender el fracaso como parte del camino al \u00e9xito. Entender que cuando te caes, levantarte, aprender y seguir luchando te da alas para volar fuera del deporte\u201d.<\/p>\n\n\n\n<blockquote class=\"wp-block-quote is-layout-flow wp-block-quote-is-layout-flow\">\n<p>\u201cHe aprendido a entender el fracaso como parte del camino al \u00e9xito\u201d. <\/p>\n<cite>Ona Carbonell, exnadadora ol\u00edmpica de nataci\u00f3n sincronizada, madre y embajadora de ISDIN.<\/cite><\/blockquote>\n\n\n\n<figure class=\"wp-block-image size-large\"><img loading=\"lazy\" decoding=\"async\" width=\"1024\" height=\"527\" src=\"data:image\/gif;base64,R0lGODlhAQABAAAAACH5BAEKAAEALAAAAAABAAEAAAICTAEAOw==\" data-src=\"https:\/\/www.isdin.com\/es\/blog\/wp-content\/uploads\/2025\/06\/Imagen-en-el-contenido-12-1-1024x527.png\" alt=\"\" class=\"wp-image-12155 lazyload\" data-sizes=\"auto\" data-srcset=\"https:\/\/www.isdin.com\/es\/blog\/wp-content\/uploads\/2025\/06\/Imagen-en-el-contenido-12-1-1024x527.png 1024w, https:\/\/www.isdin.com\/es\/blog\/wp-content\/uploads\/2025\/06\/Imagen-en-el-contenido-12-1-300x155.png 300w, https:\/\/www.isdin.com\/es\/blog\/wp-content\/uploads\/2025\/06\/Imagen-en-el-contenido-12-1-150x77.png 150w, https:\/\/www.isdin.com\/es\/blog\/wp-content\/uploads\/2025\/06\/Imagen-en-el-contenido-12-1-768x396.png 768w, https:\/\/www.isdin.com\/es\/blog\/wp-content\/uploads\/2025\/06\/Imagen-en-el-contenido-12-1-585x300.png 585w, https:\/\/www.isdin.com\/es\/blog\/wp-content\/uploads\/2025\/06\/Imagen-en-el-contenido-12-1-450x232.png 450w, https:\/\/www.isdin.com\/es\/blog\/wp-content\/uploads\/2025\/06\/Imagen-en-el-contenido-12-1-20x11.png 20w, https:\/\/www.isdin.com\/es\/blog\/wp-content\/uploads\/2025\/06\/Imagen-en-el-contenido-12-1-225x116.png 225w, https:\/\/www.isdin.com\/es\/blog\/wp-content\/uploads\/2025\/06\/Imagen-en-el-contenido-12-1-900x464.png 900w, https:\/\/www.isdin.com\/es\/blog\/wp-content\/uploads\/2025\/06\/Imagen-en-el-contenido-12-1.png 1200w\" sizes=\"auto, (max-width: 1024px) 100vw, 1024px\" \/><\/figure>\n\n\n\n<p><\/p>\n\n\n\n<p>Como <a href=\"https:\/\/www.isdin.com\/es\/blog\/ona-carbonell-viaje-por-la-maternidad\/\">madre<\/a> y deportista de \u00e9lite, Ona ha vivido en primera persona los retos de la conciliaci\u00f3n. Pero su desaf\u00edo no se queda ah\u00ed: preside la <strong>Comisi\u00f3n de Maternidad y Deporte del Comit\u00e9 Ol\u00edmpico Espa\u00f1ol (<a href=\"https:\/\/www.coe.es\/\">COE<\/a>)<\/strong>, un espacio creado para visibilizar y transformar la realidad de las <a href=\"https:\/\/www.isdin.com\/es\/blog\/hacer-deporte-trimestres-del-embarazo\/\">mujeres en el deporte<\/a>. \u201cUna mujer embarazada necesita un preparador f\u00edsico que sepa entrenar durante el embarazo, una ginec\u00f3loga espec\u00edfica que sepa sobre alto rendimiento\u2026\u201d, todos cuentan.<\/p>\n\n\n\n<p>Desde la comisi\u00f3n, Ona ha impulsado una <strong>red de expertos que acompa\u00f1a a las deportistas antes, <a href=\"https:\/\/www.isdin.com\/es\/blog\/el-suelo-pelvico-y-el-embarazo\/\">durante<\/a> y <a href=\"https:\/\/www.isdin.com\/es\/blog\/un-ejercicio-posparto-a-tu-manera\/\">despu\u00e9s del embarazo<\/a><\/strong>, y promueve medidas como la creaci\u00f3n de s<a href=\"https:\/\/www.elmundo.es\/yodona\/actualidad\/2024\/07\/30\/66a777bee85ece9c598b4587.html\">alas de lactancia en la villa ol\u00edmpica<\/a>, o la congelaci\u00f3n del ranking durante el embarazo. Porque cualquier cambio requiere esfuerzo, pero tambi\u00e9n apoyo.<\/p>\n\n\n\n<h3 class=\"wp-block-heading\" id=\"h-una-vida-que-va-mas-alla-del-podio\">Una vida que va m\u00e1s all\u00e1 del podio<\/h3>\n\n\n\n<figure class=\"wp-block-image size-large\"><img loading=\"lazy\" decoding=\"async\" width=\"1024\" height=\"527\" src=\"data:image\/gif;base64,R0lGODlhAQABAAAAACH5BAEKAAEALAAAAAABAAEAAAICTAEAOw==\" data-src=\"https:\/\/www.isdin.com\/es\/blog\/wp-content\/uploads\/2025\/06\/Imagen-en-el-contenido-16-1-1024x527.png\" alt=\"telas inspiradas en la marca de ropa de Ona Carbonell\" class=\"wp-image-12154 lazyload\" data-sizes=\"auto\" data-srcset=\"https:\/\/www.isdin.com\/es\/blog\/wp-content\/uploads\/2025\/06\/Imagen-en-el-contenido-16-1-1024x527.png 1024w, https:\/\/www.isdin.com\/es\/blog\/wp-content\/uploads\/2025\/06\/Imagen-en-el-contenido-16-1-300x155.png 300w, https:\/\/www.isdin.com\/es\/blog\/wp-content\/uploads\/2025\/06\/Imagen-en-el-contenido-16-1-150x77.png 150w, https:\/\/www.isdin.com\/es\/blog\/wp-content\/uploads\/2025\/06\/Imagen-en-el-contenido-16-1-768x396.png 768w, https:\/\/www.isdin.com\/es\/blog\/wp-content\/uploads\/2025\/06\/Imagen-en-el-contenido-16-1-585x300.png 585w, https:\/\/www.isdin.com\/es\/blog\/wp-content\/uploads\/2025\/06\/Imagen-en-el-contenido-16-1-450x232.png 450w, https:\/\/www.isdin.com\/es\/blog\/wp-content\/uploads\/2025\/06\/Imagen-en-el-contenido-16-1-20x11.png 20w, https:\/\/www.isdin.com\/es\/blog\/wp-content\/uploads\/2025\/06\/Imagen-en-el-contenido-16-1-225x116.png 225w, https:\/\/www.isdin.com\/es\/blog\/wp-content\/uploads\/2025\/06\/Imagen-en-el-contenido-16-1-900x464.png 900w, https:\/\/www.isdin.com\/es\/blog\/wp-content\/uploads\/2025\/06\/Imagen-en-el-contenido-16-1.png 1200w\" sizes=\"auto, (max-width: 1024px) 100vw, 1024px\" \/><\/figure>\n\n\n\n<p><\/p>\n\n\n\n<p>Ona se prepar\u00f3 para su retirada sin dejar de estar en activo. Lejos de esperar a que el final de su carrera llegara por s\u00ed solo, se anticip\u00f3 al cambio con una visi\u00f3n clara: seguir creciendo. Sali\u00f3 de su zona de confort, se form\u00f3 como dise\u00f1adora de moda, escribi\u00f3, se culturiz\u00f3 y se interes\u00f3 por todo aquello que la ayudara a <strong>construir una nueva identidad m\u00e1s all\u00e1 de la nataci\u00f3n sincronizada<\/strong>.<\/p>\n\n\n\n<p>\u201cTodo lo que he hecho fuera del deporte no era solo para prepararme en mi retirada, que tambi\u00e9n, sino porque eso tambi\u00e9n te ense\u00f1a a coger tablas para resolver situaciones fuera de tu zona de confort\u201d, nos cuenta.<\/p>\n\n\n\n<blockquote class=\"wp-block-quote is-layout-flow wp-block-quote-is-layout-flow\">\n<p>\u201cTodo lo que he hecho fuera del deporte no era solo para prepararme en mi retirada\u201d. <\/p>\n<cite>Ona Carbonell, exnadadora ol\u00edmpica de nataci\u00f3n sincronizada, madre y embajadora de ISDIN.<\/cite><\/blockquote>\n\n\n\n<p>Hoy, su firma <a href=\"https:\/\/onacarbonellcollection.com\/\"><em>Ona<\/em><\/a> es una extensi\u00f3n natural de ese recorrido. Una marca que combina funcionalidad, elegancia y respeto por el cuerpo en movimiento. Dise\u00f1os pensados para quienes disfrutan del mar y la piscina, que buscan sentir comodidad, libertad y autenticidad en cada gesto. Porque el equilibrio tambi\u00e9n est\u00e1 en c\u00f3mo una prenda se adapta a ti, sin imponerse, acompa\u00f1\u00e1ndote dentro y fuera del agua.<\/p>\n\n\n\n<h2 class=\"wp-block-heading\" id=\"h-comprometida-con-el-mar\">Comprometida con el mar<\/h2>\n\n\n\n<p>M\u00e1s all\u00e1 de las medallas y los r\u00e9cords, Ona Carbonell encarna una conexi\u00f3n \u00edntima con el agua. Para la exnadadora ol\u00edmpica, <strong>el mar no es solo un escenario de competici\u00f3n, sino un origen, <a href=\"https:\/\/www.isdin.com\/es\/blog\/el-mediterraneo-fuente-de-vida-e-inspiracion\/\">una fuente inagotable de inspiraci\u00f3n<\/a> y una causa vital que merece nuestra m\u00e1xima atenci\u00f3n<\/strong>. \u201dSolo tenemos un planeta y hay que cuidarlo\u201d, nos recuerda.<\/p>\n\n\n\n<figure class=\"wp-block-image size-large\"><img loading=\"lazy\" decoding=\"async\" width=\"1024\" height=\"527\" src=\"data:image\/gif;base64,R0lGODlhAQABAAAAACH5BAEKAAEALAAAAAABAAEAAAICTAEAOw==\" data-src=\"https:\/\/www.isdin.com\/es\/blog\/wp-content\/uploads\/2025\/06\/Imagen-en-el-contenido-15-1-1024x527.png\" alt=\"ONA CARBONELL EN CHARLA DE LOS BLUEWAVES DE isdin\" class=\"wp-image-12153 lazyload\" data-sizes=\"auto\" data-srcset=\"https:\/\/www.isdin.com\/es\/blog\/wp-content\/uploads\/2025\/06\/Imagen-en-el-contenido-15-1-1024x527.png 1024w, https:\/\/www.isdin.com\/es\/blog\/wp-content\/uploads\/2025\/06\/Imagen-en-el-contenido-15-1-300x155.png 300w, https:\/\/www.isdin.com\/es\/blog\/wp-content\/uploads\/2025\/06\/Imagen-en-el-contenido-15-1-150x77.png 150w, https:\/\/www.isdin.com\/es\/blog\/wp-content\/uploads\/2025\/06\/Imagen-en-el-contenido-15-1-768x396.png 768w, https:\/\/www.isdin.com\/es\/blog\/wp-content\/uploads\/2025\/06\/Imagen-en-el-contenido-15-1-585x300.png 585w, https:\/\/www.isdin.com\/es\/blog\/wp-content\/uploads\/2025\/06\/Imagen-en-el-contenido-15-1-450x232.png 450w, https:\/\/www.isdin.com\/es\/blog\/wp-content\/uploads\/2025\/06\/Imagen-en-el-contenido-15-1-20x11.png 20w, https:\/\/www.isdin.com\/es\/blog\/wp-content\/uploads\/2025\/06\/Imagen-en-el-contenido-15-1-225x116.png 225w, https:\/\/www.isdin.com\/es\/blog\/wp-content\/uploads\/2025\/06\/Imagen-en-el-contenido-15-1-900x464.png 900w, https:\/\/www.isdin.com\/es\/blog\/wp-content\/uploads\/2025\/06\/Imagen-en-el-contenido-15-1.png 1200w\" sizes=\"auto, (max-width: 1024px) 100vw, 1024px\" \/><\/figure>\n\n\n\n<p><\/p>\n\n\n\n<p>Su pasi\u00f3n por el mar fue la que la llev\u00f3 a convertirse en embajadora de <a href=\"https:\/\/www.bluewavealliance.org\/\"><strong>Bluewave Alliance<\/strong><\/a>, un movimiento impulsado por <a href=\"https:\/\/www.isdin.com\/es\/blog\/isdin-2030-piel-planeta-objetivo\/\">ISDIN<\/a> que fusiona ciencia, educaci\u00f3n y activismo para proteger y regenerar los oc\u00e9anos. Este a\u00f1o, los <strong>Bluewave Days<\/strong> volvieron a desplegar su magia en 36 enclaves del Mediterr\u00e1neo, movilizando a <strong>m\u00e1s de 2.500 personas<\/strong> en un gesto colectivo de amor por el mar. <\/p>\n\n\n\n<p>Desde limpiezas de playas hasta la siembra de <a href=\"https:\/\/www.miteco.gob.es\/es\/parques-nacionales-oapn\/centros-fincas\/chafarinas\/posidonia.html\">Posidonia oce\u00e1nica<\/a>, pasando por inmersiones guiadas que revelaron los secretos de la biodiversidad marina, estas jornadas no solo invitaron a actuar, sino a entender y sentir la urgencia de preservar este tesoro natural que es el mar Mediterr\u00e1neo.<\/p>\n\n\n\n<h2 class=\"wp-block-heading\" id=\"h-un-episodio-que-une-fuerza-sensibilidad-y-proposito\">Un episodio que une fuerza, sensibilidad y prop\u00f3sito<\/h2>\n\n\n\n<p>Con ese mismo esp\u00edritu de conexi\u00f3n y respeto hacia el mar y el entorno que nos rodea, en nuestro episodio del podcast <em><strong>El arte del equilibrio<\/strong><\/em>, Ona Carbonell nos invita a acompa\u00f1arla en un viaje \u00edntimo y revelador. Como amante del agua en todas sus formas, como atleta que ha desafiado l\u00edmites, como dise\u00f1adora que encuentra inspiraci\u00f3n en la belleza natural, y como <a href=\"https:\/\/www.isdin.com\/es\/blog\/tag\/embarazo\/\">madre<\/a> que sue\u00f1a con un futuro sostenible para las pr\u00f3ximas generaciones, Ona comparte con sinceridad su visi\u00f3n y sus aprendizajes.<\/p>\n\n\n\n<figure class=\"wp-block-image size-large\"><img loading=\"lazy\" decoding=\"async\" width=\"1024\" height=\"527\" src=\"data:image\/gif;base64,R0lGODlhAQABAAAAACH5BAEKAAEALAAAAAABAAEAAAICTAEAOw==\" data-src=\"https:\/\/www.isdin.com\/es\/blog\/wp-content\/uploads\/2025\/06\/Imagen-en-el-contenido-11-1-1024x527.png\" alt=\"\" class=\"wp-image-12152 lazyload\" data-sizes=\"auto\" data-srcset=\"https:\/\/www.isdin.com\/es\/blog\/wp-content\/uploads\/2025\/06\/Imagen-en-el-contenido-11-1-1024x527.png 1024w, https:\/\/www.isdin.com\/es\/blog\/wp-content\/uploads\/2025\/06\/Imagen-en-el-contenido-11-1-300x155.png 300w, https:\/\/www.isdin.com\/es\/blog\/wp-content\/uploads\/2025\/06\/Imagen-en-el-contenido-11-1-150x77.png 150w, https:\/\/www.isdin.com\/es\/blog\/wp-content\/uploads\/2025\/06\/Imagen-en-el-contenido-11-1-768x396.png 768w, https:\/\/www.isdin.com\/es\/blog\/wp-content\/uploads\/2025\/06\/Imagen-en-el-contenido-11-1-585x300.png 585w, https:\/\/www.isdin.com\/es\/blog\/wp-content\/uploads\/2025\/06\/Imagen-en-el-contenido-11-1-450x232.png 450w, https:\/\/www.isdin.com\/es\/blog\/wp-content\/uploads\/2025\/06\/Imagen-en-el-contenido-11-1-20x11.png 20w, https:\/\/www.isdin.com\/es\/blog\/wp-content\/uploads\/2025\/06\/Imagen-en-el-contenido-11-1-225x116.png 225w, https:\/\/www.isdin.com\/es\/blog\/wp-content\/uploads\/2025\/06\/Imagen-en-el-contenido-11-1-900x464.png 900w, https:\/\/www.isdin.com\/es\/blog\/wp-content\/uploads\/2025\/06\/Imagen-en-el-contenido-11-1.png 1200w\" sizes=\"auto, (max-width: 1024px) 100vw, 1024px\" \/><\/figure>\n\n\n\n<p><\/p>\n\n\n\n<p>En esta conversaci\u00f3n profunda, nos revela una filosof\u00eda que va m\u00e1s all\u00e1 del \u00e9xito tradicional: <strong>el verdadero triunfo no se mide en momentos fugaces de gloria, sino en la elegancia con la que abrazamos la transformaci\u00f3n constante, aceptamos la imperfecci\u00f3n y usamos el poder de nuestra voz y nuestras acciones para generar un impacto real y duradero<\/strong>.<\/p>\n\n\n\n<p><\/p>\n\n\n\n<p class=\"has-background\" style=\"background-color:#f1dfbf\">\u00a1Escucha el <a href=\"https:\/\/apps.apple.com\/es\/app\/isdin\/id6479642564\">episodio completo con Ona Carbonell en nuestra app<\/a>!<\/p>\n\n\n\n<p>Nos habla del equilibrio entre la fuerza y la sensibilidad, de c\u00f3mo conectar con uno mismo y con la naturaleza puede convertirse en la clave para vivir con prop\u00f3sito y coherencia. Porque cuidar lo que nos envuelve es tambi\u00e9n una forma de cuidarnos a nosotros mismos y un acto de amor que trasciende lo individual.<\/p>\n","protected":false},"excerpt":{"rendered":"<p>\u00bfQu\u00e9 significa realmente encontrar el equilibrio? Para Ona Carbonell, campeona ol\u00edmpica, dise\u00f1adora de moda y madre, es una coreograf\u00eda constante entre pasi\u00f3n, disciplina y prop\u00f3sito.<\/p>\n","protected":false},"author":3,"featured_media":12156,"comment_status":"closed","ping_status":"closed","sticky":false,"template":"","format":"image","meta":{"footnotes":""},"categories":[1,113],"tags":[354,452,508],"class_list":["post-12150","post","type-post","status-publish","format-image","has-post-thumbnail","hentry","category-consejos-cuidados","category-embajadores-isdin","tag-deporte","tag-embajadores","tag-podcast","post_format-post-format-image"],"yoast_head":"<!-- This site is optimized with the Yoast SEO Premium plugin v25.4 (Yoast SEO v25.4) - https:\/\/yoast.com\/wordpress\/plugins\/seo\/ -->\n<title>El arte del equilibrio: una conversaci\u00f3n con Ona Carbonell - ISDIN<\/title>\n<meta name=\"description\" content=\"Ona Carbonell habla sobre c\u00f3mo compaginar maternidad y deporte de alto rendimiento, encontrar balance en el d\u00eda a d\u00eda y cuidarse sin perderse a una misma.\" \/>\n<meta name=\"robots\" content=\"index, follow, max-snippet:-1, max-image-preview:large, max-video-preview:-1\" \/>\n<link rel=\"canonical\" href=\"https:\/\/www.isdin.com\/es\/blog\/el-arte-del-equilibrio-una-conversacion-con-ona-carbonell\/\" \/>\n<meta property=\"og:locale\" content=\"es_ES\" \/>\n<meta property=\"og:type\" content=\"article\" \/>\n<meta property=\"og:title\" content=\"El arte del equilibrio: una conversaci\u00f3n con Ona Carbonell\" \/>\n<meta property=\"og:description\" content=\"Ona Carbonell habla sobre c\u00f3mo compaginar maternidad y deporte de alto rendimiento, encontrar balance en el d\u00eda a d\u00eda y cuidarse sin perderse a una misma.\" \/>\n<meta property=\"og:url\" content=\"https:\/\/www.isdin.com\/es\/blog\/el-arte-del-equilibrio-una-conversacion-con-ona-carbonell\/\" \/>\n<meta property=\"og:site_name\" content=\"ISDIN\" \/>\n<meta property=\"article:publisher\" content=\"https:\/\/es-es.facebook.com\/ISDIN.official\/\" \/>\n<meta property=\"article:published_time\" content=\"2025-06-12T15:13:55+00:00\" \/>\n<meta property=\"article:modified_time\" content=\"2025-09-17T14:04:25+00:00\" \/>\n<meta property=\"og:image\" content=\"https:\/\/www.isdin.com\/es\/blog\/wp-content\/uploads\/2025\/06\/Header-2-1.jpg\" \/>\n\t<meta property=\"og:image:width\" content=\"1200\" \/>\n\t<meta property=\"og:image:height\" content=\"760\" \/>\n\t<meta property=\"og:image:type\" content=\"image\/jpeg\" \/>\n<meta name=\"author\" content=\"Sara Iborra\" \/>\n<meta name=\"twitter:card\" content=\"summary_large_image\" \/>\n<meta name=\"twitter:creator\" content=\"@isdin_official\" \/>\n<meta name=\"twitter:site\" content=\"@isdin_official\" \/>\n<meta name=\"twitter:label1\" content=\"Written by\" \/>\n\t<meta name=\"twitter:data1\" content=\"Sara Iborra\" \/>\n\t<meta name=\"twitter:label2\" content=\"Est. reading time\" \/>\n\t<meta name=\"twitter:data2\" content=\"5 minutes\" \/>\n<script type=\"application\/ld+json\" class=\"yoast-schema-graph\">{\"@context\":\"https:\/\/schema.org\",\"@graph\":[{\"@type\":\"Article\",\"@id\":\"https:\/\/www.isdin.com\/es\/blog\/el-arte-del-equilibrio-una-conversacion-con-ona-carbonell\/#article\",\"isPartOf\":{\"@id\":\"https:\/\/www.isdin.com\/es\/blog\/el-arte-del-equilibrio-una-conversacion-con-ona-carbonell\/\"},\"author\":{\"name\":\"Sara Iborra\",\"@id\":\"https:\/\/www.isdin.com\/es\/blog\/#\/schema\/person\/528848368b26d62008cefcc29a52ade8\"},\"headline\":\"El arte del equilibrio: una conversaci\u00f3n con Ona Carbonell\",\"datePublished\":\"2025-06-12T15:13:55+00:00\",\"dateModified\":\"2025-09-17T14:04:25+00:00\",\"mainEntityOfPage\":{\"@id\":\"https:\/\/www.isdin.com\/es\/blog\/el-arte-del-equilibrio-una-conversacion-con-ona-carbonell\/\"},\"wordCount\":1002,\"publisher\":{\"@id\":\"https:\/\/www.isdin.com\/es\/blog\/#organization\"},\"image\":{\"@id\":\"https:\/\/www.isdin.com\/es\/blog\/el-arte-del-equilibrio-una-conversacion-con-ona-carbonell\/#primaryimage\"},\"thumbnailUrl\":\"https:\/\/www.isdin.com\/es\/blog\/wp-content\/uploads\/2025\/06\/Header-2-1.jpg\",\"keywords\":[\"deporte\",\"embajadores\",\"podcast\"],\"articleSection\":[\"Consejos y cuidados\",\"Embajadores ISDIN\"],\"inLanguage\":\"es-ES\"},{\"@type\":\"WebPage\",\"@id\":\"https:\/\/www.isdin.com\/es\/blog\/el-arte-del-equilibrio-una-conversacion-con-ona-carbonell\/\",\"url\":\"https:\/\/www.isdin.com\/es\/blog\/el-arte-del-equilibrio-una-conversacion-con-ona-carbonell\/\",\"name\":\"El arte del equilibrio: una conversaci\u00f3n con Ona Carbonell - ISDIN\",\"isPartOf\":{\"@id\":\"https:\/\/www.isdin.com\/es\/blog\/#website\"},\"primaryImageOfPage\":{\"@id\":\"https:\/\/www.isdin.com\/es\/blog\/el-arte-del-equilibrio-una-conversacion-con-ona-carbonell\/#primaryimage\"},\"image\":{\"@id\":\"https:\/\/www.isdin.com\/es\/blog\/el-arte-del-equilibrio-una-conversacion-con-ona-carbonell\/#primaryimage\"},\"thumbnailUrl\":\"https:\/\/www.isdin.com\/es\/blog\/wp-content\/uploads\/2025\/06\/Header-2-1.jpg\",\"datePublished\":\"2025-06-12T15:13:55+00:00\",\"dateModified\":\"2025-09-17T14:04:25+00:00\",\"description\":\"Ona Carbonell habla sobre c\u00f3mo compaginar maternidad y deporte de alto rendimiento, encontrar balance en el d\u00eda a d\u00eda y cuidarse sin perderse a una misma.\",\"breadcrumb\":{\"@id\":\"https:\/\/www.isdin.com\/es\/blog\/el-arte-del-equilibrio-una-conversacion-con-ona-carbonell\/#breadcrumb\"},\"inLanguage\":\"es-ES\",\"potentialAction\":[{\"@type\":\"ReadAction\",\"target\":[\"https:\/\/www.isdin.com\/es\/blog\/el-arte-del-equilibrio-una-conversacion-con-ona-carbonell\/\"]}]},{\"@type\":\"ImageObject\",\"inLanguage\":\"es-ES\",\"@id\":\"https:\/\/www.isdin.com\/es\/blog\/el-arte-del-equilibrio-una-conversacion-con-ona-carbonell\/#primaryimage\",\"url\":\"https:\/\/www.isdin.com\/es\/blog\/wp-content\/uploads\/2025\/06\/Header-2-1.jpg\",\"contentUrl\":\"https:\/\/www.isdin.com\/es\/blog\/wp-content\/uploads\/2025\/06\/Header-2-1.jpg\",\"width\":1200,\"height\":760,\"caption\":\"ona carbonell podcast isdin\"},{\"@type\":\"BreadcrumbList\",\"@id\":\"https:\/\/www.isdin.com\/es\/blog\/el-arte-del-equilibrio-una-conversacion-con-ona-carbonell\/#breadcrumb\",\"itemListElement\":[{\"@type\":\"ListItem\",\"position\":1,\"name\":\"Portada\",\"item\":\"https:\/\/www.isdin.com\/es\/blog\/\"},{\"@type\":\"ListItem\",\"position\":2,\"name\":\"El arte del equilibrio: una conversaci\u00f3n con Ona Carbonell\"}]},{\"@type\":\"WebSite\",\"@id\":\"https:\/\/www.isdin.com\/es\/blog\/#website\",\"url\":\"https:\/\/www.isdin.com\/es\/blog\/\",\"name\":\"ISDIN\",\"description\":\"Novedades, lanzamientos de productos y toda la experiencia de ISDIN\",\"publisher\":{\"@id\":\"https:\/\/www.isdin.com\/es\/blog\/#organization\"},\"potentialAction\":[{\"@type\":\"SearchAction\",\"target\":{\"@type\":\"EntryPoint\",\"urlTemplate\":\"https:\/\/www.isdin.com\/es\/blog\/?s={search_term_string}\"},\"query-input\":{\"@type\":\"PropertyValueSpecification\",\"valueRequired\":true,\"valueName\":\"search_term_string\"}}],\"inLanguage\":\"es-ES\"},{\"@type\":\"Organization\",\"@id\":\"https:\/\/www.isdin.com\/es\/blog\/#organization\",\"name\":\"ISDIN\",\"alternateName\":\"ISDIN\",\"url\":\"https:\/\/www.isdin.com\/es\/blog\/\",\"logo\":{\"@type\":\"ImageObject\",\"inLanguage\":\"es-ES\",\"@id\":\"https:\/\/www.isdin.com\/es\/blog\/#\/schema\/logo\/image\/\",\"url\":\"https:\/\/www.isdin.com\/es\/blog\/wp-content\/uploads\/2024\/05\/2025_03_GuiaFoto_FWM.png\",\"contentUrl\":\"https:\/\/www.isdin.com\/es\/blog\/wp-content\/uploads\/2024\/05\/2025_03_GuiaFoto_FWM.png\",\"width\":670,\"height\":683,\"caption\":\"ISDIN\"},\"image\":{\"@id\":\"https:\/\/www.isdin.com\/es\/blog\/#\/schema\/logo\/image\/\"},\"sameAs\":[\"https:\/\/es-es.facebook.com\/ISDIN.official\/\",\"https:\/\/x.com\/isdin_official\",\"https:\/\/www.instagram.com\/isdinofficial\",\"https:\/\/www.youtube.com\/channel\/UCtoNJMKpDwdFLqgV23_lcqg\"],\"telephone\":\"659997812\"},{\"@type\":\"Person\",\"@id\":\"https:\/\/www.isdin.com\/es\/blog\/#\/schema\/person\/528848368b26d62008cefcc29a52ade8\",\"name\":\"Sara Iborra\",\"image\":{\"@type\":\"ImageObject\",\"inLanguage\":\"es-ES\",\"@id\":\"https:\/\/www.isdin.com\/es\/blog\/#\/schema\/person\/image\/\",\"url\":\"https:\/\/www.isdin.com\/es\/blog\/wp-content\/uploads\/2025\/06\/9D01108F-CAC8-410E-9EE4-2ED3157C2AC5-2-1-1.jpeg\",\"contentUrl\":\"https:\/\/www.isdin.com\/es\/blog\/wp-content\/uploads\/2025\/06\/9D01108F-CAC8-410E-9EE4-2ED3157C2AC5-2-1-1.jpeg\",\"caption\":\"Sara Iborra\"},\"description\":\"Sara es copywriter creativa y estratega de marca. Vive entre palabras y conceptos, siempre con un ojo en las tendencias y otro en c\u00f3mo convertirlas en ideas que conecten. \u00bfSus imprescindibles? Un buen cacao y una crema solar facial bien ligera.\",\"url\":\"#molongui-disabled-link\"}]}<\/script>\n<!-- \/ Yoast SEO Premium plugin. -->","yoast_head_json":{"title":"El arte del equilibrio: una conversaci\u00f3n con Ona Carbonell - ISDIN","description":"Ona Carbonell habla sobre c\u00f3mo compaginar maternidad y deporte de alto rendimiento, encontrar balance en el d\u00eda a d\u00eda y cuidarse sin perderse a una misma.","robots":{"index":"index","follow":"follow","max-snippet":"max-snippet:-1","max-image-preview":"max-image-preview:large","max-video-preview":"max-video-preview:-1"},"canonical":"https:\/\/www.isdin.com\/es\/blog\/el-arte-del-equilibrio-una-conversacion-con-ona-carbonell\/","og_locale":"es_ES","og_type":"article","og_title":"El arte del equilibrio: una conversaci\u00f3n con Ona Carbonell","og_description":"Ona Carbonell habla sobre c\u00f3mo compaginar maternidad y deporte de alto rendimiento, encontrar balance en el d\u00eda a d\u00eda y cuidarse sin perderse a una misma.","og_url":"https:\/\/www.isdin.com\/es\/blog\/el-arte-del-equilibrio-una-conversacion-con-ona-carbonell\/","og_site_name":"ISDIN","article_publisher":"https:\/\/es-es.facebook.com\/ISDIN.official\/","article_published_time":"2025-06-12T15:13:55+00:00","article_modified_time":"2025-09-17T14:04:25+00:00","og_image":[{"width":1200,"height":760,"url":"https:\/\/www.isdin.com\/es\/blog\/wp-content\/uploads\/2025\/06\/Header-2-1.jpg","type":"image\/jpeg"}],"author":"Sara Iborra","twitter_card":"summary_large_image","twitter_creator":"@isdin_official","twitter_site":"@isdin_official","twitter_misc":{"Written by":"Sara Iborra","Est. reading time":"5 minutes"},"schema":{"@context":"https:\/\/schema.org","@graph":[{"@type":"Article","@id":"https:\/\/www.isdin.com\/es\/blog\/el-arte-del-equilibrio-una-conversacion-con-ona-carbonell\/#article","isPartOf":{"@id":"https:\/\/www.isdin.com\/es\/blog\/el-arte-del-equilibrio-una-conversacion-con-ona-carbonell\/"},"author":{"name":"Sara Iborra","@id":"https:\/\/www.isdin.com\/es\/blog\/#\/schema\/person\/528848368b26d62008cefcc29a52ade8"},"headline":"El arte del equilibrio: una conversaci\u00f3n con Ona Carbonell","datePublished":"2025-06-12T15:13:55+00:00","dateModified":"2025-09-17T14:04:25+00:00","mainEntityOfPage":{"@id":"https:\/\/www.isdin.com\/es\/blog\/el-arte-del-equilibrio-una-conversacion-con-ona-carbonell\/"},"wordCount":1002,"publisher":{"@id":"https:\/\/www.isdin.com\/es\/blog\/#organization"},"image":{"@id":"https:\/\/www.isdin.com\/es\/blog\/el-arte-del-equilibrio-una-conversacion-con-ona-carbonell\/#primaryimage"},"thumbnailUrl":"https:\/\/www.isdin.com\/es\/blog\/wp-content\/uploads\/2025\/06\/Header-2-1.jpg","keywords":["deporte","embajadores","podcast"],"articleSection":["Consejos y cuidados","Embajadores ISDIN"],"inLanguage":"es-ES"},{"@type":"WebPage","@id":"https:\/\/www.isdin.com\/es\/blog\/el-arte-del-equilibrio-una-conversacion-con-ona-carbonell\/","url":"https:\/\/www.isdin.com\/es\/blog\/el-arte-del-equilibrio-una-conversacion-con-ona-carbonell\/","name":"El arte del equilibrio: una conversaci\u00f3n con Ona Carbonell - ISDIN","isPartOf":{"@id":"https:\/\/www.isdin.com\/es\/blog\/#website"},"primaryImageOfPage":{"@id":"https:\/\/www.isdin.com\/es\/blog\/el-arte-del-equilibrio-una-conversacion-con-ona-carbonell\/#primaryimage"},"image":{"@id":"https:\/\/www.isdin.com\/es\/blog\/el-arte-del-equilibrio-una-conversacion-con-ona-carbonell\/#primaryimage"},"thumbnailUrl":"https:\/\/www.isdin.com\/es\/blog\/wp-content\/uploads\/2025\/06\/Header-2-1.jpg","datePublished":"2025-06-12T15:13:55+00:00","dateModified":"2025-09-17T14:04:25+00:00","description":"Ona Carbonell habla sobre c\u00f3mo compaginar maternidad y deporte de alto rendimiento, encontrar balance en el d\u00eda a d\u00eda y cuidarse sin perderse a una misma.","breadcrumb":{"@id":"https:\/\/www.isdin.com\/es\/blog\/el-arte-del-equilibrio-una-conversacion-con-ona-carbonell\/#breadcrumb"},"inLanguage":"es-ES","potentialAction":[{"@type":"ReadAction","target":["https:\/\/www.isdin.com\/es\/blog\/el-arte-del-equilibrio-una-conversacion-con-ona-carbonell\/"]}]},{"@type":"ImageObject","inLanguage":"es-ES","@id":"https:\/\/www.isdin.com\/es\/blog\/el-arte-del-equilibrio-una-conversacion-con-ona-carbonell\/#primaryimage","url":"https:\/\/www.isdin.com\/es\/blog\/wp-content\/uploads\/2025\/06\/Header-2-1.jpg","contentUrl":"https:\/\/www.isdin.com\/es\/blog\/wp-content\/uploads\/2025\/06\/Header-2-1.jpg","width":1200,"height":760,"caption":"ona carbonell podcast isdin"},{"@type":"BreadcrumbList","@id":"https:\/\/www.isdin.com\/es\/blog\/el-arte-del-equilibrio-una-conversacion-con-ona-carbonell\/#breadcrumb","itemListElement":[{"@type":"ListItem","position":1,"name":"Portada","item":"https:\/\/www.isdin.com\/es\/blog\/"},{"@type":"ListItem","position":2,"name":"El arte del equilibrio: una conversaci\u00f3n con Ona Carbonell"}]},{"@type":"WebSite","@id":"https:\/\/www.isdin.com\/es\/blog\/#website","url":"https:\/\/www.isdin.com\/es\/blog\/","name":"ISDIN","description":"Novedades, lanzamientos de productos y toda la experiencia de ISDIN","publisher":{"@id":"https:\/\/www.isdin.com\/es\/blog\/#organization"},"potentialAction":[{"@type":"SearchAction","target":{"@type":"EntryPoint","urlTemplate":"https:\/\/www.isdin.com\/es\/blog\/?s={search_term_string}"},"query-input":{"@type":"PropertyValueSpecification","valueRequired":true,"valueName":"search_term_string"}}],"inLanguage":"es-ES"},{"@type":"Organization","@id":"https:\/\/www.isdin.com\/es\/blog\/#organization","name":"ISDIN","alternateName":"ISDIN","url":"https:\/\/www.isdin.com\/es\/blog\/","logo":{"@type":"ImageObject","inLanguage":"es-ES","@id":"https:\/\/www.isdin.com\/es\/blog\/#\/schema\/logo\/image\/","url":"https:\/\/www.isdin.com\/es\/blog\/wp-content\/uploads\/2024\/05\/2025_03_GuiaFoto_FWM.png","contentUrl":"https:\/\/www.isdin.com\/es\/blog\/wp-content\/uploads\/2024\/05\/2025_03_GuiaFoto_FWM.png","width":670,"height":683,"caption":"ISDIN"},"image":{"@id":"https:\/\/www.isdin.com\/es\/blog\/#\/schema\/logo\/image\/"},"sameAs":["https:\/\/es-es.facebook.com\/ISDIN.official\/","https:\/\/x.com\/isdin_official","https:\/\/www.instagram.com\/isdinofficial","https:\/\/www.youtube.com\/channel\/UCtoNJMKpDwdFLqgV23_lcqg"],"telephone":"659997812"},{"@type":"Person","@id":"https:\/\/www.isdin.com\/es\/blog\/#\/schema\/person\/528848368b26d62008cefcc29a52ade8","name":"Sara Iborra","image":{"@type":"ImageObject","inLanguage":"es-ES","@id":"https:\/\/www.isdin.com\/es\/blog\/#\/schema\/person\/image\/","url":"https:\/\/www.isdin.com\/es\/blog\/wp-content\/uploads\/2025\/06\/9D01108F-CAC8-410E-9EE4-2ED3157C2AC5-2-1-1.jpeg","contentUrl":"https:\/\/www.isdin.com\/es\/blog\/wp-content\/uploads\/2025\/06\/9D01108F-CAC8-410E-9EE4-2ED3157C2AC5-2-1-1.jpeg","caption":"Sara Iborra"},"description":"Sara es copywriter creativa y estratega de marca. Vive entre palabras y conceptos, siempre con un ojo en las tendencias y otro en c\u00f3mo convertirlas en ideas que conecten. \u00bfSus imprescindibles? Un buen cacao y una crema solar facial bien ligera.","url":"#molongui-disabled-link"}]}},"_links":{"self":[{"href":"https:\/\/www.isdin.com\/es\/blog\/wp-json\/wp\/v2\/posts\/12150","targetHints":{"allow":["GET"]}}],"collection":[{"href":"https:\/\/www.isdin.com\/es\/blog\/wp-json\/wp\/v2\/posts"}],"about":[{"href":"https:\/\/www.isdin.com\/es\/blog\/wp-json\/wp\/v2\/types\/post"}],"author":[{"embeddable":true,"href":"https:\/\/www.isdin.com\/es\/blog\/wp-json\/wp\/v2\/users\/3"}],"replies":[{"embeddable":true,"href":"https:\/\/www.isdin.com\/es\/blog\/wp-json\/wp\/v2\/comments?post=12150"}],"version-history":[{"count":3,"href":"https:\/\/www.isdin.com\/es\/blog\/wp-json\/wp\/v2\/posts\/12150\/revisions"}],"predecessor-version":[{"id":12161,"href":"https:\/\/www.isdin.com\/es\/blog\/wp-json\/wp\/v2\/posts\/12150\/revisions\/12161"}],"wp:featuredmedia":[{"embeddable":true,"href":"https:\/\/www.isdin.com\/es\/blog\/wp-json\/wp\/v2\/media\/12156"}],"wp:attachment":[{"href":"https:\/\/www.isdin.com\/es\/blog\/wp-json\/wp\/v2\/media?parent=12150"}],"wp:term":[{"taxonomy":"category","embeddable":true,"href":"https:\/\/www.isdin.com\/es\/blog\/wp-json\/wp\/v2\/categories?post=12150"},{"taxonomy":"post_tag","embeddable":true,"href":"https:\/\/www.isdin.com\/es\/blog\/wp-json\/wp\/v2\/tags?post=12150"}],"curies":[{"name":"wp","href":"https:\/\/api.w.org\/{rel}","templated":true}]}}