{"id":12005,"date":"2026-03-27T15:03:15","date_gmt":"2026-03-27T15:03:15","guid":{"rendered":"https:\/\/www.isdin.com\/es\/blog\/?p=12005"},"modified":"2026-03-27T15:03:18","modified_gmt":"2026-03-27T15:03:18","slug":"vitamina-c-que-es-para-que-sirve-y-como-usarla","status":"publish","type":"post","link":"https:\/\/www.isdin.com\/es\/blog\/vitamina-c-que-es-para-que-sirve-y-como-usarla\/","title":{"rendered":"Vitamina C para la piel: beneficios, c\u00f3mo usarla y cu\u00e1l elegir (gu\u00eda completa)"},"content":{"rendered":"\n<p>La vitamina C siempre ha estado ah\u00ed. En el desayuno, en los resfriados, en esos d\u00edas en los que necesit\u00e1bamos un peque\u00f1o impulso de energ\u00eda. Pero ahora, m\u00e1s all\u00e1 del zumo de naranja y los recuerdos, se ha ganado un lugar fijo en nuestros neceseres.<\/p>\n\n\n\n<p>Y no es casualidad.<\/p>\n\n\n\n<p>En el universo del cuidado de la piel, la vitamina C se ha convertido en uno de esos ingredientes que todo el mundo recomienda y que, cuando se usa bien, realmente marca la diferencia. Aporta luz, mejora el tono, protege frente a las agresiones externas y ayuda a mantener la piel con un aspecto m\u00e1s uniforme y saludable.<\/p>\n\n\n\n<p><strong>Pero (porque s\u00ed, siempre hay un \u201cpero\u201d), no todas las vitaminas C son iguales ni se usan de la misma forma.<\/strong> Y ah\u00ed es donde muchas veces viene la confusi\u00f3n: productos que prometen mucho, rutinas que no terminan de funcionar o esa sensaci\u00f3n de \u201cno noto nada\u201d.<\/p>\n\n\n\n<p>Por eso, si alguna vez te has preguntado qu\u00e9 hace realmente la vitamina C en la piel, c\u00f3mo elegir la m\u00e1s eficaz o c\u00f3mo incorporarla correctamente en tu rutina\u2026 est\u00e1s en el lugar adecuado.<\/p>\n\n\n\n<p><\/p>\n\n\n\n<p class=\"has-text-align-center has-text-color\" style=\"color:#ddb061\"><strong>VITAMINA C<\/strong> (o \u00e1cido asc\u00f3rbico, si nos ponemos t\u00e9cnicos)<\/p>\n\n\n\n<p class=\"has-black-color has-text-color has-background\" style=\"background-color:#eeeeeeed\"><strong>\u00bfQu\u00e9 es?<\/strong> Una vitamina con much\u00edsimo poder antioxidante.<br><strong>\u00bfQu\u00e9 hace?<\/strong> Ilumina el rostro, mejora el tono desigual y protege frente a los da\u00f1os del entorno como la <a href=\"https:\/\/www.isdin.com\/es\/blog\/efectos-polucion-piel-como-protegerla\/\">poluci\u00f3n<\/a> o el <a href=\"https:\/\/www.isdin.com\/es\/blog\/como-afecta-el-estres-a-nuestra-piel\/\">estr\u00e9s<\/a>.<br><strong>\u00bfPara qui\u00e9n es?<\/strong> Para cualquier <a href=\"https:\/\/www.isdin.com\/es\/blog\/como-cuidar-piel-rostro\/\">tipo de piel<\/a>, aunque viene genial si notas la piel apagada, con manchitas o si ya asoman las primeras l\u00edneas de expresi\u00f3n.<br><strong>C\u00f3mo usarlo:<\/strong> apl\u00edcalo sobre la piel limpia y seca, en s\u00e9rum o en crema. Puedes usarlo por la ma\u00f1ana o por la noche, pero si es tu primera vez, empieza por la ma\u00f1ana. Tu piel lo va a agradecer.<br><strong>Va genial con:<\/strong> con <a href=\"https:\/\/www.isdin.com\/blog\/rutina-noche-ideal-rostro-melatonina\/\">melatonina<\/a> y vitamina E, que le dan un plus antioxidante. Y con <a href=\"https:\/\/www.isdin.com\/blog\/para-que-sirve-acido-hialuronico\/\">\u00e1cido hialur\u00f3nico<\/a>, que hidrata y deja la piel suave y jugosa.<br><strong>No lo combines con:<\/strong> ncon \u00e1cidos exfoliantes o retinoides, al menos no a la vez. Puede ser demasiado para tu piel y causar irritaci\u00f3n. Usa vitamina C por la ma\u00f1ana, y los \u00e1cidos o retinoides por la noche.<br><strong>Desc\u00fabrelo en: <\/strong><a href=\"https:\/\/www.isdin.com\/es\/p\/flavo-c-intense\/4686\">Flavo-C Intense<\/a>, <a href=\"https:\/\/www.isdin.com\/es\/p\/flavo-c-30-ml\/1449\">Flavo-C<\/a>, <a href=\"https:\/\/www.isdin.com\/es\/p\/flavo-c-forte-1u\/4012\">Flavo-C Forte<\/a>, <a href=\"https:\/\/www.isdin.com\/es\/p\/melaclear\/3371\">Melaclear<\/a>, \u00a1<a href=\"https:\/\/www.isdin.com\/es\/c\/ingredientes\/vitamina-c\">y m\u00e1s<\/a>!<\/p>\n\n\n\n<p>Por eso, si alguna vez te has preguntado qu\u00e9 hace realmente la vitamina C en la piel, c\u00f3mo elegir la m\u00e1s eficaz o c\u00f3mo incorporarla correctamente en tu rutina\u2026 est\u00e1s en el lugar adecuado.<\/p>\n\n\n\n<h2 class=\"wp-block-heading\" id=\"h-que-es-la-vitamina-c\">\u00bfQu\u00e9 es la vitamina C?<\/h2>\n\n\n\n<p>La vitamina C <a href=\"https:\/\/www.mayoclinic.org\/es\/drugs-supplements-vitamin-c\/art-20363932\">es un antioxidante<\/a> muy potente que se encuentra de forma natural en <a href=\"https:\/\/www.isdin.com\/es\/blog\/consejos-estilo-de-vida-mediterraneo\/\">frutas y verduras<\/a>\u2026 y s\u00ed, tambi\u00e9n en ese zumo de naranja que tantas veces nos dijeron que hab\u00eda que beber \u201cantes de que se le fueran las vitaminas\u201d. M\u00e1s all\u00e1 de ese recuerdo, en la piel cumple una funci\u00f3n esencial: ayuda a mantener el <a href=\"https:\/\/www.isdin.com\/blog\/beneficios-del-colageno-para-la-piel\/\">col\u00e1geno<\/a> \u2014clave para la firmeza y elasticidad\u2014 y aporta esa luminosidad que asociamos con una piel sana y descansada.<\/p>\n\n\n\n<p>Adem\u00e1s, como <a href=\"https:\/\/www.isdin.com\/es\/blog\/proteccion-solar-con-antioxidantes-beneficios\/\">buen antioxidante<\/a>, protege frente a los <a href=\"https:\/\/www.isdin.com\/blog\/que-es-la-oxidacion-de-la-piel\/\">radicales libres<\/a>, generados por factores como el sol, la <a href=\"https:\/\/www.isdin.com\/es\/blog\/efectos-polucion-piel-como-protegerla\/\">contaminaci\u00f3n<\/a>, el <a href=\"https:\/\/www.isdin.com\/es\/blog\/efectos-tabaco-piel-como-minimizarlos\/\">tabaco<\/a>, el <a href=\"https:\/\/www.isdin.com\/es\/blog\/como-afecta-el-estres-a-nuestra-piel\/\">estr\u00e9s<\/a>, el <a href=\"https:\/\/www.isdin.com\/es\/blog\/?p=11981&amp;preview=true&amp;_thumbnail_id=11982\">clima<\/a> o la <a href=\"https:\/\/www.isdin.com\/es\/blog\/efectos-dormir-poco-piel-como-minimizarlos\/\">falta de sue\u00f1o<\/a>. Todo ello forma parte del <strong>exposoma<\/strong>, es decir, el conjunto de agresiones diarias que aceleran el <a href=\"https:\/\/www.isdin.com\/es\/blog\/well-aging-como-prevenir-y-cuidar-nuestras-arrugas\/\">envejecimiento<\/a>, y frente a las que la vitamina C act\u00faa como un aut\u00e9ntico escudo.<\/p>\n\n\n\n<p><\/p>\n\n\n\n<p class=\"has-background\" style=\"background-color:#ffe1a8a3\"><strong>\u00bfSabes qu\u00e9 es el exposoma?<\/strong> Desc\u00fabrelo <a href=\"https:\/\/www.isdin.com\/es\/blog\/que-es-el-exposoma-factores-externos-piel\/\">aqu\u00ed<\/a> y entiende c\u00f3mo impacta en tu piel cada d\u00eda.<\/p>\n\n\n\n<p><\/p>\n\n\n\n<h3 class=\"wp-block-heading\" id=\"h-que-puede-hacer-la-vitamina-c-por-mi-piel\">\u00bfQu\u00e9 puede hacer la vitamina C por mi piel?<\/h3>\n\n\n\n<figure class=\"wp-block-image size-large\"><img loading=\"lazy\" decoding=\"async\" width=\"1024\" height=\"527\" src=\"data:image\/gif;base64,R0lGODlhAQABAAAAACH5BAEKAAEALAAAAAABAAEAAAICTAEAOw==\" data-src=\"https:\/\/www.isdin.com\/es\/blog\/wp-content\/uploads\/2025\/04\/Imagen-en-el-contenido-67-1024x527.png\" alt=\"Textura dorada con burbujas que representa la acci\u00f3n antioxidante de la vitamina C en la piel\" class=\"wp-image-13390 lazyload\" data-sizes=\"auto\" data-srcset=\"https:\/\/www.isdin.com\/es\/blog\/wp-content\/uploads\/2025\/04\/Imagen-en-el-contenido-67-1024x527.png 1024w, https:\/\/www.isdin.com\/es\/blog\/wp-content\/uploads\/2025\/04\/Imagen-en-el-contenido-67-300x155.png 300w, https:\/\/www.isdin.com\/es\/blog\/wp-content\/uploads\/2025\/04\/Imagen-en-el-contenido-67-150x77.png 150w, https:\/\/www.isdin.com\/es\/blog\/wp-content\/uploads\/2025\/04\/Imagen-en-el-contenido-67-768x396.png 768w, https:\/\/www.isdin.com\/es\/blog\/wp-content\/uploads\/2025\/04\/Imagen-en-el-contenido-67-585x300.png 585w, https:\/\/www.isdin.com\/es\/blog\/wp-content\/uploads\/2025\/04\/Imagen-en-el-contenido-67-450x232.png 450w, https:\/\/www.isdin.com\/es\/blog\/wp-content\/uploads\/2025\/04\/Imagen-en-el-contenido-67-20x11.png 20w, https:\/\/www.isdin.com\/es\/blog\/wp-content\/uploads\/2025\/04\/Imagen-en-el-contenido-67-225x116.png 225w, https:\/\/www.isdin.com\/es\/blog\/wp-content\/uploads\/2025\/04\/Imagen-en-el-contenido-67-900x464.png 900w, https:\/\/www.isdin.com\/es\/blog\/wp-content\/uploads\/2025\/04\/Imagen-en-el-contenido-67.png 1200w\" sizes=\"auto, (max-width: 1024px) 100vw, 1024px\" \/><\/figure>\n\n\n\n<p><\/p>\n\n\n\n<p>\u00a1Mucho m\u00e1s de lo que imaginas! La vitamina C es uno de los <a href=\"https:\/\/www.isdin.com\/es\/blog\/como-combinar-ingredientes-activos-en-una-rutina\/\">ingredientes<\/a> m\u00e1s completos del <em>skincare<\/em>, y cuando la incorporas bien en tu rutina, los resultados se notan.<\/p>\n\n\n\n<p>Entre sus beneficios m\u00e1s destacados:<\/p>\n\n\n\n<ul class=\"wp-block-list\">\n<li><a href=\"https:\/\/pubmed.ncbi.nlm.nih.gov\/28805671\/\">Favorecer la producci\u00f3n de col\u00e1geno<\/a> para una piel m\u00e1s firme y el\u00e1stica.<\/li>\n\n\n\n<li>Proteger frente a agresores externos como el <a href=\"https:\/\/www.isdin.com\/es\/blog\/efectos-tabaco-piel-como-minimizarlos\/\">tabaco<\/a>.<\/li>\n\n\n\n<li>Atenuar <a href=\"https:\/\/www.isdin.com\/es\/blog\/como-envejece-nuestra-piel\/\">l\u00edneas de expresi\u00f3n y arrugas<\/a>.<\/li>\n\n\n\n<li>Ayudar a reducir <a href=\"https:\/\/www.isdin.com\/es\/blog\/manchas-solares-por-que-se-producen-y-como-tratarlas\/\">manchas oscuras<\/a> y a igualar el tono.<\/li>\n\n\n\n<li>Aportar una <a href=\"https:\/\/www.isdin.com\/es\/blog\/calendario-de-skincare-glow\/\">luminosidad visible<\/a> y mejora la textura general de la piel.<\/li>\n<\/ul>\n\n\n\n<p><\/p>\n\n\n\n<p class=\"has-background\" style=\"background-color:#ffe1a8a3\">Recuerda, isdinlover: aunque la vitamina C ayuda a proteger la piel, nunca sustituye al <a href=\"https:\/\/www.isdin.com\/es\/blog\/fotoprotectores-solares-para-la-cara-isdin\/\">protector solar<\/a>. Para una rutina completa, comb\u00ednala siempre con tu <a href=\"https:\/\/www.isdin.com\/es\/c\/facial\">fotoprotector favorito<\/a>.<\/p>\n\n\n\n<p><\/p>\n\n\n\n<p><\/p>\n\n\n\n<h2 class=\"wp-block-heading\" id=\"h-para-quien-es-la-vitamina-c\">\u00bfPara qui\u00e9n es la vitamina C?<\/h2>\n\n\n\n<figure class=\"wp-block-image size-large\"><img loading=\"lazy\" decoding=\"async\" width=\"1024\" height=\"527\" src=\"data:image\/gif;base64,R0lGODlhAQABAAAAACH5BAEKAAEALAAAAAABAAEAAAICTAEAOw==\" data-src=\"https:\/\/www.isdin.com\/es\/blog\/wp-content\/uploads\/2025\/04\/Imagen-en-el-contenido-68-1024x527.png\" alt=\"Primer plano de Amaia Salamanca con piel luminosa, uniforme y aspecto saludable\" class=\"wp-image-13389 lazyload\" data-sizes=\"auto\" data-srcset=\"https:\/\/www.isdin.com\/es\/blog\/wp-content\/uploads\/2025\/04\/Imagen-en-el-contenido-68-1024x527.png 1024w, https:\/\/www.isdin.com\/es\/blog\/wp-content\/uploads\/2025\/04\/Imagen-en-el-contenido-68-300x155.png 300w, https:\/\/www.isdin.com\/es\/blog\/wp-content\/uploads\/2025\/04\/Imagen-en-el-contenido-68-150x77.png 150w, https:\/\/www.isdin.com\/es\/blog\/wp-content\/uploads\/2025\/04\/Imagen-en-el-contenido-68-768x396.png 768w, https:\/\/www.isdin.com\/es\/blog\/wp-content\/uploads\/2025\/04\/Imagen-en-el-contenido-68-585x300.png 585w, https:\/\/www.isdin.com\/es\/blog\/wp-content\/uploads\/2025\/04\/Imagen-en-el-contenido-68-450x232.png 450w, https:\/\/www.isdin.com\/es\/blog\/wp-content\/uploads\/2025\/04\/Imagen-en-el-contenido-68-20x11.png 20w, https:\/\/www.isdin.com\/es\/blog\/wp-content\/uploads\/2025\/04\/Imagen-en-el-contenido-68-225x116.png 225w, https:\/\/www.isdin.com\/es\/blog\/wp-content\/uploads\/2025\/04\/Imagen-en-el-contenido-68-900x464.png 900w, https:\/\/www.isdin.com\/es\/blog\/wp-content\/uploads\/2025\/04\/Imagen-en-el-contenido-68.png 1200w\" sizes=\"auto, (max-width: 1024px) 100vw, 1024px\" \/><\/figure>\n\n\n\n<p><\/p>\n\n\n\n<p>Si notas la piel m\u00e1s apagada, con tono desigual o empiezas a ver los primeros signos del paso del tiempo, la vitamina C puede convertirse en tu mejor aliada.<\/p>\n\n\n\n<p>Lo mejor es que funciona bien en casi todos los <a href=\"https:\/\/www.isdin.com\/es\/blog\/como-cuidar-piel-rostro\/\">tipos de piel<\/a>. Si la tienes <a href=\"https:\/\/www.isdin.com\/es\/blog\/rutina-piel-sensible\/\">sensible<\/a>, empieza poco a poco, eligiendo f\u00f3rmulas adecuadas y evitando combinarla al principio con ingredientes activos m\u00e1s potentes. Dale tiempo: cuando la piel se adapta, los resultados se notan.<\/p>\n\n\n\n<h2 class=\"wp-block-heading\">\u00bfC\u00f3mo combinar la vitamina C con otros productos de skincare?<\/h2>\n\n\n\n<p>Saber <strong>para qu\u00e9 sirve la vitamina C <\/strong>tambi\u00e9n implica entender c\u00f3mo integrarla en tu rutina. Bien combinada, potencia sus beneficios y mejora visiblemente el aspecto de la piel.<\/p>\n\n\n\n<h3 class=\"wp-block-heading\" id=\"h-vitamina-c-acido-hialuronico\">Vitamina C + \u00c1cido hialur\u00f3nico<\/h3>\n\n\n\n<p>Una combinaci\u00f3n que funciona de maravilla. La <a href=\"https:\/\/www.isdin.com\/es\/blog\/7-cosas-sobre-la-vitamina-c\/\">vitamina C<\/a> se encarga de iluminar y proteger, mientras que el <a href=\"https:\/\/www.actasdermo.org\/es-el-acido-hialuronico-sus-aplicaciones-articulo-13003360\">\u00e1cido hialur\u00f3nico<\/a> hidrata en profundidad y ayuda a rellenar la piel. \u00bfEl resultado? Una piel m\u00e1s lisa, el\u00e1stica y con un aspecto jugoso.<\/p>\n\n\n\n<h3 class=\"wp-block-heading\" id=\"h-vitamina-c-melatonina\">Vitamina C + Melatonina<\/h3>\n\n\n\n<p>Dos antioxidantes que se complementan perfectamente. La vitamina C act\u00faa durante el d\u00eda protegiendo frente a los radicales libres, mientras que la <a href=\"https:\/\/www.isdin.com\/es\/blog\/melatonina-topica\/\">melatonina<\/a> trabaja <a href=\"https:\/\/www.isdin.com\/blog\/rutina-facial-noche-paso-a-paso\/\">por la noche<\/a>, ayudando a regenerar la piel. Usarlas en la misma rutina (ma\u00f1ana\/noche) es una forma eficaz de potenciar los beneficios de la vitamina C en la piel.<\/p>\n\n\n\n<h3 class=\"wp-block-heading\" id=\"h-vitamina-c-retinal\"><strong>Vitamina C + Retinal<\/strong><\/h3>\n\n\n\n<p>Son dos activos muy potentes. Para evitar irritaciones, lo ideal es separarlos: vitamina C <a href=\"https:\/\/www.google.com\/search?q=isidn+ma%C3%B1ana+blog&amp;rlz=1C1UEAD_esES1067ES1067&amp;oq=isidn+ma%C3%B1ana+blog&amp;gs_lcrp=EgZjaHJvbWUyBggAEEUYOTIOCAEQABgKGEMYgAQYigUyDQgCEAAYgwEYsQMYgAQyDQgDEAAYgwEYsQMYgAQyEAgEEC4YxwEYsQMY0QMYgAQyEwgFEC4YgwEYxwEYsQMY0QMYgAQyEAgGEC4YxwEYsQMY0QMYgAQyEwgHEC4YgwEYxwEYsQMY0QMYgAQyDQgIEAAYgwEYsQMYgAQyBwgJEAAYgATSAQgxNTMzajBqOagCALACAQ&amp;sourceid=chrome&amp;ie=UTF-8\">por la ma\u00f1ana<\/a> y <a href=\"https:\/\/www.isdin.com\/es\/blog\/retinal-guia-para-principiantes\/\">retinal<\/a> por la noche. As\u00ed cada uno act\u00faa en su momento y <a href=\"https:\/\/www.isdin.com\/es\/blog\/piel-24-horas-cambios-invisibles-cada-dia\/\">la piel<\/a> lo tolera mejor.<\/p>\n\n\n\n<h3 class=\"wp-block-heading\" id=\"h-combinaciones-que-mejor-evitar\">Combinaciones que mejor evitar<\/h3>\n\n\n\n<p>La vitamina C, especialmente en forma de <strong>\u00e1cido asc\u00f3rbico para la cara<\/strong>, tiene un pH \u00e1cido. Por eso, combinarla con exfoliantes como <a href=\"https:\/\/www.isdin.com\/es\/blog\/el-poder-del-acido-glicolico-que-es-y-como-se-usa\/\">AHAs<\/a> o BHAs puede resultar demasiado agresivo. \u00bfLa mejor estrategia? Reservar estos \u00e1cidos para la noche o usarlos en d\u00edas alternos, protegiendo as\u00ed la <a href=\"https:\/\/www.isdin.com\/blog\/que-es-la-barrera-cutanea\/\">barrera cut\u00e1nea<\/a>.<\/p>\n\n\n\n<h2 class=\"wp-block-heading\" id=\"h-tipos-de-vitamina-c-todas-funcionan-igual\">Tipos de vitamina C: \u00bftodas funcionan igual?<\/h2>\n\n\n\n<figure class=\"wp-block-image size-full\"><img loading=\"lazy\" decoding=\"async\" width=\"1200\" height=\"618\" src=\"data:image\/gif;base64,R0lGODlhAQABAAAAACH5BAEKAAEALAAAAAABAAEAAAICTAEAOw==\" data-src=\"https:\/\/www.isdin.com\/es\/blog\/wp-content\/uploads\/2025\/04\/2025_03_VitaminC_IMG02.jpg\" alt=\"beneficios vitamina C\" class=\"wp-image-12008 lazyload\"\/><\/figure>\n\n\n\n<p><\/p>\n\n\n\n<p>Aqu\u00ed es donde est\u00e1 la clave para entender realmente <strong>para qu\u00e9 sirve la vitamina C<\/strong> y por qu\u00e9 a veces no ves resultados. No todas las formas de vitamina C act\u00faan igual. La m\u00e1s potente y estudiada es el <a href=\"https:\/\/es.wikipedia.org\/wiki\/%C3%81cido_asc%C3%B3rbico\"><strong>\u00e1cido L-asc\u00f3rbico<\/strong><\/a>, es decir, la forma pura. Es la que ofrece resultados m\u00e1s visibles en menos tiempo: mejora la luminosidad, ayuda a estimular el ciclo natural col\u00e1geno y potencia muchos de los <strong>beneficios de la vitamina C en la piel<\/strong>.<\/p>\n\n\n\n<h3 class=\"wp-block-heading\">\u00bfEl punto importante? La concentraci\u00f3n<\/h3>\n\n\n\n<p>Los expertos coinciden en que, a partir de un <strong>15% de \u00e1cido asc\u00f3rbico en el rostro<\/strong>, se alcanza el llamado <em>gold standard<\/em>: el nivel \u00f3ptimo para notar cambios reales en la piel.<\/p>\n\n\n\n<p>Entonces, \u00bfpor qu\u00e9 no todos los productos lo usan? Porque tambi\u00e9n es la forma m\u00e1s inestable. Se oxida f\u00e1cilmente con la luz y el aire, perdiendo eficacia incluso antes de aplicarla. Por eso muchas f\u00f3rmulas optan por derivados m\u00e1s estables\u2026 pero tambi\u00e9n menos inmediatos en resultados.<\/p>\n\n\n\n<h2 class=\"wp-block-heading\">ISDINCEUTICS tiene la soluci\u00f3n<\/h2>\n\n\n\n<p>Y es que si el reto est\u00e1 claro \u2014lograr una vitamina C potente, pero tambi\u00e9n estable\u2014, la clave est\u00e1 en c\u00f3mo se formula. Porque durante a\u00f1os, este ha sido el gran dilema: el <strong>\u00e1cido L-asc\u00f3rbico<\/strong> ofrece los mejores resultados, pero tambi\u00e9n es el m\u00e1s dif\u00edcil de estabilizar. Se oxida con facilidad, pierde eficacia\u2026 y ah\u00ed es donde muchas f\u00f3rmulas se quedan por el camino.<\/p>\n\n\n\n<p>Hasta ahora.<\/p>\n\n\n\n<h3 class=\"wp-block-heading\">Dile hola a Flavo-C Intense<\/h3>\n\n\n\n<figure class=\"wp-block-image size-full\"><img loading=\"lazy\" decoding=\"async\" width=\"1280\" height=\"720\" src=\"data:image\/gif;base64,R0lGODlhAQABAAAAACH5BAEKAAEALAAAAAABAAEAAAICTAEAOw==\" data-src=\"https:\/\/www.isdin.com\/es\/blog\/wp-content\/uploads\/2025\/04\/ISDIN_Flavo-C_GIF_1280x720_v1.gif\" alt=\"gif nuevo s\u00e9rum con vitamina c de isdin\" class=\"wp-image-13391 lazyload\"\/><\/figure>\n\n\n\n<p><\/p>\n\n\n\n<p>Con este reto sobre la mesa, te presentamos a tu nuevo imprescindible; <a href=\"https:\/\/www.isdin.com\/es\/p\/flavo-c-intense\/4686\"><strong>Flavo-C Intense<\/strong><\/a>, una f\u00f3rmula pensada precisamente para superar esas limitaciones y llevar los <strong>beneficios de la vitamina C en la piel<\/strong> un paso m\u00e1s all\u00e1.<\/p>\n\n\n\n<p>Su combinaci\u00f3n de un <strong>15% de vitamina C<\/strong> \u2014incluyendo <strong>\u00e1cido L-asc\u00f3rbico<\/strong>\u2014 junto con tres potenciadores da lugar al <em>Tri-Antiox Complex<\/em> que permite actuar en distintas capas de la piel, optimizando la penetraci\u00f3n y potenciando los resultados.<\/p>\n\n\n\n<p>Su tecnolog\u00eda bif\u00e1sica mantiene los ingredientes separados hasta el momento de uso, ayudando a evitar la oxidaci\u00f3n \u2014uno de los mayores desaf\u00edos de este activo\u2014 y asegurando que la vitamina C llegue a la piel en condiciones \u00f3ptimas.<\/p>\n\n\n\n<figure class=\"wp-block-image size-large\"><img loading=\"lazy\" decoding=\"async\" width=\"1024\" height=\"527\" src=\"data:image\/gif;base64,R0lGODlhAQABAAAAACH5BAEKAAEALAAAAAABAAEAAAICTAEAOw==\" data-src=\"https:\/\/www.isdin.com\/es\/blog\/wp-content\/uploads\/2025\/04\/Imagen-en-el-contenido-69-1024x527.png\" alt=\"Amaia Salamanca sonriendo mientras muestra s\u00e9rum ISDIN Flavo-C Intense con piel luminosa\" class=\"wp-image-13388 lazyload\" data-sizes=\"auto\" data-srcset=\"https:\/\/www.isdin.com\/es\/blog\/wp-content\/uploads\/2025\/04\/Imagen-en-el-contenido-69-1024x527.png 1024w, https:\/\/www.isdin.com\/es\/blog\/wp-content\/uploads\/2025\/04\/Imagen-en-el-contenido-69-300x155.png 300w, https:\/\/www.isdin.com\/es\/blog\/wp-content\/uploads\/2025\/04\/Imagen-en-el-contenido-69-150x77.png 150w, https:\/\/www.isdin.com\/es\/blog\/wp-content\/uploads\/2025\/04\/Imagen-en-el-contenido-69-768x396.png 768w, https:\/\/www.isdin.com\/es\/blog\/wp-content\/uploads\/2025\/04\/Imagen-en-el-contenido-69-585x300.png 585w, https:\/\/www.isdin.com\/es\/blog\/wp-content\/uploads\/2025\/04\/Imagen-en-el-contenido-69-450x232.png 450w, https:\/\/www.isdin.com\/es\/blog\/wp-content\/uploads\/2025\/04\/Imagen-en-el-contenido-69-20x11.png 20w, https:\/\/www.isdin.com\/es\/blog\/wp-content\/uploads\/2025\/04\/Imagen-en-el-contenido-69-225x116.png 225w, https:\/\/www.isdin.com\/es\/blog\/wp-content\/uploads\/2025\/04\/Imagen-en-el-contenido-69-900x464.png 900w, https:\/\/www.isdin.com\/es\/blog\/wp-content\/uploads\/2025\/04\/Imagen-en-el-contenido-69.png 1200w\" sizes=\"auto, (max-width: 1024px) 100vw, 1024px\" \/><\/figure>\n\n\n\n<p><\/p>\n\n\n\n<p class=\"has-background\" style=\"background-color:#ffe1a8a3\">\u00bfEl resultado? Una piel m\u00e1s luminosa, uniforme y revitalizada. Una forma de pasar de \u201cusar vitamina C\u201d a entender realmente <strong>para qu\u00e9 sirve la vitamina C<\/strong>\u2026 y verla funcionar.<\/p>\n\n\n\n<p><\/p>\n\n\n\n<h2 class=\"wp-block-heading\" id=\"h-dudas-sobre-la-vitamina-c\">\u00bfDudas sobre la vitamina C?<\/h2>\n\n\n\n<h3 class=\"wp-block-heading\">\u00bfPuedo usar vitamina C todos los d\u00edas?<\/h3>\n\n\n\n<p>S\u00ed, siempre que tu piel est\u00e9 a gusto con ella. El uso diario de vitamina C ayuda a mejorar la luminosidad y a reforzar la defensa frente a las agresiones externas, tanto de d\u00eda como de noche.<\/p>\n\n\n\n<h3 class=\"wp-block-heading\">\u00bfCu\u00e1ndo se notan los resultados de usar vitamina C?<\/h3>\n\n\n\n<p>La piel puede verse m\u00e1s luminosa en pocos d\u00edas, pero para apreciar mejoras en firmeza, textura o uniformidad, la constancia es clave: varias semanas de uso marcan la diferencia.<\/p>\n\n\n\n<h3 class=\"wp-block-heading\">\u00bfLa vitamina C caduca?<\/h3>\n\n\n\n<p>S\u00ed. Como cualquier producto cosm\u00e9tico, tiene una vida \u00fatil. Revisa la fecha de caducidad o el <a href=\"https:\/\/www.isdin.com\/es\/blog\/organizar-cosmeticos-cuando-cambiar-productos-belleza\/\"><strong>s\u00edmbolo PAO<\/strong><\/a> (ese tarrito abierto con el n\u00famero de meses) en el envase. Un apunte importante: la vitamina C es sensible a la luz y al calor. Lo mejor es optar por envases opacos y guardarla en un lugar fresco y sin sol directo. As\u00ed mantendr\u00e1s su eficacia intacta.<\/p>\n\n\n\n<h2 class=\"wp-block-heading\">Brillas con luz propia<\/h2>\n\n\n\n<figure class=\"wp-block-image size-large\"><img loading=\"lazy\" decoding=\"async\" width=\"1024\" height=\"527\" src=\"data:image\/gif;base64,R0lGODlhAQABAAAAACH5BAEKAAEALAAAAAABAAEAAAICTAEAOw==\" data-src=\"https:\/\/www.isdin.com\/es\/blog\/wp-content\/uploads\/2025\/04\/Imagen-en-el-contenido-70-1024x527.png\" alt=\"Amaia Salamanca de perfil en contraluz sosteniendo s\u00e9rum de vitamina C ISDIN Flavo-C Intense\" class=\"wp-image-13387 lazyload\" data-sizes=\"auto\" data-srcset=\"https:\/\/www.isdin.com\/es\/blog\/wp-content\/uploads\/2025\/04\/Imagen-en-el-contenido-70-1024x527.png 1024w, https:\/\/www.isdin.com\/es\/blog\/wp-content\/uploads\/2025\/04\/Imagen-en-el-contenido-70-300x155.png 300w, https:\/\/www.isdin.com\/es\/blog\/wp-content\/uploads\/2025\/04\/Imagen-en-el-contenido-70-150x77.png 150w, https:\/\/www.isdin.com\/es\/blog\/wp-content\/uploads\/2025\/04\/Imagen-en-el-contenido-70-768x396.png 768w, https:\/\/www.isdin.com\/es\/blog\/wp-content\/uploads\/2025\/04\/Imagen-en-el-contenido-70-585x300.png 585w, https:\/\/www.isdin.com\/es\/blog\/wp-content\/uploads\/2025\/04\/Imagen-en-el-contenido-70-450x232.png 450w, https:\/\/www.isdin.com\/es\/blog\/wp-content\/uploads\/2025\/04\/Imagen-en-el-contenido-70-20x11.png 20w, https:\/\/www.isdin.com\/es\/blog\/wp-content\/uploads\/2025\/04\/Imagen-en-el-contenido-70-225x116.png 225w, https:\/\/www.isdin.com\/es\/blog\/wp-content\/uploads\/2025\/04\/Imagen-en-el-contenido-70-900x464.png 900w, https:\/\/www.isdin.com\/es\/blog\/wp-content\/uploads\/2025\/04\/Imagen-en-el-contenido-70.png 1200w\" sizes=\"auto, (max-width: 1024px) 100vw, 1024px\" \/><\/figure>\n\n\n\n<p><\/p>\n\n\n\n<p>M\u00e1s all\u00e1 de tendencias, este activo sigue siendo uno de los grandes aliados para conseguir una piel luminosa, uniforme y con mejor aspecto d\u00eda tras d\u00eda. Y cuando encuentras una f\u00f3rmula que realmente funciona, los resultados no solo se ven\u2026 se sienten.<\/p>\n\n\n\n<p id=\"h-\">Incorp\u00f3rala a tu rutina de ma\u00f1ana, <a href=\"https:\/\/www.isdin.com\/es\/blog\/como-aplicar-correctamente-el-fotoprotector-solar\/\">comb\u00ednala siempre con fotoprotecci\u00f3n<\/a> y convi\u00e9rtela en ese gesto diario que marca la diferencia. Y sobre todo, no lo olvides: <a href=\"https:\/\/www.isdin.com\/es\/blog\/que-es-ph-piel-cuidados\/\">tu piel habla de ti<\/a>. Cu\u00eddala, prot\u00e9gela y deja que brille con luz propia.<\/p>\n","protected":false},"excerpt":{"rendered":"<p>La vitamina C siempre ha estado ah\u00ed. En el desayuno, en los resfriados, en esos d\u00edas en los que necesit\u00e1bamos un peque\u00f1o impulso de energ\u00eda. Pero ahora, m\u00e1s all\u00e1 del zumo de naranja y los recuerdos, se ha ganado un lugar fijo en nuestros neceseres.<\/p>\n","protected":false},"author":69,"featured_media":12007,"comment_status":"closed","ping_status":"closed","sticky":false,"template":"","format":"image","meta":{"footnotes":""},"categories":[103,1,101],"tags":[294,427,134],"class_list":["post-12005","post","type-post","status-publish","format-image","has-post-thumbnail","hentry","category-belleza","category-consejos-cuidados","category-cuidado-facial","tag-cuidado-facial","tag-ingredientes","tag-vitamina-c","post_format-post-format-image"],"yoast_head":"<!-- This site is optimized with the Yoast SEO Premium plugin v25.4 (Yoast SEO v25.4) - https:\/\/yoast.com\/wordpress\/plugins\/seo\/ -->\n<title>Vitamina C para la piel: beneficios, c\u00f3mo usarla y cu\u00e1l elegir (gu\u00eda completa) - ISDIN<\/title>\n<meta name=\"description\" content=\"El poderoso antioxidante que ilumina, protege y mejora manchas. Aprende c\u00f3mo usar vitamina C correctamente y consigue una piel radiante hoy.\" \/>\n<meta name=\"robots\" content=\"index, follow, max-snippet:-1, max-image-preview:large, max-video-preview:-1\" \/>\n<link rel=\"canonical\" href=\"https:\/\/www.isdin.com\/es\/blog\/vitamina-c-que-es-para-que-sirve-y-como-usarla\/\" \/>\n<meta property=\"og:locale\" content=\"es_ES\" \/>\n<meta property=\"og:type\" content=\"article\" \/>\n<meta property=\"og:title\" content=\"Vitamina C para la piel: beneficios, c\u00f3mo usarla y cu\u00e1l elegir (gu\u00eda completa)\" \/>\n<meta property=\"og:description\" content=\"El poderoso antioxidante que ilumina, protege y mejora manchas. Aprende c\u00f3mo usar vitamina C correctamente y consigue una piel radiante hoy.\" \/>\n<meta property=\"og:url\" content=\"https:\/\/www.isdin.com\/es\/blog\/vitamina-c-que-es-para-que-sirve-y-como-usarla\/\" \/>\n<meta property=\"og:site_name\" content=\"ISDIN\" \/>\n<meta property=\"article:publisher\" content=\"https:\/\/es-es.facebook.com\/ISDIN.official\/\" \/>\n<meta property=\"article:published_time\" content=\"2026-03-27T15:03:15+00:00\" \/>\n<meta property=\"article:modified_time\" content=\"2026-03-27T15:03:18+00:00\" \/>\n<meta property=\"og:image\" content=\"https:\/\/www.isdin.com\/es\/blog\/wp-content\/uploads\/2025\/04\/2025_03_VitaminC_IMG05-1.jpg\" \/>\n\t<meta property=\"og:image:width\" content=\"1200\" \/>\n\t<meta property=\"og:image:height\" content=\"760\" \/>\n\t<meta property=\"og:image:type\" content=\"image\/jpeg\" \/>\n<meta name=\"author\" content=\"Belinda Mart\u00ednez\" \/>\n<meta name=\"twitter:card\" content=\"summary_large_image\" \/>\n<meta name=\"twitter:creator\" content=\"@isdin_official\" \/>\n<meta name=\"twitter:site\" content=\"@isdin_official\" \/>\n<meta name=\"twitter:label1\" content=\"Written by\" \/>\n\t<meta name=\"twitter:data1\" content=\"Belinda Mart\u00ednez\" \/>\n\t<meta name=\"twitter:label2\" content=\"Est. reading time\" \/>\n\t<meta name=\"twitter:data2\" content=\"9 minutes\" \/>\n<script type=\"application\/ld+json\" class=\"yoast-schema-graph\">{\"@context\":\"https:\/\/schema.org\",\"@graph\":[{\"@type\":\"Article\",\"@id\":\"https:\/\/www.isdin.com\/es\/blog\/vitamina-c-que-es-para-que-sirve-y-como-usarla\/#article\",\"isPartOf\":{\"@id\":\"https:\/\/www.isdin.com\/es\/blog\/vitamina-c-que-es-para-que-sirve-y-como-usarla\/\"},\"author\":{\"name\":\"Belinda Mart\u00ednez\",\"@id\":\"https:\/\/www.isdin.com\/es\/blog\/#\/schema\/person\/684015d7d9e78124cb4aa660f6fe8576\"},\"headline\":\"Vitamina C para la piel: beneficios, c\u00f3mo usarla y cu\u00e1l elegir (gu\u00eda completa)\",\"datePublished\":\"2026-03-27T15:03:15+00:00\",\"dateModified\":\"2026-03-27T15:03:18+00:00\",\"mainEntityOfPage\":{\"@id\":\"https:\/\/www.isdin.com\/es\/blog\/vitamina-c-que-es-para-que-sirve-y-como-usarla\/\"},\"wordCount\":1760,\"publisher\":{\"@id\":\"https:\/\/www.isdin.com\/es\/blog\/#organization\"},\"image\":{\"@id\":\"https:\/\/www.isdin.com\/es\/blog\/vitamina-c-que-es-para-que-sirve-y-como-usarla\/#primaryimage\"},\"thumbnailUrl\":\"https:\/\/www.isdin.com\/es\/blog\/wp-content\/uploads\/2025\/04\/2025_03_VitaminC_IMG05-1.jpg\",\"keywords\":[\"cuidado facial\",\"ingredientes\",\"vitamina c\"],\"articleSection\":[\"Belleza\",\"Consejos y cuidados\",\"Cuidado facial\"],\"inLanguage\":\"es-ES\"},{\"@type\":\"WebPage\",\"@id\":\"https:\/\/www.isdin.com\/es\/blog\/vitamina-c-que-es-para-que-sirve-y-como-usarla\/\",\"url\":\"https:\/\/www.isdin.com\/es\/blog\/vitamina-c-que-es-para-que-sirve-y-como-usarla\/\",\"name\":\"Vitamina C para la piel: beneficios, c\u00f3mo usarla y cu\u00e1l elegir (gu\u00eda completa) - ISDIN\",\"isPartOf\":{\"@id\":\"https:\/\/www.isdin.com\/es\/blog\/#website\"},\"primaryImageOfPage\":{\"@id\":\"https:\/\/www.isdin.com\/es\/blog\/vitamina-c-que-es-para-que-sirve-y-como-usarla\/#primaryimage\"},\"image\":{\"@id\":\"https:\/\/www.isdin.com\/es\/blog\/vitamina-c-que-es-para-que-sirve-y-como-usarla\/#primaryimage\"},\"thumbnailUrl\":\"https:\/\/www.isdin.com\/es\/blog\/wp-content\/uploads\/2025\/04\/2025_03_VitaminC_IMG05-1.jpg\",\"datePublished\":\"2026-03-27T15:03:15+00:00\",\"dateModified\":\"2026-03-27T15:03:18+00:00\",\"description\":\"El poderoso antioxidante que ilumina, protege y mejora manchas. Aprende c\u00f3mo usar vitamina C correctamente y consigue una piel radiante hoy.\",\"breadcrumb\":{\"@id\":\"https:\/\/www.isdin.com\/es\/blog\/vitamina-c-que-es-para-que-sirve-y-como-usarla\/#breadcrumb\"},\"inLanguage\":\"es-ES\",\"potentialAction\":[{\"@type\":\"ReadAction\",\"target\":[\"https:\/\/www.isdin.com\/es\/blog\/vitamina-c-que-es-para-que-sirve-y-como-usarla\/\"]}]},{\"@type\":\"ImageObject\",\"inLanguage\":\"es-ES\",\"@id\":\"https:\/\/www.isdin.com\/es\/blog\/vitamina-c-que-es-para-que-sirve-y-como-usarla\/#primaryimage\",\"url\":\"https:\/\/www.isdin.com\/es\/blog\/wp-content\/uploads\/2025\/04\/2025_03_VitaminC_IMG05-1.jpg\",\"contentUrl\":\"https:\/\/www.isdin.com\/es\/blog\/wp-content\/uploads\/2025\/04\/2025_03_VitaminC_IMG05-1.jpg\",\"width\":1200,\"height\":760,\"caption\":\"vitamina C qu\u00e9 es\"},{\"@type\":\"BreadcrumbList\",\"@id\":\"https:\/\/www.isdin.com\/es\/blog\/vitamina-c-que-es-para-que-sirve-y-como-usarla\/#breadcrumb\",\"itemListElement\":[{\"@type\":\"ListItem\",\"position\":1,\"name\":\"Portada\",\"item\":\"https:\/\/www.isdin.com\/es\/blog\/\"},{\"@type\":\"ListItem\",\"position\":2,\"name\":\"Vitamina C para la piel: beneficios, c\u00f3mo usarla y cu\u00e1l elegir (gu\u00eda completa)\"}]},{\"@type\":\"WebSite\",\"@id\":\"https:\/\/www.isdin.com\/es\/blog\/#website\",\"url\":\"https:\/\/www.isdin.com\/es\/blog\/\",\"name\":\"ISDIN\",\"description\":\"Novedades, lanzamientos de productos y toda la experiencia de ISDIN\",\"publisher\":{\"@id\":\"https:\/\/www.isdin.com\/es\/blog\/#organization\"},\"potentialAction\":[{\"@type\":\"SearchAction\",\"target\":{\"@type\":\"EntryPoint\",\"urlTemplate\":\"https:\/\/www.isdin.com\/es\/blog\/?s={search_term_string}\"},\"query-input\":{\"@type\":\"PropertyValueSpecification\",\"valueRequired\":true,\"valueName\":\"search_term_string\"}}],\"inLanguage\":\"es-ES\"},{\"@type\":\"Organization\",\"@id\":\"https:\/\/www.isdin.com\/es\/blog\/#organization\",\"name\":\"ISDIN\",\"alternateName\":\"ISDIN\",\"url\":\"https:\/\/www.isdin.com\/es\/blog\/\",\"logo\":{\"@type\":\"ImageObject\",\"inLanguage\":\"es-ES\",\"@id\":\"https:\/\/www.isdin.com\/es\/blog\/#\/schema\/logo\/image\/\",\"url\":\"https:\/\/www.isdin.com\/es\/blog\/wp-content\/uploads\/2024\/05\/2025_03_GuiaFoto_FWM.png\",\"contentUrl\":\"https:\/\/www.isdin.com\/es\/blog\/wp-content\/uploads\/2024\/05\/2025_03_GuiaFoto_FWM.png\",\"width\":670,\"height\":683,\"caption\":\"ISDIN\"},\"image\":{\"@id\":\"https:\/\/www.isdin.com\/es\/blog\/#\/schema\/logo\/image\/\"},\"sameAs\":[\"https:\/\/es-es.facebook.com\/ISDIN.official\/\",\"https:\/\/x.com\/isdin_official\",\"https:\/\/www.instagram.com\/isdinofficial\",\"https:\/\/www.youtube.com\/channel\/UCtoNJMKpDwdFLqgV23_lcqg\"],\"telephone\":\"659997812\"},{\"@type\":\"Person\",\"@id\":\"https:\/\/www.isdin.com\/es\/blog\/#\/schema\/person\/684015d7d9e78124cb4aa660f6fe8576\",\"name\":\"Belinda Mart\u00ednez\",\"image\":{\"@type\":\"ImageObject\",\"inLanguage\":\"es-ES\",\"@id\":\"https:\/\/www.isdin.com\/es\/blog\/#\/schema\/person\/image\/\",\"url\":\"https:\/\/www.isdin.com\/es\/blog\/wp-content\/uploads\/2017\/07\/jjjj.jpg\",\"contentUrl\":\"https:\/\/www.isdin.com\/es\/blog\/wp-content\/uploads\/2017\/07\/jjjj.jpg\",\"caption\":\"Belinda Mart\u00ednez\"},\"description\":\"Belinda es periodista y copywriter creativa. Tras a\u00f1os de experiencia, decidi\u00f3 fusionar sus habilidades de escritura con su amor por el skincare, convirti\u00e9ndose en una especialista en la materia. \u00bfSu imprescindible? Un buen b\u00e1lsamo de labios.\",\"sameAs\":[\"https:\/\/www.linkedin.com\/in\/thisisbel\/\"],\"url\":\"https:\/\/www.isdin.com\/es\/blog\/author\/belindamartinez\/\"}]}<\/script>\n<!-- \/ Yoast SEO Premium plugin. -->","yoast_head_json":{"title":"Vitamina C para la piel: beneficios, c\u00f3mo usarla y cu\u00e1l elegir (gu\u00eda completa) - ISDIN","description":"El poderoso antioxidante que ilumina, protege y mejora manchas. Aprende c\u00f3mo usar vitamina C correctamente y consigue una piel radiante hoy.","robots":{"index":"index","follow":"follow","max-snippet":"max-snippet:-1","max-image-preview":"max-image-preview:large","max-video-preview":"max-video-preview:-1"},"canonical":"https:\/\/www.isdin.com\/es\/blog\/vitamina-c-que-es-para-que-sirve-y-como-usarla\/","og_locale":"es_ES","og_type":"article","og_title":"Vitamina C para la piel: beneficios, c\u00f3mo usarla y cu\u00e1l elegir (gu\u00eda completa)","og_description":"El poderoso antioxidante que ilumina, protege y mejora manchas. Aprende c\u00f3mo usar vitamina C correctamente y consigue una piel radiante hoy.","og_url":"https:\/\/www.isdin.com\/es\/blog\/vitamina-c-que-es-para-que-sirve-y-como-usarla\/","og_site_name":"ISDIN","article_publisher":"https:\/\/es-es.facebook.com\/ISDIN.official\/","article_published_time":"2026-03-27T15:03:15+00:00","article_modified_time":"2026-03-27T15:03:18+00:00","og_image":[{"width":1200,"height":760,"url":"https:\/\/www.isdin.com\/es\/blog\/wp-content\/uploads\/2025\/04\/2025_03_VitaminC_IMG05-1.jpg","type":"image\/jpeg"}],"author":"Belinda Mart\u00ednez","twitter_card":"summary_large_image","twitter_creator":"@isdin_official","twitter_site":"@isdin_official","twitter_misc":{"Written by":"Belinda Mart\u00ednez","Est. reading time":"9 minutes"},"schema":{"@context":"https:\/\/schema.org","@graph":[{"@type":"Article","@id":"https:\/\/www.isdin.com\/es\/blog\/vitamina-c-que-es-para-que-sirve-y-como-usarla\/#article","isPartOf":{"@id":"https:\/\/www.isdin.com\/es\/blog\/vitamina-c-que-es-para-que-sirve-y-como-usarla\/"},"author":{"name":"Belinda Mart\u00ednez","@id":"https:\/\/www.isdin.com\/es\/blog\/#\/schema\/person\/684015d7d9e78124cb4aa660f6fe8576"},"headline":"Vitamina C para la piel: beneficios, c\u00f3mo usarla y cu\u00e1l elegir (gu\u00eda completa)","datePublished":"2026-03-27T15:03:15+00:00","dateModified":"2026-03-27T15:03:18+00:00","mainEntityOfPage":{"@id":"https:\/\/www.isdin.com\/es\/blog\/vitamina-c-que-es-para-que-sirve-y-como-usarla\/"},"wordCount":1760,"publisher":{"@id":"https:\/\/www.isdin.com\/es\/blog\/#organization"},"image":{"@id":"https:\/\/www.isdin.com\/es\/blog\/vitamina-c-que-es-para-que-sirve-y-como-usarla\/#primaryimage"},"thumbnailUrl":"https:\/\/www.isdin.com\/es\/blog\/wp-content\/uploads\/2025\/04\/2025_03_VitaminC_IMG05-1.jpg","keywords":["cuidado facial","ingredientes","vitamina c"],"articleSection":["Belleza","Consejos y cuidados","Cuidado facial"],"inLanguage":"es-ES"},{"@type":"WebPage","@id":"https:\/\/www.isdin.com\/es\/blog\/vitamina-c-que-es-para-que-sirve-y-como-usarla\/","url":"https:\/\/www.isdin.com\/es\/blog\/vitamina-c-que-es-para-que-sirve-y-como-usarla\/","name":"Vitamina C para la piel: beneficios, c\u00f3mo usarla y cu\u00e1l elegir (gu\u00eda completa) - ISDIN","isPartOf":{"@id":"https:\/\/www.isdin.com\/es\/blog\/#website"},"primaryImageOfPage":{"@id":"https:\/\/www.isdin.com\/es\/blog\/vitamina-c-que-es-para-que-sirve-y-como-usarla\/#primaryimage"},"image":{"@id":"https:\/\/www.isdin.com\/es\/blog\/vitamina-c-que-es-para-que-sirve-y-como-usarla\/#primaryimage"},"thumbnailUrl":"https:\/\/www.isdin.com\/es\/blog\/wp-content\/uploads\/2025\/04\/2025_03_VitaminC_IMG05-1.jpg","datePublished":"2026-03-27T15:03:15+00:00","dateModified":"2026-03-27T15:03:18+00:00","description":"El poderoso antioxidante que ilumina, protege y mejora manchas. Aprende c\u00f3mo usar vitamina C correctamente y consigue una piel radiante hoy.","breadcrumb":{"@id":"https:\/\/www.isdin.com\/es\/blog\/vitamina-c-que-es-para-que-sirve-y-como-usarla\/#breadcrumb"},"inLanguage":"es-ES","potentialAction":[{"@type":"ReadAction","target":["https:\/\/www.isdin.com\/es\/blog\/vitamina-c-que-es-para-que-sirve-y-como-usarla\/"]}]},{"@type":"ImageObject","inLanguage":"es-ES","@id":"https:\/\/www.isdin.com\/es\/blog\/vitamina-c-que-es-para-que-sirve-y-como-usarla\/#primaryimage","url":"https:\/\/www.isdin.com\/es\/blog\/wp-content\/uploads\/2025\/04\/2025_03_VitaminC_IMG05-1.jpg","contentUrl":"https:\/\/www.isdin.com\/es\/blog\/wp-content\/uploads\/2025\/04\/2025_03_VitaminC_IMG05-1.jpg","width":1200,"height":760,"caption":"vitamina C qu\u00e9 es"},{"@type":"BreadcrumbList","@id":"https:\/\/www.isdin.com\/es\/blog\/vitamina-c-que-es-para-que-sirve-y-como-usarla\/#breadcrumb","itemListElement":[{"@type":"ListItem","position":1,"name":"Portada","item":"https:\/\/www.isdin.com\/es\/blog\/"},{"@type":"ListItem","position":2,"name":"Vitamina C para la piel: beneficios, c\u00f3mo usarla y cu\u00e1l elegir (gu\u00eda completa)"}]},{"@type":"WebSite","@id":"https:\/\/www.isdin.com\/es\/blog\/#website","url":"https:\/\/www.isdin.com\/es\/blog\/","name":"ISDIN","description":"Novedades, lanzamientos de productos y toda la experiencia de ISDIN","publisher":{"@id":"https:\/\/www.isdin.com\/es\/blog\/#organization"},"potentialAction":[{"@type":"SearchAction","target":{"@type":"EntryPoint","urlTemplate":"https:\/\/www.isdin.com\/es\/blog\/?s={search_term_string}"},"query-input":{"@type":"PropertyValueSpecification","valueRequired":true,"valueName":"search_term_string"}}],"inLanguage":"es-ES"},{"@type":"Organization","@id":"https:\/\/www.isdin.com\/es\/blog\/#organization","name":"ISDIN","alternateName":"ISDIN","url":"https:\/\/www.isdin.com\/es\/blog\/","logo":{"@type":"ImageObject","inLanguage":"es-ES","@id":"https:\/\/www.isdin.com\/es\/blog\/#\/schema\/logo\/image\/","url":"https:\/\/www.isdin.com\/es\/blog\/wp-content\/uploads\/2024\/05\/2025_03_GuiaFoto_FWM.png","contentUrl":"https:\/\/www.isdin.com\/es\/blog\/wp-content\/uploads\/2024\/05\/2025_03_GuiaFoto_FWM.png","width":670,"height":683,"caption":"ISDIN"},"image":{"@id":"https:\/\/www.isdin.com\/es\/blog\/#\/schema\/logo\/image\/"},"sameAs":["https:\/\/es-es.facebook.com\/ISDIN.official\/","https:\/\/x.com\/isdin_official","https:\/\/www.instagram.com\/isdinofficial","https:\/\/www.youtube.com\/channel\/UCtoNJMKpDwdFLqgV23_lcqg"],"telephone":"659997812"},{"@type":"Person","@id":"https:\/\/www.isdin.com\/es\/blog\/#\/schema\/person\/684015d7d9e78124cb4aa660f6fe8576","name":"Belinda Mart\u00ednez","image":{"@type":"ImageObject","inLanguage":"es-ES","@id":"https:\/\/www.isdin.com\/es\/blog\/#\/schema\/person\/image\/","url":"https:\/\/www.isdin.com\/es\/blog\/wp-content\/uploads\/2017\/07\/jjjj.jpg","contentUrl":"https:\/\/www.isdin.com\/es\/blog\/wp-content\/uploads\/2017\/07\/jjjj.jpg","caption":"Belinda Mart\u00ednez"},"description":"Belinda es periodista y copywriter creativa. Tras a\u00f1os de experiencia, decidi\u00f3 fusionar sus habilidades de escritura con su amor por el skincare, convirti\u00e9ndose en una especialista en la materia. \u00bfSu imprescindible? Un buen b\u00e1lsamo de labios.","sameAs":["https:\/\/www.linkedin.com\/in\/thisisbel\/"],"url":"https:\/\/www.isdin.com\/es\/blog\/author\/belindamartinez\/"}]}},"_links":{"self":[{"href":"https:\/\/www.isdin.com\/es\/blog\/wp-json\/wp\/v2\/posts\/12005","targetHints":{"allow":["GET"]}}],"collection":[{"href":"https:\/\/www.isdin.com\/es\/blog\/wp-json\/wp\/v2\/posts"}],"about":[{"href":"https:\/\/www.isdin.com\/es\/blog\/wp-json\/wp\/v2\/types\/post"}],"author":[{"embeddable":true,"href":"https:\/\/www.isdin.com\/es\/blog\/wp-json\/wp\/v2\/users\/69"}],"replies":[{"embeddable":true,"href":"https:\/\/www.isdin.com\/es\/blog\/wp-json\/wp\/v2\/comments?post=12005"}],"version-history":[{"count":3,"href":"https:\/\/www.isdin.com\/es\/blog\/wp-json\/wp\/v2\/posts\/12005\/revisions"}],"predecessor-version":[{"id":13392,"href":"https:\/\/www.isdin.com\/es\/blog\/wp-json\/wp\/v2\/posts\/12005\/revisions\/13392"}],"wp:featuredmedia":[{"embeddable":true,"href":"https:\/\/www.isdin.com\/es\/blog\/wp-json\/wp\/v2\/media\/12007"}],"wp:attachment":[{"href":"https:\/\/www.isdin.com\/es\/blog\/wp-json\/wp\/v2\/media?parent=12005"}],"wp:term":[{"taxonomy":"category","embeddable":true,"href":"https:\/\/www.isdin.com\/es\/blog\/wp-json\/wp\/v2\/categories?post=12005"},{"taxonomy":"post_tag","embeddable":true,"href":"https:\/\/www.isdin.com\/es\/blog\/wp-json\/wp\/v2\/tags?post=12005"}],"curies":[{"name":"wp","href":"https:\/\/api.w.org\/{rel}","templated":true}]}}