{"id":11981,"date":"2025-04-18T09:00:00","date_gmt":"2025-04-18T09:00:00","guid":{"rendered":"https:\/\/www.isdin.com\/es\/blog\/?p=11981"},"modified":"2025-04-17T12:12:59","modified_gmt":"2025-04-17T12:12:59","slug":"como-afecta-el-clima-a-tu-piel","status":"publish","type":"post","link":"https:\/\/www.isdin.com\/es\/blog\/como-afecta-el-clima-a-tu-piel\/","title":{"rendered":"C\u00f3mo el clima afecta tu piel y qu\u00e9 cambios hacer en tu rutina"},"content":{"rendered":"\n<p><strong>Tu piel siente el clima tanto como t\u00fa.<\/strong> Lo nota en el calor h\u00famedo que la abruma, en el fr\u00edo seco que la agrieta, en el viento que la enrojece sin avisar. Nada ocurre aislado: todo est\u00e1 conectado.<\/p>\n\n\n\n<p>Detr\u00e1s de esos cambios est\u00e1 el exposoma cut\u00e1neo, un concepto que re\u00fane todos los factores \u2014internos y externos\u2014 que, d\u00eda tras d\u00eda, influyen en la salud de tu piel. El clima es uno de los m\u00e1s decisivos. Pero la clave no est\u00e1 en resistirse, sino en adaptarse. Con algunos ajustes en tu rutina y los productos adecuados, tu piel puede mantenerse equilibrada y radiante, haga fr\u00edo, calor o humedad.<\/p>\n\n\n\n<p>\u00bfQuieres descubrir c\u00f3mo el clima afecta a tu piel y c\u00f3mo acompa\u00f1arla en cada estaci\u00f3n? Sigue leyendo.<\/p>\n\n\n\n<h2 class=\"wp-block-heading\" id=\"h-lo-primero-de-todo-que-es-el-exposoma\">Lo primero de todo, \u00bfqu\u00e9 es el exposoma?<\/h2>\n\n\n\n<p>Piensa en todas esas peque\u00f1as decisiones que tomas cada d\u00eda:&nbsp;<a href=\"https:\/\/www.isdin.com\/es\/blog\/alimentacion-para-una-piel-sana\/\">qu\u00e9 comes<\/a>,&nbsp;<a href=\"https:\/\/www.isdin.com\/es\/blog\/consejos-para-dormir-bien\/\">cu\u00e1nto duermes<\/a>,&nbsp;<a href=\"https:\/\/www.isdin.com\/es\/blog\/te-proteges-bien-del-sol\/\">cu\u00e1nto te expones al sol<\/a>, a la <a href=\"https:\/\/www.isdin.com\/es\/blog\/efectos-polucion-piel-como-protegerla\/\">contaminaci\u00f3n<\/a> o al <a href=\"https:\/\/www.google.com\/search?q=tabaco+isidn+blog&amp;rlz=1C1UEAD_esES1067ES1067&amp;oq=tabaco+isidn+blog&amp;gs_lcrp=EgZjaHJvbWUqBggAEEUYOzIGCAAQRRg7MgoIARAAGLEDGIAEMgoIAhAuGLEDGIAEMg0IAxAAGIMBGLEDGIAEMgoIBBAAGLEDGIAEMgoIBRAuGLEDGIAEMgkIBhAAGAoYgAQyDQgHEAAYgwEYsQMYgAQyDQgIEC4YgwEYsQMYgAQyDQgJEC4YrwEYxwEYgATSAQgzMDE2ajBqNKgCALACAA&amp;sourceid=chrome&amp;ie=UTF-8\">humo del tabaco<\/a>.&nbsp;<strong>Todo suma, lo bueno y lo no tan bueno, y con el tiempo tu piel lo refleja.<\/strong><\/p>\n\n\n\n<p>El exposoma engloba todo: desde tus <a href=\"https:\/\/www.isdin.com\/es\/blog\/de-meta-a-habito-la-clave-para-el-exito\/\">h\u00e1bitos diarios<\/a> hasta factores ambientales que no siempre puedes controlar. Y aqu\u00ed viene lo importante: <a href=\"https:\/\/www.hospitalrosario.es\/noticias\/el-exposoma-determina-el-80-del-envejecimiento-de-la-piel\/\">hasta el 80\u202f% del envejecimiento visible de la piel<\/a> no depende de la gen\u00e9tica, sino del exposoma. <strong>Entre todos esos factores, el clima tiene un papel clave<\/strong>.<\/p>\n\n\n\n<figure class=\"wp-block-image size-full\"><img loading=\"lazy\" decoding=\"async\" width=\"768\" height=\"396\" src=\"data:image\/gif;base64,R0lGODlhAQABAAAAACH5BAEKAAEALAAAAAABAAEAAAICTAEAOw==\" data-src=\"https:\/\/www.isdin.com\/es\/blog\/wp-content\/uploads\/2025\/04\/image-17.png\" alt=\"\" class=\"wp-image-11983 lazyload\" data-sizes=\"auto\" data-srcset=\"https:\/\/www.isdin.com\/es\/blog\/wp-content\/uploads\/2025\/04\/image-17.png 768w, https:\/\/www.isdin.com\/es\/blog\/wp-content\/uploads\/2025\/04\/image-17-300x155.png 300w, https:\/\/www.isdin.com\/es\/blog\/wp-content\/uploads\/2025\/04\/image-17-150x77.png 150w, https:\/\/www.isdin.com\/es\/blog\/wp-content\/uploads\/2025\/04\/image-17-450x232.png 450w, https:\/\/www.isdin.com\/es\/blog\/wp-content\/uploads\/2025\/04\/image-17-20x11.png 20w, https:\/\/www.isdin.com\/es\/blog\/wp-content\/uploads\/2025\/04\/image-17-225x116.png 225w\" sizes=\"auto, (max-width: 768px) 100vw, 768px\" \/><\/figure>\n\n\n\n<p><\/p>\n\n\n\n<p class=\"has-background\" style=\"background-color:#f1dfbf\">Cambios en la humedad, la temperatura, el viento o las estaciones pueden alterar la hidrataci\u00f3n, la producci\u00f3n de grasa y la sensibilidad de la piel. Por eso, <a href=\"https:\/\/www.isdin.com\/es\/blog\/rutina-de-piel-para-cada-estacion\/\">adaptar tu rutina seg\u00fan el clima<\/a> no es opcional, es necesario.<\/p>\n\n\n\n<p><\/p>\n\n\n\n<h2 class=\"wp-block-heading\" id=\"h-como-afecta-el-clima-a-tu-piel\">\u00bfC\u00f3mo afecta el clima a tu piel?<\/h2>\n\n\n\n<figure class=\"wp-block-image size-full\"><img loading=\"lazy\" decoding=\"async\" width=\"1200\" height=\"618\" src=\"data:image\/gif;base64,R0lGODlhAQABAAAAACH5BAEKAAEALAAAAAABAAEAAAICTAEAOw==\" data-src=\"https:\/\/www.isdin.com\/es\/blog\/wp-content\/uploads\/2025\/04\/2025_04_climate_IMG03.jpg\" alt=\"\" class=\"wp-image-11984 lazyload\"\/><\/figure>\n\n\n\n<p><\/p>\n\n\n\n<p>Cada clima tiene lo suyo. Algunos te regalan <a href=\"https:\/\/www.isdin.com\/es\/blog\/productos-beauty-preparar-maleta-verano\/\">d\u00edas radiantes<\/a>, otros te obligan <a href=\"https:\/\/www.isdin.com\/es\/blog\/que-llevar-neceser-invierno-beauty\/\">a sacar la bufanda<\/a>\u2026 pero todos, de una forma u otra, influyen en c\u00f3mo se comporta tu piel. Te contamos qu\u00e9 puedes esperar seg\u00fan el tiempo que haga donde vives:<\/p>\n\n\n\n<h3 class=\"wp-block-heading\" id=\"h-caluroso-y-humedo\">Caluroso y h\u00famedo<\/h3>\n\n\n\n<p><a href=\"https:\/\/www.isdin.com\/es\/blog\/kit-dia-playa\/\">Veranos junto al mar<\/a>, paseos por la costa o esas olas de calor en las que parece que sudas solo con pensar. La parte buena: el aire h\u00famedo mantiene a raya la sequedad. La parte no tan buena: esa misma humedad puede disparar la producci\u00f3n de grasa, aumentar el sudor y saturar los poros.<\/p>\n\n\n\n<p><strong>\u00bfEl resultado?<\/strong> Brillantez, <a href=\"https:\/\/www.isdin.com\/es\/blog\/por-que-tienes-acne-en-la-edad-adulta-y-como-combatirlo\/\">granos<\/a> y esa sensaci\u00f3n de que la piel \u201cpesa\u201d, sobre todo en la frente, el pecho o <a href=\"https:\/\/www.isdin.com\/es\/blog\/olvidate-de-los-granos-en-la-espalda\/\">la espalda<\/a>. Y no es solo cosa tuya: los <a href=\"https:\/\/pubmed.ncbi.nlm.nih.gov\/30238598\/\">estudios lo confirman<\/a>, los brotes son mucho m\u00e1s frecuentes durante los meses m\u00e1s calurosos y pegajosos del a\u00f1o.<\/p>\n\n\n\n<h3 class=\"wp-block-heading\" id=\"h-caluroso-y-seco\">Caluroso y seco<\/h3>\n\n\n\n<p>Piensa en un clima tipo desierto: sol intenso, calor que abrasa\u2026 y ni rastro de humedad. En este ambiente, <a href=\"https:\/\/www.isdin.com\/es\/blog\/perdida-de-agua-transepidermica-que-es\/\">la piel pierde agua<\/a> a toda velocidad. Notas zonas \u00e1speras, algo de descamaci\u00f3n, y esa sensaci\u00f3n frustrante de que la hidratante se esfuma nada m\u00e1s aplicarla.<\/p>\n\n\n\n<p>Y por si fuera poco, el sol suele pegar con m\u00e1s fuerza, lo que se traduce en <a href=\"https:\/\/www.isdin.com\/blog\/well-aging-como-prevenir-y-cuidar-nuestras-arrugas\/\">l\u00edneas de expresi\u00f3n<\/a> que se marcan antes de tiempo, <a href=\"https:\/\/www.isdin.com\/es\/blog\/manchas-solares-por-que-se-producen-y-como-tratarlas\/\">manchas<\/a> que aparecen sin avisar y un <a href=\"https:\/\/www.isdin.com\/es\/blog\/efectos-del-fotoenvejecimiento-en-la-piel\/\">tono de piel cada vez m\u00e1s desigual<\/a>. \u00bfTirantez? \u00bfPicores? No te lo est\u00e1s imaginando. Es tu piel dici\u00e9ndote, en voz alta, que necesita un extra de mimo.<\/p>\n\n\n\n<h3 class=\"wp-block-heading\" id=\"h-frio-y-seco\">Fr\u00edo y seco<\/h3>\n\n\n\n<p>Fr\u00edo y sequedad: una combinaci\u00f3n que tu piel siente al instante, est\u00e9s donde est\u00e9s. En zonas de monta\u00f1a, en climas \u00e1ridos o en lugares con aire seco casi todo el a\u00f1o, el resultado suele ser el mismo: <a href=\"https:\/\/www.isdin.com\/es\/blog\/como-cuidar-y-reparar-los-labios-agrietados\/\">labios agrietados<\/a>, <a href=\"https:\/\/www.isdin.com\/es\/blog\/hidratacion-manos-secas-en-3-pasos\/\">manos resecas<\/a> y una piel que pide hidrataci\u00f3n a gritos.<\/p>\n\n\n\n<p>El aire fr\u00edo no retiene humedad, y si a eso le sumas calefacci\u00f3n o viento constante, el nivel de deshidrataci\u00f3n se dispara. Y si <a href=\"https:\/\/www.isdin.com\/es\/blog\/rutina-piel-sensible\/\">tu piel es sensible<\/a>, lo nota a\u00fan m\u00e1s: <a href=\"https:\/\/www.google.com\/search?q=rosacea+isidn+blog&amp;rlz=1C1UEAD_esES1067ES1067&amp;oq=rosacea+isidn+blog&amp;gs_lcrp=EgZjaHJvbWUyBggAEEUYOTIHCAEQABiABDIHCAIQABiABDIHCAMQABiABDIICAQQABgWGB4yCAgFEAAYFhgeMggIBhAAGBYYHjIICAcQABgWGB4yCAgIEAAYFhgeMggICRAAGBYYHtIBCDI0MzFqMGo0qAIAsAIA&amp;sourceid=chrome&amp;ie=UTF-8\">cuperosis<\/a>, <a href=\"https:\/\/www.isdin.com\/es\/blog\/piel-atopica-todo-lo-que-necesitas-saber-para-cuidarla\/\">eccema<\/a>, brotes de ros\u00e1cea, escozor&#8230; Todo se intensifica cuando la <a href=\"https:\/\/www.isdin.com\/blog\/que-es-la-barrera-cutanea\/\">barrera cut\u00e1nea<\/a> se debilita frente a tantos contrastes.<\/p>\n\n\n\n<h3 class=\"wp-block-heading\" id=\"h-un-clima-que-no-para-de-cambiar\">Un clima que no para de cambiar<\/h3>\n\n\n\n<p>Si vives en un lugar con estaciones marcadas, tu piel lo vive todo: <strong>veranos calurosos, inviernos secos, primaveras impredecibles y oto\u00f1os revueltos<\/strong>. Y con cada cambio, vienen nuevos retos.<\/p>\n\n\n\n<p><a href=\"https:\/\/www.isdin.com\/es\/blog\/como-cuidar-la-piel-en-verano\/\">En verano<\/a>, m\u00e1s grasa, brillos y manchas. En invierno, sequedad y tirantez. Y en esas estaciones de \u201cni fr\u00edo ni calor\u201d, como <a href=\"https:\/\/www.isdin.com\/es\/blog\/rutina-piel-primavera\/\">primavera<\/a> y <a href=\"https:\/\/www.isdin.com\/es\/blog\/rutina-de-piel-en-otono\/\">oto\u00f1o<\/a>, llegan los t\u00edpicos desequilibrios: brotes puntuales, sensibilidad, o reacciones por alergias ambientales. \u00bfLa clave? <strong>Escuchar lo que tu piel te pide<\/strong> y ajustar tu rutina en consecuencia. Porque, igual que el clima cambia, tu piel tambi\u00e9n. Y tu forma de cuidarla deber\u00eda hacerlo con ella.<\/p>\n\n\n\n<h2 class=\"wp-block-heading\" id=\"h-puede-el-calor-acelerar-el-envejecimiento-de-la-piel\">\u00bfPuede el calor acelerar el envejecimiento de la piel?<\/h2>\n\n\n\n<figure class=\"wp-block-image size-full\"><img loading=\"lazy\" decoding=\"async\" width=\"1200\" height=\"618\" src=\"data:image\/gif;base64,R0lGODlhAQABAAAAACH5BAEKAAEALAAAAAABAAEAAAICTAEAOw==\" data-src=\"https:\/\/www.isdin.com\/es\/blog\/wp-content\/uploads\/2025\/04\/2025_04_climate_IMG05.jpg\" alt=\"\" class=\"wp-image-11985 lazyload\"\/><\/figure>\n\n\n\n<p><\/p>\n\n\n\n<p>Ya hemos visto c\u00f3mo el clima influye en la piel a diario: m\u00e1s sebo en ambientes h\u00famedos, m\u00e1s sequedad con el fr\u00edo, m\u00e1s sensibilidad en cambios estacionales&#8230; Pero hay un efecto menos visible \u2014aunque igual de importante\u2014 que tambi\u00e9n est\u00e1 ligado al entorno: <strong>el envejecimiento t\u00e9rmico<\/strong>.<\/p>\n\n\n\n<h3 class=\"wp-block-heading\" id=\"h-los-rayos-uv-no-son-los-unicos-culpables\">Los rayos UV no son los \u00fanicos culpables<\/h3>\n\n\n\n<p>Sabemos que los <a href=\"https:\/\/www.isdin.com\/es\/blog\/efectos-radiacion-solar-piel\/\">rayos UV<\/a> tienen mucho que ver con el envejecimiento de la piel, pero no son los \u00fanicos culpables. Nuevos estudios apuntan a que el <strong>calor<\/strong>, especialmente cuando nos exponemos a altas temperaturas durante mucho tiempo, tambi\u00e9n puede dejar huella. <strong>\u00bfLa raz\u00f3n?<\/strong> El sol no solo emite radiaci\u00f3n ultravioleta, tambi\u00e9n desprende radiaci\u00f3n <strong>infrarroja (IR)<\/strong>, y esta tambi\u00e9n afecta a la piel.<\/p>\n\n\n\n<p>Hablamos con la Dra. Latanya Benjamin \u2014dermat\u00f3loga y e <a href=\"https:\/\/www.isdin.com\/es\/love-isdin\">isdinlover<\/a><em>\u2014,<\/em> para entender mejor el tema. \u201cLos estudios sugieren que la radiaci\u00f3n infrarroja puede provocar cambios importantes en la piel\u201d, nos cuenta. Con curiosidad, le preguntamos cu\u00e1les. Su respuesta es clara: \u201cProcesos asociados al envejecimiento prematuro\u201d.<\/p>\n\n\n\n<p>Y es que cada vez hay m\u00e1s <a href=\"https:\/\/pubmed.ncbi.nlm.nih.gov\/39539237\/\">investigaciones<\/a> que relacionan el calor cr\u00f3nico con la aparici\u00f3n de <strong>l\u00edneas de expresi\u00f3n, arrugas y tono desigual<\/strong>. A este fen\u00f3meno ya se le conoce como <strong>envejecimiento t\u00e9rmico<\/strong>. \u00bfPor qu\u00e9 ocurre? Porque el calor da\u00f1a las fibras de <a href=\"https:\/\/www.isdin.com\/blog\/beneficios-del-colageno-para-la-piel\/\"><strong>col\u00e1geno y elastina<\/strong><\/a>, las prote\u00ednas que mantienen la piel firme y el\u00e1stica.<\/p>\n\n\n\n<p>Pero eso no es todo. Cuando la piel est\u00e1 expuesta al calor de forma prolongada, tambi\u00e9n puede producir m\u00e1s melanina, lo que se traduce en <a href=\"https:\/\/www.isdin.com\/es\/blog\/manchas-en-la-piel-respondemos-a-tus-preguntas\/\"><strong>manchas y tono irregular<\/strong><\/a>. Es algo muy habitual en climas c\u00e1lidos y soleados, donde el calor y la radiaci\u00f3n UV est\u00e1n presentes todo el tiempo.<\/p>\n\n\n\n<p><\/p>\n\n\n\n<p class=\"has-background\" style=\"background-color:#f1dfbf\">Aunque en ambientes h\u00famedos la piel pueda parecer m\u00e1s jugosa o con volumen, puede estar viviendo un <a href=\"https:\/\/www.isdin.com\/blog\/como-afecta-el-estres-a-nuestra-piel\/\">estr\u00e9s<\/a> invisible bajo la superficie.<\/p>\n\n\n\n<p><\/p>\n\n\n\n<h4 class=\"wp-block-heading\" id=\"h-como-puedes-proteger-tu-piel-del-envejecimiento-termico\">\u00bfC\u00f3mo puedes proteger tu piel del envejecimiento t\u00e9rmico? <\/h4>\n\n\n\n<p>Para proteger tu piel del impacto del calor, lo ideal es incorporar algunos gestos sencillos a <a href=\"https:\/\/www.isdin.com\/es\/blog\/en-que-orden-se-aplican-las-cremas\/\">tu rutina diaria<\/a>. Mantenerse fresca cuando sea posible y reforzar la barrera cut\u00e1nea con una hidrataci\u00f3n suave es un buen punto de partida.<\/p>\n\n\n\n<p>Pero si hay un paso clave, ese es <a href=\"https:\/\/www.isdin.com\/es\/blog\/fotoprotectores-solares-para-la-cara-isdin\/\">el protector solar<\/a>. Como recuerda la Dra. Latanya Benjamin, \u201clo mejor es un fotoprotector que no solo proteja de los efectos da\u00f1inos de la radiaci\u00f3n solar, sino que tambi\u00e9n <strong>defienda la piel del da\u00f1o t\u00e9rmico<\/strong>\u201d. \u00bfY qu\u00e9 debes buscar en un producto? Ella misma te lo cuenta: \u201cF\u00edjate en que incluya <a href=\"https:\/\/www.isdin.com\/es\/blog\/proteccion-solar-con-antioxidantes-beneficios\/\"><strong>antioxidantes<\/strong><\/a>, que ayuden a neutralizar los radicales libres generados tanto por la radiaci\u00f3n UV como por el calor\u201d.<\/p>\n\n\n\n<p class=\"has-text-align-center\">Aliados como la vitamina E o el Mediterranean Alga Extract son excelentes opciones.<br><\/p>\n\n\n\n<h2 class=\"wp-block-heading\" id=\"h-como-cuidar-tu-piel-segun-el-tipo-de-clima\">C\u00f3mo cuidar tu piel seg\u00fan el tipo de clima<\/h2>\n\n\n\n<figure class=\"wp-block-image size-full\"><img loading=\"lazy\" decoding=\"async\" width=\"1200\" height=\"618\" src=\"data:image\/gif;base64,R0lGODlhAQABAAAAACH5BAEKAAEALAAAAAABAAEAAAICTAEAOw==\" data-src=\"https:\/\/www.isdin.com\/es\/blog\/wp-content\/uploads\/2025\/04\/2025_04_climate_IMG04-1.jpg\" alt=\"c\u00f3mo afecta el clima a tu piel\" class=\"wp-image-11986 lazyload\"\/><\/figure>\n\n\n\n<p><\/p>\n\n\n\n<p>Has visto c\u00f3mo influye en tu piel, c\u00f3mo puede desencadenar brotes, sequedad o incluso acelerar el envejecimiento\u2026 Ahora, toca lo m\u00e1s importante: adaptar tu rutina en funci\u00f3n del lugar donde est\u00e9s (o al que vayas).<\/p>\n\n\n\n<h3 class=\"wp-block-heading\" id=\"h-en-climas-humedos\">En climas h\u00famedos<\/h3>\n\n\n\n<figure class=\"wp-block-image size-full\"><img loading=\"lazy\" decoding=\"async\" width=\"1200\" height=\"618\" src=\"data:image\/gif;base64,R0lGODlhAQABAAAAACH5BAEKAAEALAAAAAABAAEAAAICTAEAOw==\" data-src=\"https:\/\/www.isdin.com\/es\/blog\/wp-content\/uploads\/2025\/04\/2025_04_climate_IMG02.jpg\" alt=\"c\u00f3mo afecta el clima a tu piel\" class=\"wp-image-11987 lazyload\"\/><\/figure>\n\n\n\n<p><\/p>\n\n\n\n<ul class=\"wp-block-list\">\n<li><strong>Opta por texturas ligeras<\/strong>. Nada de cremas pesadas. Mejor <a href=\"https:\/\/www.isdin.com\/es\/p\/control-de-brillos-y-granos\/5013\">geles<\/a> o <a href=\"https:\/\/www.isdin.com\/es\/p\/hyaluronic-moisture-oily-and-combination-skin\/4056\">hidratantes<\/a> sin aceites minerales, que hidraten sin saturar. Las f\u00f3rmulas de r\u00e1pida absorci\u00f3n y <a href=\"https:\/\/www.isdin.com\/es\/search?q=matificante\">acabado mate<\/a> son tus mejores aliadas contra los brillos.<\/li>\n\n\n\n<li><strong>Limpia con suavidad, pero a diario<\/strong>. El sudor y el sebo se acumulan r\u00e1pido, as\u00ed que lo ideal es <a href=\"https:\/\/www.isdin.com\/blog\/guia-esencial-de-limpiadores-faciales\/\">lavar la cara ma\u00f1ana y noche<\/a>. \u00bfUn truco que funciona? Los <a href=\"https:\/\/www.isdin.com\/es\/blog\/essential-cleansing\/\">limpiadores en aceite<\/a>. Aunque no lo parezca, disuelven la grasa sin resecar ni alterar el equilibrio de la piel.<\/li>\n\n\n\n<li><strong>Productos no comedog\u00e9nicos, siempre<\/strong>. Sobre todo <a href=\"https:\/\/www.isdin.com\/es\/blog\/acniben-la-rutina-que-le-dira-adios-a-los-granos\/\">si tienes tendencia a los granitos<\/a>. Deja que tu piel respire.<\/li>\n\n\n\n<li><strong>Protector solar s\u00ed o s\u00ed, pero ligero<\/strong>. Elige uno con <a href=\"https:\/\/www.isdin.com\/es\/blog\/spf-significado-y-recomendaciones-segun-tu-piel\/\">SPF<\/a> alto, pero de textura fresca y sin sensaci\u00f3n grasa. Porque s\u00ed, se puede proteger y estar c\u00f3moda a la vez.<\/li>\n\n\n\n<li><strong>Ducha y ropa limpia tras sudar<\/strong>. No lo dejes pasar. Cambiarte pronto <a href=\"https:\/\/www.isdin.com\/es\/blog\/errores-de-fotoproteccion-deporte\/\">despu\u00e9s de entrenar<\/a> o de pasar calor ayuda a evitar brotes en el cuerpo y a mantener la piel m\u00e1s limpia.<\/li>\n<\/ul>\n\n\n\n<h3 class=\"wp-block-heading\" id=\"h-en-climas-secos\">En climas secos<\/h3>\n\n\n\n<ul class=\"wp-block-list\">\n<li><strong>Hidrata por capas<\/strong>. Empieza con un <a href=\"https:\/\/www.isdin.com\/es\/p\/hyaluronic-concentrate\/3805\">s\u00e9rum con \u00e1cido hialur\u00f3nico<\/a> para aportar agua a la piel y <a href=\"https:\/\/www.isdin.com\/es\/blog\/guia-esencial-de-cremas-hidratantes-faciales\/\">sigue con una crema<\/a> m\u00e1s nutritiva que selle esa hidrataci\u00f3n.<\/li>\n\n\n\n<li><strong>Opta por una limpieza suave.<\/strong> Evita los limpiadores que dejan sensaci\u00f3n tirante. Mejor si son cremosos o <a href=\"https:\/\/www.isdin.com\/es\/p\/essential-cleansing\/4041\">con base oleosa<\/a>: limpian sin arrastrar lo que tu piel necesita conservar.<\/li>\n\n\n\n<li><strong>Protector solar cada d\u00eda<\/strong>. Aunque el aire sea seco, el sol sigue haciendo de las suyas. Busca <a href=\"https:\/\/www.isdin.com\/es\/c\/proteccion-solar\/faciales\">fotoprotectores con ingredientes hidratantes<\/a>, como el <a href=\"https:\/\/www.isdin.com\/blog\/para-que-sirve-acido-hialuronico\/\">\u00e1cido hialur\u00f3nico<\/a>, para proteger y cuidar al mismo tiempo.<\/li>\n\n\n\n<li><strong>No te olvides de las zonas m\u00e1s sensibles<\/strong>. <a href=\"https:\/\/www.isdin.com\/es\/c\/facial\/labiales\">Labios<\/a>, <a href=\"https:\/\/www.isdin.com\/es\/c\/corporal\/manos-y-pies\">manos<\/a>, <a href=\"https:\/\/www.isdin.com\/es\/c\/facial\/contorno-de-ojos\">contorno de ojos<\/a>\u2026 son las primeras en secarse. Ll\u00e9vate siempre un b\u00e1lsamo o crema en el bolso y dales un poco de cari\u00f1o extra.<\/li>\n<\/ul>\n\n\n\n<h3 class=\"wp-block-heading\" id=\"h-en-climas-frios\">En climas fr\u00edos<\/h3>\n\n\n\n<figure class=\"wp-block-image size-full\"><img loading=\"lazy\" decoding=\"async\" width=\"1200\" height=\"618\" src=\"data:image\/gif;base64,R0lGODlhAQABAAAAACH5BAEKAAEALAAAAAABAAEAAAICTAEAOw==\" data-src=\"https:\/\/www.isdin.com\/es\/blog\/wp-content\/uploads\/2025\/04\/2025_04_climate_IMG02-1.jpg\" alt=\"crema hidratante piel sensible\" class=\"wp-image-11988 lazyload\"\/><\/figure>\n\n\n\n<p><\/p>\n\n\n\n<ul class=\"wp-block-list\">\n<li><strong>Hidrata justo despu\u00e9s de limpiar<\/strong>. No lo dejes para m\u00e1s tarde. Aprovecha ese momento en el que la piel a\u00fan est\u00e1 h\u00fameda para sellar la hidrataci\u00f3n y evitar que se evapore.<\/li>\n\n\n\n<li><strong>Lleva siempre un buen b\u00e1lsamo y crema a mano.<\/strong> Los labios y las manos suelen ser los primeros en resecarse, as\u00ed que no te olvides de cuidarlos a lo largo del d\u00eda.<\/li>\n\n\n\n<li><strong>Abr\u00edgate bien (tambi\u00e9n para cuidar la piel)<\/strong>. Bufandas, guantes y una buena <a href=\"https:\/\/www.isdin.com\/es\/p\/hyaluronic-moisture-sensitive\/4054\">crema para piel sensible<\/a> ayudan a proteger esas zonas que quedan expuestas al fr\u00edo.<\/li>\n\n\n\n<li><strong>Duchas cortas y templadas<\/strong>. Lo sabemos, <a href=\"https:\/\/www.isdin.com\/es\/blog\/everything-shower-la-tendencia-de-cuidado-corporal-que-te-enamorara\/\">una ducha caliente es un placer<\/a>\u2026 pero tu piel preferir\u00e1 que bajes un poco la temperatura. Ayuda a mantener su barrera natural intacta.<\/li>\n\n\n\n<li><strong>Exfolia con moderaci\u00f3n<\/strong>. En climas fr\u00edos, menos es m\u00e1s. <a href=\"https:\/\/www.isdin.com\/es\/blog\/guia-exfoliacion-piel\/\">Exfoliar<\/a> una vez a la semana es suficiente para renovar sin irritar.<\/li>\n<\/ul>\n\n\n\n<h3 class=\"wp-block-heading\" id=\"h-en-climas-estacionales\">En climas estacionales<\/h3>\n\n\n\n<ul class=\"wp-block-list\">\n<li><strong>Adapta tu rutina al ritmo de las estaciones.<\/strong> En verano, productos m\u00e1s ligeros; en invierno, texturas m\u00e1s ricas y nutritivas. <a href=\"https:\/\/www.isdin.com\/es\/blog\/organizar-cosmeticos-cuando-cambiar-productos-belleza\/\">Ten opciones a mano<\/a> para ir ajustando sin complicarte.<\/li>\n\n\n\n<li><strong>Presta atenci\u00f3n a los cambios de estaci\u00f3n.<\/strong> La piel puede volverse m\u00e1s sensible, resecarse o llenarse de brotes. Observa c\u00f3mo reacciona y haz peque\u00f1os ajustes cuando lo necesite.<\/li>\n\n\n\n<li><strong>Mant\u00e9n tus b\u00e1sicos durante todo el a\u00f1o.<\/strong> Una buena limpieza, hidrataci\u00f3n constante y protecci\u00f3n solar diaria son los pilares que no cambian con el clima.<\/li>\n\n\n\n<li><strong>Ajusta los activos seg\u00fan el momento.<\/strong> <a href=\"https:\/\/www.isdin.com\/es\/blog\/guia-esencial-de-serums-dia-noche\/\">S\u00e9rums<\/a> iluminadores en oto\u00f1o para recuperar tras el verano, y <a href=\"https:\/\/www.isdin.com\/es\/blog\/diferencias-retinal-smooth-o-retinal-intense\/\">retinales<\/a> en invierno, cuando hay menos exposici\u00f3n al sol.<\/li>\n<\/ul>\n\n\n\n<h2 class=\"wp-block-heading\" id=\"h-tu-entorno-tu-rutina\">Tu entorno, tu rutina<\/h2>\n\n\n\n<figure class=\"wp-block-image size-full\"><img loading=\"lazy\" decoding=\"async\" width=\"1200\" height=\"618\" src=\"data:image\/gif;base64,R0lGODlhAQABAAAAACH5BAEKAAEALAAAAAABAAEAAAICTAEAOw==\" data-src=\"https:\/\/www.isdin.com\/es\/blog\/wp-content\/uploads\/2025\/04\/2025_04_climate_IMG02-2.jpg\" alt=\"c\u00f3mo afecta el clima a tu piel\" class=\"wp-image-11989 lazyload\"\/><\/figure>\n\n\n\n<p><\/p>\n\n\n\n<p>Tu piel no necesita grandes cambios, solo <a href=\"https:\/\/www.isdin.com\/es\/blog\/10-pasos-para-descubrir-el-amor-por-tu-piel\/\">peque\u00f1os gestos con intenci\u00f3n<\/a>. Ajustar tu rutina seg\u00fan el clima que te rodea puede marcar una gran diferencia en c\u00f3mo se ve y, sobre todo, en c\u00f3mo se siente. Y no lo olvides: tus h\u00e1bitos tambi\u00e9n cuentan. Dormir bien, gestionar el estr\u00e9s y <a href=\"https:\/\/www.isdin.com\/es\/blog\/alimentos-antioxidantes-piel-luminosa\/\">cuidar lo que comes<\/a> son parte del mismo equipo que protege tu piel d\u00eda tras d\u00eda.<\/p>\n\n\n\n<p>As\u00ed que, ya sea una ma\u00f1ana fresca de invierno o una tarde c\u00e1lida de verano, <a href=\"https:\/\/www.isdin.com\/es\/blog\/descubre-la-nueva-app-de-isdin\/\">dale a tu piel lo que necesita<\/a> para adaptarse, renovarse y brillar. Porque el cuidado de la piel no es un destino, es un camino. Y adaptarte a tu entorno es uno de los pasos m\u00e1s importantes para recorrerlo con \u00e9xito.<\/p>\n","protected":false},"excerpt":{"rendered":"<p>Cada clima tiene lo suyo. Algunos te regalan d\u00edas radiantes, otros te obligan a sacar la bufanda\u2026 pero todos, de una forma u otra, influyen en c\u00f3mo se comporta tu piel.<\/p>\n","protected":false},"author":69,"featured_media":11982,"comment_status":"closed","ping_status":"closed","sticky":false,"template":"","format":"image","meta":{"footnotes":""},"categories":[1,101,65],"tags":[493,294,454],"class_list":["post-11981","post","type-post","status-publish","format-image","has-post-thumbnail","hentry","category-consejos-cuidados","category-cuidado-facial","category-expertos","tag-clima","tag-cuidado-facial","tag-exposoma","post_format-post-format-image"],"yoast_head":"<!-- This site is optimized with the Yoast SEO Premium plugin v25.4 (Yoast SEO v25.4) - https:\/\/yoast.com\/wordpress\/plugins\/seo\/ -->\n<title>C\u00f3mo el clima afecta tu piel y qu\u00e9 cambios hacer en tu rutina - ISDIN<\/title>\n<meta name=\"description\" content=\"Descubre c\u00f3mo afecta el clima a tu piel y aprende qu\u00e9 cambios hacer en tu rutina de cuidado facial seg\u00fan las temperaturas.\" \/>\n<meta name=\"robots\" content=\"index, follow, max-snippet:-1, max-image-preview:large, max-video-preview:-1\" \/>\n<link rel=\"canonical\" href=\"https:\/\/www.isdin.com\/es\/blog\/como-afecta-el-clima-a-tu-piel\/\" \/>\n<meta property=\"og:locale\" content=\"es_ES\" \/>\n<meta property=\"og:type\" content=\"article\" \/>\n<meta property=\"og:title\" content=\"C\u00f3mo el clima afecta tu piel y qu\u00e9 cambios hacer en tu rutina\" \/>\n<meta property=\"og:description\" content=\"Descubre c\u00f3mo afecta el clima a tu piel y aprende qu\u00e9 cambios hacer en tu rutina de cuidado facial seg\u00fan las temperaturas.\" \/>\n<meta property=\"og:url\" content=\"https:\/\/www.isdin.com\/es\/blog\/como-afecta-el-clima-a-tu-piel\/\" \/>\n<meta property=\"og:site_name\" content=\"ISDIN\" \/>\n<meta property=\"article:publisher\" content=\"https:\/\/es-es.facebook.com\/ISDIN.official\/\" \/>\n<meta property=\"article:published_time\" content=\"2025-04-18T09:00:00+00:00\" \/>\n<meta property=\"og:image\" content=\"https:\/\/www.isdin.com\/es\/blog\/wp-content\/uploads\/2025\/04\/2025_04_climate_IMG01-2.jpg\" \/>\n\t<meta property=\"og:image:width\" content=\"1200\" \/>\n\t<meta property=\"og:image:height\" content=\"760\" \/>\n\t<meta property=\"og:image:type\" content=\"image\/jpeg\" \/>\n<meta name=\"author\" content=\"Belinda Mart\u00ednez\" \/>\n<meta name=\"twitter:card\" content=\"summary_large_image\" \/>\n<meta name=\"twitter:creator\" content=\"@isdin_official\" \/>\n<meta name=\"twitter:site\" content=\"@isdin_official\" \/>\n<meta name=\"twitter:label1\" content=\"Written by\" \/>\n\t<meta name=\"twitter:data1\" content=\"Belinda Mart\u00ednez\" \/>\n\t<meta name=\"twitter:label2\" content=\"Est. reading time\" \/>\n\t<meta name=\"twitter:data2\" content=\"11 minutes\" \/>\n<script type=\"application\/ld+json\" class=\"yoast-schema-graph\">{\"@context\":\"https:\/\/schema.org\",\"@graph\":[{\"@type\":\"Article\",\"@id\":\"https:\/\/www.isdin.com\/es\/blog\/como-afecta-el-clima-a-tu-piel\/#article\",\"isPartOf\":{\"@id\":\"https:\/\/www.isdin.com\/es\/blog\/como-afecta-el-clima-a-tu-piel\/\"},\"author\":{\"name\":\"Belinda Mart\u00ednez\",\"@id\":\"https:\/\/www.isdin.com\/es\/blog\/#\/schema\/person\/684015d7d9e78124cb4aa660f6fe8576\"},\"headline\":\"C\u00f3mo el clima afecta tu piel y qu\u00e9 cambios hacer en tu rutina\",\"datePublished\":\"2025-04-18T09:00:00+00:00\",\"mainEntityOfPage\":{\"@id\":\"https:\/\/www.isdin.com\/es\/blog\/como-afecta-el-clima-a-tu-piel\/\"},\"wordCount\":2084,\"publisher\":{\"@id\":\"https:\/\/www.isdin.com\/es\/blog\/#organization\"},\"image\":{\"@id\":\"https:\/\/www.isdin.com\/es\/blog\/como-afecta-el-clima-a-tu-piel\/#primaryimage\"},\"thumbnailUrl\":\"https:\/\/www.isdin.com\/es\/blog\/wp-content\/uploads\/2025\/04\/2025_04_climate_IMG01-2.jpg\",\"keywords\":[\"clima\",\"cuidado facial\",\"exposoma\"],\"articleSection\":[\"Consejos y cuidados\",\"Cuidado facial\",\"Expertos\"],\"inLanguage\":\"es-ES\"},{\"@type\":\"WebPage\",\"@id\":\"https:\/\/www.isdin.com\/es\/blog\/como-afecta-el-clima-a-tu-piel\/\",\"url\":\"https:\/\/www.isdin.com\/es\/blog\/como-afecta-el-clima-a-tu-piel\/\",\"name\":\"C\u00f3mo el clima afecta tu piel y qu\u00e9 cambios hacer en tu rutina - ISDIN\",\"isPartOf\":{\"@id\":\"https:\/\/www.isdin.com\/es\/blog\/#website\"},\"primaryImageOfPage\":{\"@id\":\"https:\/\/www.isdin.com\/es\/blog\/como-afecta-el-clima-a-tu-piel\/#primaryimage\"},\"image\":{\"@id\":\"https:\/\/www.isdin.com\/es\/blog\/como-afecta-el-clima-a-tu-piel\/#primaryimage\"},\"thumbnailUrl\":\"https:\/\/www.isdin.com\/es\/blog\/wp-content\/uploads\/2025\/04\/2025_04_climate_IMG01-2.jpg\",\"datePublished\":\"2025-04-18T09:00:00+00:00\",\"description\":\"Descubre c\u00f3mo afecta el clima a tu piel y aprende qu\u00e9 cambios hacer en tu rutina de cuidado facial seg\u00fan las temperaturas.\",\"breadcrumb\":{\"@id\":\"https:\/\/www.isdin.com\/es\/blog\/como-afecta-el-clima-a-tu-piel\/#breadcrumb\"},\"inLanguage\":\"es-ES\",\"potentialAction\":[{\"@type\":\"ReadAction\",\"target\":[\"https:\/\/www.isdin.com\/es\/blog\/como-afecta-el-clima-a-tu-piel\/\"]}]},{\"@type\":\"ImageObject\",\"inLanguage\":\"es-ES\",\"@id\":\"https:\/\/www.isdin.com\/es\/blog\/como-afecta-el-clima-a-tu-piel\/#primaryimage\",\"url\":\"https:\/\/www.isdin.com\/es\/blog\/wp-content\/uploads\/2025\/04\/2025_04_climate_IMG01-2.jpg\",\"contentUrl\":\"https:\/\/www.isdin.com\/es\/blog\/wp-content\/uploads\/2025\/04\/2025_04_climate_IMG01-2.jpg\",\"width\":1200,\"height\":760,\"caption\":\"temperatura y piel\"},{\"@type\":\"BreadcrumbList\",\"@id\":\"https:\/\/www.isdin.com\/es\/blog\/como-afecta-el-clima-a-tu-piel\/#breadcrumb\",\"itemListElement\":[{\"@type\":\"ListItem\",\"position\":1,\"name\":\"Portada\",\"item\":\"https:\/\/www.isdin.com\/es\/blog\/\"},{\"@type\":\"ListItem\",\"position\":2,\"name\":\"C\u00f3mo el clima afecta tu piel y qu\u00e9 cambios hacer en tu rutina\"}]},{\"@type\":\"WebSite\",\"@id\":\"https:\/\/www.isdin.com\/es\/blog\/#website\",\"url\":\"https:\/\/www.isdin.com\/es\/blog\/\",\"name\":\"ISDIN\",\"description\":\"Novedades, lanzamientos de productos y toda la experiencia de ISDIN\",\"publisher\":{\"@id\":\"https:\/\/www.isdin.com\/es\/blog\/#organization\"},\"potentialAction\":[{\"@type\":\"SearchAction\",\"target\":{\"@type\":\"EntryPoint\",\"urlTemplate\":\"https:\/\/www.isdin.com\/es\/blog\/?s={search_term_string}\"},\"query-input\":{\"@type\":\"PropertyValueSpecification\",\"valueRequired\":true,\"valueName\":\"search_term_string\"}}],\"inLanguage\":\"es-ES\"},{\"@type\":\"Organization\",\"@id\":\"https:\/\/www.isdin.com\/es\/blog\/#organization\",\"name\":\"ISDIN\",\"alternateName\":\"ISDIN\",\"url\":\"https:\/\/www.isdin.com\/es\/blog\/\",\"logo\":{\"@type\":\"ImageObject\",\"inLanguage\":\"es-ES\",\"@id\":\"https:\/\/www.isdin.com\/es\/blog\/#\/schema\/logo\/image\/\",\"url\":\"https:\/\/www.isdin.com\/es\/blog\/wp-content\/uploads\/2024\/05\/2025_03_GuiaFoto_FWM.png\",\"contentUrl\":\"https:\/\/www.isdin.com\/es\/blog\/wp-content\/uploads\/2024\/05\/2025_03_GuiaFoto_FWM.png\",\"width\":670,\"height\":683,\"caption\":\"ISDIN\"},\"image\":{\"@id\":\"https:\/\/www.isdin.com\/es\/blog\/#\/schema\/logo\/image\/\"},\"sameAs\":[\"https:\/\/es-es.facebook.com\/ISDIN.official\/\",\"https:\/\/x.com\/isdin_official\",\"https:\/\/www.instagram.com\/isdinofficial\",\"https:\/\/www.youtube.com\/channel\/UCtoNJMKpDwdFLqgV23_lcqg\"],\"telephone\":\"659997812\"},{\"@type\":\"Person\",\"@id\":\"https:\/\/www.isdin.com\/es\/blog\/#\/schema\/person\/684015d7d9e78124cb4aa660f6fe8576\",\"name\":\"Belinda Mart\u00ednez\",\"image\":{\"@type\":\"ImageObject\",\"inLanguage\":\"es-ES\",\"@id\":\"https:\/\/www.isdin.com\/es\/blog\/#\/schema\/person\/image\/\",\"url\":\"https:\/\/www.isdin.com\/es\/blog\/wp-content\/uploads\/2017\/07\/jjjj.jpg\",\"contentUrl\":\"https:\/\/www.isdin.com\/es\/blog\/wp-content\/uploads\/2017\/07\/jjjj.jpg\",\"caption\":\"Belinda Mart\u00ednez\"},\"description\":\"Belinda es periodista y copywriter creativa. Tras a\u00f1os de experiencia, decidi\u00f3 fusionar sus habilidades de escritura con su amor por el skincare, convirti\u00e9ndose en una especialista en la materia. \u00bfSu imprescindible? Un buen b\u00e1lsamo de labios.\",\"sameAs\":[\"https:\/\/www.linkedin.com\/in\/thisisbel\/\"],\"url\":\"https:\/\/www.isdin.com\/es\/blog\/author\/belindamartinez\/\"}]}<\/script>\n<!-- \/ Yoast SEO Premium plugin. -->","yoast_head_json":{"title":"C\u00f3mo el clima afecta tu piel y qu\u00e9 cambios hacer en tu rutina - ISDIN","description":"Descubre c\u00f3mo afecta el clima a tu piel y aprende qu\u00e9 cambios hacer en tu rutina de cuidado facial seg\u00fan las temperaturas.","robots":{"index":"index","follow":"follow","max-snippet":"max-snippet:-1","max-image-preview":"max-image-preview:large","max-video-preview":"max-video-preview:-1"},"canonical":"https:\/\/www.isdin.com\/es\/blog\/como-afecta-el-clima-a-tu-piel\/","og_locale":"es_ES","og_type":"article","og_title":"C\u00f3mo el clima afecta tu piel y qu\u00e9 cambios hacer en tu rutina","og_description":"Descubre c\u00f3mo afecta el clima a tu piel y aprende qu\u00e9 cambios hacer en tu rutina de cuidado facial seg\u00fan las temperaturas.","og_url":"https:\/\/www.isdin.com\/es\/blog\/como-afecta-el-clima-a-tu-piel\/","og_site_name":"ISDIN","article_publisher":"https:\/\/es-es.facebook.com\/ISDIN.official\/","article_published_time":"2025-04-18T09:00:00+00:00","og_image":[{"width":1200,"height":760,"url":"https:\/\/www.isdin.com\/es\/blog\/wp-content\/uploads\/2025\/04\/2025_04_climate_IMG01-2.jpg","type":"image\/jpeg"}],"author":"Belinda Mart\u00ednez","twitter_card":"summary_large_image","twitter_creator":"@isdin_official","twitter_site":"@isdin_official","twitter_misc":{"Written by":"Belinda Mart\u00ednez","Est. reading time":"11 minutes"},"schema":{"@context":"https:\/\/schema.org","@graph":[{"@type":"Article","@id":"https:\/\/www.isdin.com\/es\/blog\/como-afecta-el-clima-a-tu-piel\/#article","isPartOf":{"@id":"https:\/\/www.isdin.com\/es\/blog\/como-afecta-el-clima-a-tu-piel\/"},"author":{"name":"Belinda Mart\u00ednez","@id":"https:\/\/www.isdin.com\/es\/blog\/#\/schema\/person\/684015d7d9e78124cb4aa660f6fe8576"},"headline":"C\u00f3mo el clima afecta tu piel y qu\u00e9 cambios hacer en tu rutina","datePublished":"2025-04-18T09:00:00+00:00","mainEntityOfPage":{"@id":"https:\/\/www.isdin.com\/es\/blog\/como-afecta-el-clima-a-tu-piel\/"},"wordCount":2084,"publisher":{"@id":"https:\/\/www.isdin.com\/es\/blog\/#organization"},"image":{"@id":"https:\/\/www.isdin.com\/es\/blog\/como-afecta-el-clima-a-tu-piel\/#primaryimage"},"thumbnailUrl":"https:\/\/www.isdin.com\/es\/blog\/wp-content\/uploads\/2025\/04\/2025_04_climate_IMG01-2.jpg","keywords":["clima","cuidado facial","exposoma"],"articleSection":["Consejos y cuidados","Cuidado facial","Expertos"],"inLanguage":"es-ES"},{"@type":"WebPage","@id":"https:\/\/www.isdin.com\/es\/blog\/como-afecta-el-clima-a-tu-piel\/","url":"https:\/\/www.isdin.com\/es\/blog\/como-afecta-el-clima-a-tu-piel\/","name":"C\u00f3mo el clima afecta tu piel y qu\u00e9 cambios hacer en tu rutina - ISDIN","isPartOf":{"@id":"https:\/\/www.isdin.com\/es\/blog\/#website"},"primaryImageOfPage":{"@id":"https:\/\/www.isdin.com\/es\/blog\/como-afecta-el-clima-a-tu-piel\/#primaryimage"},"image":{"@id":"https:\/\/www.isdin.com\/es\/blog\/como-afecta-el-clima-a-tu-piel\/#primaryimage"},"thumbnailUrl":"https:\/\/www.isdin.com\/es\/blog\/wp-content\/uploads\/2025\/04\/2025_04_climate_IMG01-2.jpg","datePublished":"2025-04-18T09:00:00+00:00","description":"Descubre c\u00f3mo afecta el clima a tu piel y aprende qu\u00e9 cambios hacer en tu rutina de cuidado facial seg\u00fan las temperaturas.","breadcrumb":{"@id":"https:\/\/www.isdin.com\/es\/blog\/como-afecta-el-clima-a-tu-piel\/#breadcrumb"},"inLanguage":"es-ES","potentialAction":[{"@type":"ReadAction","target":["https:\/\/www.isdin.com\/es\/blog\/como-afecta-el-clima-a-tu-piel\/"]}]},{"@type":"ImageObject","inLanguage":"es-ES","@id":"https:\/\/www.isdin.com\/es\/blog\/como-afecta-el-clima-a-tu-piel\/#primaryimage","url":"https:\/\/www.isdin.com\/es\/blog\/wp-content\/uploads\/2025\/04\/2025_04_climate_IMG01-2.jpg","contentUrl":"https:\/\/www.isdin.com\/es\/blog\/wp-content\/uploads\/2025\/04\/2025_04_climate_IMG01-2.jpg","width":1200,"height":760,"caption":"temperatura y piel"},{"@type":"BreadcrumbList","@id":"https:\/\/www.isdin.com\/es\/blog\/como-afecta-el-clima-a-tu-piel\/#breadcrumb","itemListElement":[{"@type":"ListItem","position":1,"name":"Portada","item":"https:\/\/www.isdin.com\/es\/blog\/"},{"@type":"ListItem","position":2,"name":"C\u00f3mo el clima afecta tu piel y qu\u00e9 cambios hacer en tu rutina"}]},{"@type":"WebSite","@id":"https:\/\/www.isdin.com\/es\/blog\/#website","url":"https:\/\/www.isdin.com\/es\/blog\/","name":"ISDIN","description":"Novedades, lanzamientos de productos y toda la experiencia de ISDIN","publisher":{"@id":"https:\/\/www.isdin.com\/es\/blog\/#organization"},"potentialAction":[{"@type":"SearchAction","target":{"@type":"EntryPoint","urlTemplate":"https:\/\/www.isdin.com\/es\/blog\/?s={search_term_string}"},"query-input":{"@type":"PropertyValueSpecification","valueRequired":true,"valueName":"search_term_string"}}],"inLanguage":"es-ES"},{"@type":"Organization","@id":"https:\/\/www.isdin.com\/es\/blog\/#organization","name":"ISDIN","alternateName":"ISDIN","url":"https:\/\/www.isdin.com\/es\/blog\/","logo":{"@type":"ImageObject","inLanguage":"es-ES","@id":"https:\/\/www.isdin.com\/es\/blog\/#\/schema\/logo\/image\/","url":"https:\/\/www.isdin.com\/es\/blog\/wp-content\/uploads\/2024\/05\/2025_03_GuiaFoto_FWM.png","contentUrl":"https:\/\/www.isdin.com\/es\/blog\/wp-content\/uploads\/2024\/05\/2025_03_GuiaFoto_FWM.png","width":670,"height":683,"caption":"ISDIN"},"image":{"@id":"https:\/\/www.isdin.com\/es\/blog\/#\/schema\/logo\/image\/"},"sameAs":["https:\/\/es-es.facebook.com\/ISDIN.official\/","https:\/\/x.com\/isdin_official","https:\/\/www.instagram.com\/isdinofficial","https:\/\/www.youtube.com\/channel\/UCtoNJMKpDwdFLqgV23_lcqg"],"telephone":"659997812"},{"@type":"Person","@id":"https:\/\/www.isdin.com\/es\/blog\/#\/schema\/person\/684015d7d9e78124cb4aa660f6fe8576","name":"Belinda Mart\u00ednez","image":{"@type":"ImageObject","inLanguage":"es-ES","@id":"https:\/\/www.isdin.com\/es\/blog\/#\/schema\/person\/image\/","url":"https:\/\/www.isdin.com\/es\/blog\/wp-content\/uploads\/2017\/07\/jjjj.jpg","contentUrl":"https:\/\/www.isdin.com\/es\/blog\/wp-content\/uploads\/2017\/07\/jjjj.jpg","caption":"Belinda Mart\u00ednez"},"description":"Belinda es periodista y copywriter creativa. Tras a\u00f1os de experiencia, decidi\u00f3 fusionar sus habilidades de escritura con su amor por el skincare, convirti\u00e9ndose en una especialista en la materia. \u00bfSu imprescindible? Un buen b\u00e1lsamo de labios.","sameAs":["https:\/\/www.linkedin.com\/in\/thisisbel\/"],"url":"https:\/\/www.isdin.com\/es\/blog\/author\/belindamartinez\/"}]}},"_links":{"self":[{"href":"https:\/\/www.isdin.com\/es\/blog\/wp-json\/wp\/v2\/posts\/11981","targetHints":{"allow":["GET"]}}],"collection":[{"href":"https:\/\/www.isdin.com\/es\/blog\/wp-json\/wp\/v2\/posts"}],"about":[{"href":"https:\/\/www.isdin.com\/es\/blog\/wp-json\/wp\/v2\/types\/post"}],"author":[{"embeddable":true,"href":"https:\/\/www.isdin.com\/es\/blog\/wp-json\/wp\/v2\/users\/69"}],"replies":[{"embeddable":true,"href":"https:\/\/www.isdin.com\/es\/blog\/wp-json\/wp\/v2\/comments?post=11981"}],"version-history":[{"count":2,"href":"https:\/\/www.isdin.com\/es\/blog\/wp-json\/wp\/v2\/posts\/11981\/revisions"}],"predecessor-version":[{"id":11991,"href":"https:\/\/www.isdin.com\/es\/blog\/wp-json\/wp\/v2\/posts\/11981\/revisions\/11991"}],"wp:featuredmedia":[{"embeddable":true,"href":"https:\/\/www.isdin.com\/es\/blog\/wp-json\/wp\/v2\/media\/11982"}],"wp:attachment":[{"href":"https:\/\/www.isdin.com\/es\/blog\/wp-json\/wp\/v2\/media?parent=11981"}],"wp:term":[{"taxonomy":"category","embeddable":true,"href":"https:\/\/www.isdin.com\/es\/blog\/wp-json\/wp\/v2\/categories?post=11981"},{"taxonomy":"post_tag","embeddable":true,"href":"https:\/\/www.isdin.com\/es\/blog\/wp-json\/wp\/v2\/tags?post=11981"}],"curies":[{"name":"wp","href":"https:\/\/api.w.org\/{rel}","templated":true}]}}