{"id":11927,"date":"2025-04-08T16:10:07","date_gmt":"2025-04-08T16:10:07","guid":{"rendered":"https:\/\/www.isdin.com\/es\/blog\/?p=11927"},"modified":"2025-04-08T16:18:01","modified_gmt":"2025-04-08T16:18:01","slug":"que-son-los-fototipos-de-piel-y-su-importancia","status":"publish","type":"post","link":"https:\/\/www.isdin.com\/es\/blog\/que-son-los-fototipos-de-piel-y-su-importancia\/","title":{"rendered":"Qu\u00e9 son los fototipos de piel y por qu\u00e9 importan m\u00e1s de lo que crees"},"content":{"rendered":"\n<p>\u00bfPensabas que tu piel solo pod\u00eda ser normal, mixta, grasa o sensible? Tranquila, no eres la \u00fanica. Muchas veces nos quedamos con esa clasificaci\u00f3n y creemos que ah\u00ed se acaba todo\u2026 pero no. Esa es solo la punta del iceberg. M\u00e1s all\u00e1 de c\u00f3mo se ve o se siente tu piel, existe otra forma de entenderla que es igual de importante: <strong>los fototipos de piel<\/strong>.<\/p>\n\n\n\n<p>Y no, esto no va de si te salen granitos, si tienes sequedad o si la zona T te brilla. Se trata de <strong>c\u00f3mo reacciona tu piel al sol<\/strong>. \u00bfTe bronceas con facilidad o te quemas al minuto de estar fuera? \u00bfTu piel genera m\u00e1s o menos melanina? Esto, aunque no lo parezca, es clave. Porque saber cu\u00e1l es tu fototipo te ayuda a elegir mejor tu protector solar, a prevenir manchas, arrugas\u2026 \u00a1y hasta enfermedades!<\/p>\n\n\n\n<p><strong>Hoy resolvemos tus dudas junto a Chiyoung Kang Park, Medical Affairs Specialist.<\/strong> Te contamos todo: qu\u00e9 son los fototipos, c\u00f3mo identificar el tuyo y, lo m\u00e1s importante, c\u00f3mo proteger tu piel de la mejor manera, cada d\u00eda.<\/p>\n\n\n\n<h2 class=\"wp-block-heading\" id=\"h-que-son-los-fototipos-de-piel\">\u00bfQu\u00e9 son los fototipos de piel?<\/h2>\n\n\n\n<p>Cuando hablamos de <strong>fototipos junto a Chiyoung<\/strong>, nos referimos a una forma de clasificar la piel seg\u00fan <strong>c\u00f3mo reacciona al sol<\/strong>. Como ella nos dice: \u2018\u2019Nos alejamos de la t\u00edpica clasificaci\u00f3n por tipo de piel (<a href=\"https:\/\/www.isdin.com\/es\/blog\/piel-seca-o-deshidratada-tenemos-la-rutina-que-buscas\/\">seca<\/a>, <a href=\"https:\/\/www.isdin.com\/es\/blog\/rutina-piel-grasa-mixta\/\">grasa<\/a>, <a href=\"https:\/\/www.isdin.com\/es\/blog\/rutina-piel-sensible\/\">sensible<\/a>) y miramos otro \u00e1ngulo: la <strong>capacidad que tiene tu piel para oscurecerse o quemarse\u2019\u2019<\/strong>.<\/p>\n\n\n\n<p>Esta clasificaci\u00f3n se basa en cu\u00e1nta <a href=\"https:\/\/pubmed.ncbi.nlm.nih.gov\/9451820\/\"><strong>melanina<\/strong><\/a> produce tu piel. La melanina es el pigmento natural que le da color a la piel, el pelo y los ojos, y tambi\u00e9n act\u00faa como <strong>barrera biol\u00f3gica frente a la <a href=\"https:\/\/www.isdin.com\/es\/blog\/efectos-radiacion-solar-piel\/\">radiaci\u00f3n solar<\/a><\/strong>. Cuanta m\u00e1s melanina tienes, m\u00e1s f\u00e1cil te bronceas y menos te quemas. Pero ojo, eso no significa que no necesites protecci\u00f3n.<\/p>\n\n\n\n<p class=\"has-background\" style=\"background-color:#f1dfbf\">Tu tipo de piel habla de c\u00f3mo se comporta en el d\u00eda a d\u00eda. \u00a1Descubre cada uno en <a href=\"https:\/\/www.isdin.com\/es\/blog\/como-cuidar-piel-rostro\/\">nuestra gu\u00eda<\/a>!<\/p>\n\n\n\n<h3 class=\"wp-block-heading\">\u00bfC\u00f3mo se clasifican los fototipos de piel?<\/h3>\n\n\n\n<p>Para entenderlo, tenemos que viajar un poco en el tiempo. En el a\u00f1o 1975, en un consultorio de la Universidad de Harvard, el dermat\u00f3logo <a href=\"https:\/\/jamanetwork.com\/journals\/jamadermatology\/fullarticle\/479610\"><strong>Thomas B. Fitzpatrick<\/strong><\/a> se plante\u00f3 una pregunta muy concreta: \u00bfpor qu\u00e9 algunas personas se queman con facilidad al exponerse al sol, mientras que otras parecen no reaccionar?<\/p>\n\n\n\n<p>En lugar de quedarse con la duda, Fitzpatrick se puso manos a la obra y desarroll\u00f3 lo que hoy conocemos como la <a href=\"http:\/\/www.scielo.org.co\/scielo.php?script=sci_arttext&amp;pid=S0120-41572008000400008\"><strong>Escala de Fitzpatrick<\/strong><\/a>. Chiyoung nos cuenta m\u00e1s: \u2018\u2019Es una herramienta sencilla, pero revolucionaria, que cambi\u00f3 la forma de entender la piel en el \u00e1mbito de la dermatolog\u00eda y la cosm\u00e9tica\u2019\u2019.<\/p>\n\n\n\n<figure class=\"wp-block-image size-large\"><img loading=\"lazy\" decoding=\"async\" width=\"1024\" height=\"527\" src=\"data:image\/gif;base64,R0lGODlhAQABAAAAACH5BAEKAAEALAAAAAABAAEAAAICTAEAOw==\" data-src=\"https:\/\/www.isdin.com\/es\/blog\/wp-content\/uploads\/2025\/04\/2025_04_Fototipo_IMG6-1024x527.png\" alt=\"\" class=\"wp-image-11928 lazyload\" data-sizes=\"auto\" data-srcset=\"https:\/\/www.isdin.com\/es\/blog\/wp-content\/uploads\/2025\/04\/2025_04_Fototipo_IMG6-1024x527.png 1024w, https:\/\/www.isdin.com\/es\/blog\/wp-content\/uploads\/2025\/04\/2025_04_Fototipo_IMG6-300x155.png 300w, https:\/\/www.isdin.com\/es\/blog\/wp-content\/uploads\/2025\/04\/2025_04_Fototipo_IMG6-150x77.png 150w, https:\/\/www.isdin.com\/es\/blog\/wp-content\/uploads\/2025\/04\/2025_04_Fototipo_IMG6-768x396.png 768w, https:\/\/www.isdin.com\/es\/blog\/wp-content\/uploads\/2025\/04\/2025_04_Fototipo_IMG6-1536x791.png 1536w, https:\/\/www.isdin.com\/es\/blog\/wp-content\/uploads\/2025\/04\/2025_04_Fototipo_IMG6-2048x1055.png 2048w, https:\/\/www.isdin.com\/es\/blog\/wp-content\/uploads\/2025\/04\/2025_04_Fototipo_IMG6-585x300.png 585w, https:\/\/www.isdin.com\/es\/blog\/wp-content\/uploads\/2025\/04\/2025_04_Fototipo_IMG6-450x232.png 450w, https:\/\/www.isdin.com\/es\/blog\/wp-content\/uploads\/2025\/04\/2025_04_Fototipo_IMG6-20x11.png 20w, https:\/\/www.isdin.com\/es\/blog\/wp-content\/uploads\/2025\/04\/2025_04_Fototipo_IMG6-225x116.png 225w, https:\/\/www.isdin.com\/es\/blog\/wp-content\/uploads\/2025\/04\/2025_04_Fototipo_IMG6-900x464.png 900w, https:\/\/www.isdin.com\/es\/blog\/wp-content\/uploads\/2025\/04\/2025_04_Fototipo_IMG6-1350x695.png 1350w\" sizes=\"auto, (max-width: 1024px) 100vw, 1024px\" \/><\/figure>\n\n\n\n<p><\/p>\n\n\n\n<p>\u00bfSu objetivo? Clasificar los distintos tipos de piel seg\u00fan <strong>c\u00f3mo reaccionan a la radiaci\u00f3n solar<\/strong>, y m\u00e1s concretamente, en funci\u00f3n de <strong>la cantidad de melanina<\/strong> que produce cada una. As\u00ed naci\u00f3 una escala de seis niveles, que a\u00fan hoy se utiliza como referencia para personalizar cuidados, tratamientos e incluso diagn\u00f3sticos m\u00e9dicos.<\/p>\n\n\n\n<p class=\"has-background\" style=\"background-color:#f1dfbf\">Gracias a la Escala de Fitzpatrick, podemos <a href=\"https:\/\/www.isdin.com\/es\/blog\/en-que-orden-se-aplican-las-cremas\/\">adaptar rutinas<\/a>, <a href=\"https:\/\/www.isdin.com\/es\/c\/ultimos-lanzamientos\">productos<\/a> y cuidados seg\u00fan las necesidades reales de cada piel frente a la exposici\u00f3n solar.<\/p>\n\n\n\n<h2 class=\"wp-block-heading\">Clasificaci\u00f3n de los fototipos de piel<\/h2>\n\n\n\n<figure class=\"wp-block-image size-full\"><img loading=\"lazy\" decoding=\"async\" width=\"1200\" height=\"618\" src=\"data:image\/gif;base64,R0lGODlhAQABAAAAACH5BAEKAAEALAAAAAABAAEAAAICTAEAOw==\" data-src=\"https:\/\/www.isdin.com\/es\/blog\/wp-content\/uploads\/2025\/04\/2025_04_Fototipo_IMG2.jpg\" alt=\"diferentes fototipos de piel\" class=\"wp-image-11929 lazyload\"\/><\/figure>\n\n\n\n<p><\/p>\n\n\n\n<p>Chiyoung habla claro: \u2018\u2019Existen <strong>seis fototipos de piel<\/strong>, y cada uno se diferencia no solo por el <strong>color natural de la piel<\/strong>, sino tambi\u00e9n por <strong>su reacci\u00f3n al sol<\/strong>: si se quema con facilidad, si se oscurece, o ambas\u2019\u2019. Pero para entender mejor el comportamiento de cada tipo, tambi\u00e9n se tienen en cuenta otros rasgos f\u00edsicos como el <strong>color del cabello<\/strong> y el <strong>color de los ojos<\/strong>.<\/p>\n\n\n\n<p>Tambi\u00e9n nos explica que <strong>\u2018\u2019cuanto menos melanina hay, m\u00e1s clara es la piel (y m\u00e1s sensible al sol)\u2019\u2019.<\/strong> Y lo mismo ocurre con el color de ojos y cabello: tonos claros suelen asociarse a menor protecci\u00f3n natural, mientras que tonos oscuros reflejan una mayor presencia de melanina.<\/p>\n\n\n\n<figure class=\"wp-block-table\"><table class=\"has-fixed-layout\"><thead><tr><th>Clasificaci\u00f3n<\/th><th>Color de piel<\/th><th>Color de ojos<\/th><th>Color de cabello<\/th><th>Reacci\u00f3n al sol<\/th><\/tr><\/thead><tbody><tr><td>Fototipo I<\/td><td>Muy clara, p\u00e1lida o lechosa.<\/td><td>Azul, gris o verde claro.<\/td><td>Rubio muy claro o pelirrojo.<\/td><td>Siempre se quema, nunca se broncea.<\/td><\/tr><tr><td>Fototipo II<\/td><td>Clara, rosada o beige.<\/td><td>Azul, verde o avellana.<\/td><td>Rubio o casta\u00f1o claro.<\/td><td>Se quema con facilidad, se broncea ligeramente.<\/td><\/tr><tr><td>Fototipo III<\/td><td>Beige o ligeramente dorada.<\/td><td>Avellana o marr\u00f3n claro.<\/td><td>Casta\u00f1o claro o medio.<\/td><td>Puede quemarse, se broncea de forma progresiva.<\/td><\/tr><tr><td>Fototipo IV<\/td><td>Oliva o morena clara.<\/td><td>Marrones oscuros.<\/td><td>Casta\u00f1o oscuro a negro.<\/td><td>Rara vez se quema, se broncea con facilidad.<\/td><\/tr><tr><td>Fototipo V<\/td><td>Morena oscura.<\/td><td>Marr\u00f3n oscuro o negro.<\/td><td>Negro.<\/td><td>Rara vez se quema, se broncea con facilidad y adopta un color oscuro.<\/td><\/tr><tr><td>Fototipo VI<\/td><td>Muy oscura o negra.<\/td><td>Negro o marr\u00f3n intenso.<\/td><td>Negro.<\/td><td>No se quema gracias a su alta protecci\u00f3n natural.<\/td><\/tr><\/tbody><\/table><\/figure>\n\n\n\n<h2 class=\"wp-block-heading\">C\u00f3mo cuidar tu piel seg\u00fan tu fototipo<\/h2>\n\n\n\n<p>Para Chiyoung, como experta en piel: \u2018\u2019Conocer tu fototipo es como tener un peque\u00f1o mapa del tesoro: te orienta hacia una rutina de cuidado mucho m\u00e1s efectiva y respetuosa con tu piel. Y lo mejor es que descubrirlo no tiene mucho misterio\u2019\u2019. Basta con fijarte en tus rasgos, c\u00f3mo reacciona tu piel al sol, y compararlo con la tabla anterior.<\/p>\n\n\n\n<h3 class=\"wp-block-heading\">Fototipos 1 y 2<\/h3>\n\n\n\n<p>Chiyoung te los explica: \u2018\u2019Tu piel es muy clara, sensible y se quema con facilidad\u2019\u2019. Lo prioritario es <a href=\"https:\/\/www.isdin.com\/es\/blog\/te-proteges-bien-del-sol\/\"><strong>evitar la exposici\u00f3n solar directa<\/strong><\/a>, especialmente en las horas centrales del d\u00eda.<\/p>\n\n\n\n<div class=\"wp-block-media-text has-media-on-the-right is-stacked-on-mobile\"><div class=\"wp-block-media-text__content\">\n<p>Empieza la ma\u00f1ana con <a href=\"https:\/\/www.isdin.com\/es\/c\/proteccion-solar\/faciales\">protector solar SPF 50<\/a>, incluso si est\u00e1 nublado. Y elige <a href=\"https:\/\/www.isdin.com\/es\/search?q=piel+sensible\">productos suaves<\/a>: sin perfumes ni alcohol, con texturas ligeras y activos calmantes como alanto\u00edna, pantenol o <a href=\"https:\/\/www.isdin.com\/blog\/guia-esencial-de-cremas-hidratantes-faciales\/\">emolientes<\/a> que refuercen la hidrataci\u00f3n sin irritar.<\/p>\n<\/div><figure class=\"wp-block-media-text__media\"><img loading=\"lazy\" decoding=\"async\" width=\"500\" height=\"572\" src=\"data:image\/gif;base64,R0lGODlhAQABAAAAACH5BAEKAAEALAAAAAABAAEAAAICTAEAOw==\" data-src=\"https:\/\/www.isdin.com\/es\/blog\/wp-content\/uploads\/2025\/04\/2025_04_Fototipo_IMG5.jpg\" alt=\"\" class=\"wp-image-11931 size-full lazyload\"\/><\/figure><\/div>\n\n\n\n<p class=\"has-background\" style=\"background-color:#f1dfbf\"><strong>\u00bfLo sab\u00edas?<\/strong> Si alguna vez has notado picaz\u00f3n o enrojecimiento tras las primeras exposiciones al sol, podr\u00edas tener <a href=\"https:\/\/www.isdin.com\/es\/blog\/alergia-al-sol-que-es-tratamientos\/\">alergia solar<\/a>.<\/p>\n\n\n\n<h3 class=\"wp-block-heading\">Fototipo 3<\/h3>\n\n\n\n<p>Chiyoung te lo explica: \u2018\u2019Tu piel tiene un punto medio: se broncea con el tiempo, pero tambi\u00e9n puede quemarse si te conf\u00edas\u2019\u2019. <strong>La clave est\u00e1 en mantenerte alerta.<\/strong><\/p>\n\n\n\n<div class=\"wp-block-media-text is-stacked-on-mobile\"><figure class=\"wp-block-media-text__media\"><img loading=\"lazy\" decoding=\"async\" width=\"500\" height=\"572\" src=\"data:image\/gif;base64,R0lGODlhAQABAAAAACH5BAEKAAEALAAAAAABAAEAAAICTAEAOw==\" data-src=\"https:\/\/www.isdin.com\/es\/blog\/wp-content\/uploads\/2025\/04\/2025_04_Fototipo_IMG3.jpg\" alt=\"\" class=\"wp-image-11932 size-full lazyload\"\/><\/figure><div class=\"wp-block-media-text__content\">\n<p>Aplica <a href=\"https:\/\/www.isdin.com\/es\/blog\/fotoprotectores-solares-para-la-cara-isdin\/\">protector solar<\/a> SPF 30\u201350, <a href=\"https:\/\/www.isdin.com\/es\/blog\/como-aplicar-correctamente-el-fotoprotector-solar\/\">reaplic\u00e1ndolo cada dos horas<\/a> si est\u00e1s al sol. Despu\u00e9s de la exposici\u00f3n, tu piel necesita recuperar su equilibrio: dale un extra de mimo con una hidrataci\u00f3n profunda.<\/p>\n\n\n\n<p>Ingredientes como el <a href=\"https:\/\/www.isdin.com\/es\/blog\/para-que-sirve-acido-hialuronico\/\"><strong>\u00e1cido hialur\u00f3nico<\/strong><\/a> y la <a href=\"https:\/\/www.isdin.com\/es\/blog\/que-es-la-niacinamida-beneficios-usos-en-tu-rutina\/\"><strong>niacinamida<\/strong><\/a> refuerzan la barrera cut\u00e1nea y devuelven a tu piel su equilibrio natural.<\/p>\n<\/div><\/div>\n\n\n\n<h3 class=\"wp-block-heading\">Fototipos 4, 5 y 6<\/h3>\n\n\n\n<p>Chiyoung te los explica: \u2018\u2019Aunque tu piel morena u oscura tiene m\u00e1s melanina, <strong>tambi\u00e9n puede sufrir da\u00f1o solar<\/strong> como <a href=\"https:\/\/www.isdin.com\/es\/blog\/efectos-del-fotoenvejecimiento-en-la-piel\/\">fotoenvejecimiento<\/a> o incluso <a href=\"https:\/\/www.isdin.com\/es\/blog\/dia-del-melanoma-prevencion-y-deteccion\/\">c\u00e1ncer de piel<\/a>\u2019\u2019.<\/p>\n\n\n\n<div class=\"wp-block-media-text has-media-on-the-right is-stacked-on-mobile\"><div class=\"wp-block-media-text__content\">\n<p>La <a href=\"https:\/\/www.isdin.com\/es\/blog\/como-leer-etiqueta-protector-solar\/\">protecci\u00f3n diaria<\/a> sigue siendo imprescindible. Aplica SPF 30 o superior todos los d\u00edas, y <a href=\"https:\/\/www.isdin.com\/es\/blog\/proteccion-solar-con-antioxidantes-beneficios\/\">complementa tu rutina con activos antioxidantes<\/a> como la <a href=\"https:\/\/www.isdin.com\/es\/blog\/7-cosas-sobre-la-vitamina-c\/\">vitamina C<\/a> o el \u00e1cido tranex\u00e1mico, ideales para mantener el tono uniforme y la piel saludable.<\/p>\n<\/div><figure class=\"wp-block-media-text__media\"><img loading=\"lazy\" decoding=\"async\" width=\"500\" height=\"572\" src=\"https:\/\/www.isdin.com\/es\/blog\/wp-content\/uploads\/2025\/04\/2025_04_Fototipo_IMG4.jpg\" alt=\"fototipos oscuros\n\" class=\"wp-image-11933 size-full\"\/><\/figure><\/div>\n\n\n\n<p class=\"has-background\" style=\"background-color:#f1dfbf\"><strong>\u00bfLo sab\u00edas?<\/strong> Los fototipos altos presentan menos arrugas y laxitud que los fototipos bajos, pero son m\u00e1s susceptibles a desarrollar <a href=\"https:\/\/www.isdin.com\/es\/blog\/manchas-en-la-piel-respondemos-a-tus-preguntas\/\">trastornos pigmentarios<\/a> como <a href=\"https:\/\/www.isdin.com\/es\/blog\/manchas-de-embarazo-melasma-gestacional\/\">melasma<\/a> o hiperpigmentaciones post-inflamatorias\u2019\u2019.<\/p>\n\n\n\n<h2 class=\"wp-block-heading\">Tus preguntas, nuestras respuestas<\/h2>\n\n\n\n<h3 class=\"wp-block-heading\">\u00bfHay evaluaci\u00f3n dermatol\u00f3gica para saber mi fototipo?<\/h3>\n\n\n\n<p>No suele ser necesario. <strong>La escala de Fitzpatrick<\/strong> es visual y se basa en autoevaluaci\u00f3n, por lo que puedes identificar tu fototipo f\u00e1cilmente en casa. Aun as\u00ed, si tienes dudas o condiciones especiales en la piel, <strong>un dermat\u00f3logo puede ayudarte a confirmarlo<\/strong> y personalizar tu rutina.<\/p>\n\n\n\n<h3 class=\"wp-block-heading\">\u00bfPuedo cambiar de fototipo con el tiempo o el bronceado?<\/h3>\n\n\n\n<p>No mucho. El fototipo viene \u2018de f\u00e1brica\u2019: est\u00e1 determinado por tu gen\u00e9tica. Es cierto que tu piel puede oscurecerse por el sol o aclararse por tratamientos, pero <strong>tu sensibilidad real al sol y tu capacidad de broncearte se mantienen bastante estables<\/strong> a lo largo de los a\u00f1os.<\/p>\n\n\n\n<h3 class=\"wp-block-heading\">\u00bfEl fototipo influye en el riesgo de c\u00e1ncer de piel?<\/h3>\n\n\n\n<p>S\u00ed, y bastante. Cuanto m\u00e1s claro es tu fototipo, <strong>m\u00e1s sensible es tu piel al sol y <a href=\"https:\/\/www.clinicbarcelona.org\/en\/assistance\/diseases\/skin-cancer\/risk-factors\">mayor el riesgo de padecer melanoma<\/a><\/strong>. Pero ojo: <strong>tener la piel oscura no te hace invencible<\/strong>. Todas las pieles, sin excepci\u00f3n, deben protegerse del sol.<\/p>\n\n\n\n<p class=\"has-background\" style=\"background-color:#f1dfbf\">\u00bfSab\u00edas que en <a href=\"https:\/\/seom.org\/publicaciones\/el-cancer-en-espanyacom\">2025<\/a> se diagnosticar\u00e1n aproximadamente <strong>9.408 nuevos casos<\/strong> de <a href=\"https:\/\/www.isdin.com\/es\/blog\/melanoma-causas-y-como-prevenirlo\/\">melanoma<\/a> maligno cut\u00e1neo en Espa\u00f1a? Una raz\u00f3n m\u00e1s para proteger tu piel cada d\u00eda del a\u00f1o.<\/p>\n\n\n\n<p><\/p>\n\n\n\n<h2 class=\"wp-block-heading\" id=\"h-mas-que-un-fototipo-una-piel-con-necesidades-reales\">M\u00e1s que un fototipo, una piel con necesidades reales<\/h2>\n\n\n\n<figure class=\"wp-block-image size-full\"><img loading=\"lazy\" decoding=\"async\" width=\"1200\" height=\"618\" src=\"data:image\/gif;base64,R0lGODlhAQABAAAAACH5BAEKAAEALAAAAAABAAEAAAICTAEAOw==\" data-src=\"https:\/\/www.isdin.com\/es\/blog\/wp-content\/uploads\/2025\/04\/2025_04_Fototipo_IMG3-1.jpg\" alt=\"fotoprotector efecto iluminador\" class=\"wp-image-11934 lazyload\"\/><\/figure>\n\n\n\n<p><\/p>\n\n\n\n<p>Chiyoung se despide con una frase: \u2018\u2019Recuerda, tu piel no es solo un n\u00famero en una escala ni un tipo dentro de una tabla\u2019\u2019. Para ella <a href=\"https:\/\/www.isdin.com\/es\/blog\/10-pasos-para-descubrir-el-amor-por-tu-piel\/\">es \u00fanica<\/a>, cambia contigo y te acompa\u00f1a en todo lo que vives. Entender tu <strong>fototipo<\/strong> y tu <strong>tipo de piel<\/strong> no es encasillarte, es abrir la puerta a cuidarte mejor, desde el conocimiento y la conciencia.<\/p>\n\n\n\n<p>Porque proteger la piel no es solo una cuesti\u00f3n est\u00e9tica: es salud, es prevenci\u00f3n, es una forma de quererte. Y s\u00ed, <a href=\"https:\/\/www.isdin.com\/es\/blog\/como-combinar-ingredientes-activos-en-una-rutina\/\">hay ingredientes que pueden ayudarte<\/a>. Rutinas que se adaptan a ti. Texturas que acompa\u00f1an y calman. Pero lo esencial es esto: <strong>escuchar lo que tu piel necesita y actuar cada d\u00eda con intenci\u00f3n.<\/strong><\/p>\n\n\n\n<p>No se trata de tener la piel perfecta, sino de tener <strong>una piel bien cuidada, bien protegida, bien entendida<\/strong>. Y para eso, no necesitas m\u00e1s productos. Solo <a href=\"https:\/\/www.isdin.com\/es\/test-rutina-belleza\/\">los adecuados para ti<\/a>.<\/p>\n\n\n\n<p class=\"has-text-align-center\"><strong>Cada piel es \u00fanica. Tu forma de cuidarla tambi\u00e9n. \u00a1\u00c1mala siempre!<\/strong><\/p>\n\n\n\n<p style=\"font-size:9px\"><strong>Referencias:<\/strong><\/p>\n\n\n\n<ol style=\"font-size:8px\" class=\"wp-block-list\">\n<li>Hospital Cl\u00ednic Barcelona. (s.\u202ff.). <em>Factores de riesgo del c\u00e1ncer de piel<\/em>. <a class=\"\" href=\"https:\/\/www.clinicbarcelona.org\/en\/assistance\/diseases\/skin-cancer\/risk-factors\">https:\/\/www.clinicbarcelona.org\/en\/assistance\/diseases\/skin-cancer\/risk-factors<\/a><\/li>\n\n\n\n<li>Krutmann, J., Piquero-Casals, J., Morgado-Carrasco, D., Granger, C., Trull\u00e0s, C., Passeron, T., &amp; Lim, H. W. (2023). Photoprotection for people with skin of colour: needs and strategies. <em>The British Journal of Dermatology, 188<\/em>(2), 168\u2013175. <a class=\"\" href=\"https:\/\/doi.org\/10.1093\/bjd\/ljac046\">https:\/\/doi.org\/10.1093\/bjd\/ljac046<\/a><\/li>\n\n\n\n<li>Sociedad Espa\u00f1ola de Oncolog\u00eda M\u00e9dica (SEOM). (2025). <em>Las cifras del c\u00e1ncer en Espa\u00f1a 2025<\/em>. <a class=\"\" href=\"https:\/\/www.seom.org\/images\/LAS_CIFRAS_DMC2025.pdf\">https:\/\/www.seom.org\/images\/LAS_CIFRAS_DMC2025.pdf<\/a><\/li>\n\n\n\n<li>Manual MSD. (s.\u202ff.). <em>Clasificaci\u00f3n del tipo de piel de Fitzpatrick<\/em>. <a class=\"\" href=\"https:\/\/www.msdmanuals.com\/es\/professional\/multimedia\/table\/clasificaci%C3%B3n-del-tipo-de-piel-de-fitzpatrick\">https:\/\/www.msdmanuals.com\/es\/professional\/multimedia\/table\/clasificaci%C3%B3n-del-tipo-de-piel-de-fitzpatrick<\/a><\/li>\n\n\n\n<li>Sociedad Espa\u00f1ola de Oncolog\u00eda M\u00e9dica (SEOM). (s.\u202ff.). <em>El c\u00e1ncer en Espa\u00f1a<\/em>. <a class=\"\" href=\"https:\/\/seom.org\/publicaciones\/el-cancer-en-espanyacom\">https:\/\/seom.org\/publicaciones\/el-cancer-en-espanyacom<\/a><\/li>\n<\/ol>\n\n\n\n<p><\/p>\n","protected":false},"excerpt":{"rendered":"<p>\u00bfCre\u00edas que la piel solo se clasifica como normal, mixta, grasa o sensible? Esa es solo una parte. Hay otra forma igual de importante de conocerla: los fototipos.<\/p>\n","protected":false},"author":69,"featured_media":11935,"comment_status":"closed","ping_status":"closed","sticky":false,"template":"","format":"image","meta":{"footnotes":""},"categories":[1,65,100],"tags":[119,492],"class_list":["post-11927","post","type-post","status-publish","format-image","has-post-thumbnail","hentry","category-consejos-cuidados","category-expertos","category-sol-y-piel","tag-fotoproteccion","tag-fototipos-de-piel","post_format-post-format-image"],"yoast_head":"<!-- This site is optimized with the Yoast SEO Premium plugin v25.4 (Yoast SEO v25.4) - https:\/\/yoast.com\/wordpress\/plugins\/seo\/ -->\n<title>Qu\u00e9 son los fototipos de piel y por qu\u00e9 importan m\u00e1s de lo que crees - ISDIN<\/title>\n<meta name=\"description\" content=\"Descubre cu\u00e1l es tu fototipo de piel seg\u00fan la escala de Fitzpatrick y conoce los mejores consejos de fotoprotecci\u00f3n para cuidarte del sol.\" \/>\n<meta name=\"robots\" content=\"index, follow, max-snippet:-1, max-image-preview:large, max-video-preview:-1\" \/>\n<link rel=\"canonical\" href=\"https:\/\/www.isdin.com\/es\/blog\/que-son-los-fototipos-de-piel-y-su-importancia\/\" \/>\n<meta property=\"og:locale\" content=\"es_ES\" \/>\n<meta property=\"og:type\" content=\"article\" \/>\n<meta property=\"og:title\" content=\"Qu\u00e9 son los fototipos de piel y por qu\u00e9 importan m\u00e1s de lo que crees\" \/>\n<meta property=\"og:description\" content=\"Descubre cu\u00e1l es tu fototipo de piel seg\u00fan la escala de Fitzpatrick y conoce los mejores consejos de fotoprotecci\u00f3n para cuidarte del sol.\" \/>\n<meta property=\"og:url\" content=\"https:\/\/www.isdin.com\/es\/blog\/que-son-los-fototipos-de-piel-y-su-importancia\/\" \/>\n<meta property=\"og:site_name\" content=\"ISDIN\" \/>\n<meta property=\"article:publisher\" content=\"https:\/\/es-es.facebook.com\/ISDIN.official\/\" \/>\n<meta property=\"article:published_time\" content=\"2025-04-08T16:10:07+00:00\" \/>\n<meta property=\"article:modified_time\" content=\"2025-04-08T16:18:01+00:00\" \/>\n<meta property=\"og:image\" content=\"https:\/\/www.isdin.com\/es\/blog\/wp-content\/uploads\/2025\/04\/2025_04_Fototipo_IMG1-1.jpg\" \/>\n\t<meta property=\"og:image:width\" content=\"1200\" \/>\n\t<meta property=\"og:image:height\" content=\"760\" \/>\n\t<meta property=\"og:image:type\" content=\"image\/jpeg\" \/>\n<meta name=\"author\" content=\"Belinda Mart\u00ednez&nbsp;y&nbsp;Chiyoung Kang Park\" \/>\n<meta name=\"twitter:card\" content=\"summary_large_image\" \/>\n<meta name=\"twitter:creator\" content=\"@isdin_official\" \/>\n<meta name=\"twitter:site\" content=\"@isdin_official\" \/>\n<meta name=\"twitter:label1\" content=\"Written by\" \/>\n\t<meta name=\"twitter:data1\" content=\"Belinda Mart\u00ednez&nbsp;y&nbsp;Chiyoung Kang Park\" \/>\n\t<meta name=\"twitter:label2\" content=\"Est. reading time\" \/>\n\t<meta name=\"twitter:data2\" content=\"9 minutes\" \/>\n<script type=\"application\/ld+json\" class=\"yoast-schema-graph\">{\"@context\":\"https:\/\/schema.org\",\"@graph\":[{\"@type\":\"Article\",\"@id\":\"https:\/\/www.isdin.com\/es\/blog\/que-son-los-fototipos-de-piel-y-su-importancia\/#article\",\"isPartOf\":{\"@id\":\"https:\/\/www.isdin.com\/es\/blog\/que-son-los-fototipos-de-piel-y-su-importancia\/\"},\"author\":{\"name\":\"Belinda Mart\u00ednez&nbsp;y&nbsp;Chiyoung Kang Park\",\"@id\":\"https:\/\/www.isdin.com\/es\/blog\/#\/schema\/person\/684015d7d9e78124cb4aa660f6fe8576\"},\"headline\":\"Qu\u00e9 son los fototipos de piel y por qu\u00e9 importan m\u00e1s de lo que crees\",\"datePublished\":\"2025-04-08T16:10:07+00:00\",\"dateModified\":\"2025-04-08T16:18:01+00:00\",\"mainEntityOfPage\":{\"@id\":\"https:\/\/www.isdin.com\/es\/blog\/que-son-los-fototipos-de-piel-y-su-importancia\/\"},\"wordCount\":1720,\"publisher\":{\"@id\":\"https:\/\/www.isdin.com\/es\/blog\/#organization\"},\"image\":{\"@id\":\"https:\/\/www.isdin.com\/es\/blog\/que-son-los-fototipos-de-piel-y-su-importancia\/#primaryimage\"},\"thumbnailUrl\":\"https:\/\/www.isdin.com\/es\/blog\/wp-content\/uploads\/2025\/04\/2025_04_Fototipo_IMG1-1.jpg\",\"keywords\":[\"fotoprotecci\u00f3n\",\"fototipos de piel\"],\"articleSection\":[\"Consejos y cuidados\",\"Expertos\",\"Sol y piel\"],\"inLanguage\":\"es-ES\"},{\"@type\":\"WebPage\",\"@id\":\"https:\/\/www.isdin.com\/es\/blog\/que-son-los-fototipos-de-piel-y-su-importancia\/\",\"url\":\"https:\/\/www.isdin.com\/es\/blog\/que-son-los-fototipos-de-piel-y-su-importancia\/\",\"name\":\"Qu\u00e9 son los fototipos de piel y por qu\u00e9 importan m\u00e1s de lo que crees - ISDIN\",\"isPartOf\":{\"@id\":\"https:\/\/www.isdin.com\/es\/blog\/#website\"},\"primaryImageOfPage\":{\"@id\":\"https:\/\/www.isdin.com\/es\/blog\/que-son-los-fototipos-de-piel-y-su-importancia\/#primaryimage\"},\"image\":{\"@id\":\"https:\/\/www.isdin.com\/es\/blog\/que-son-los-fototipos-de-piel-y-su-importancia\/#primaryimage\"},\"thumbnailUrl\":\"https:\/\/www.isdin.com\/es\/blog\/wp-content\/uploads\/2025\/04\/2025_04_Fototipo_IMG1-1.jpg\",\"datePublished\":\"2025-04-08T16:10:07+00:00\",\"dateModified\":\"2025-04-08T16:18:01+00:00\",\"description\":\"Descubre cu\u00e1l es tu fototipo de piel seg\u00fan la escala de Fitzpatrick y conoce los mejores consejos de fotoprotecci\u00f3n para cuidarte del sol.\",\"breadcrumb\":{\"@id\":\"https:\/\/www.isdin.com\/es\/blog\/que-son-los-fototipos-de-piel-y-su-importancia\/#breadcrumb\"},\"inLanguage\":\"es-ES\",\"potentialAction\":[{\"@type\":\"ReadAction\",\"target\":[\"https:\/\/www.isdin.com\/es\/blog\/que-son-los-fototipos-de-piel-y-su-importancia\/\"]}]},{\"@type\":\"ImageObject\",\"inLanguage\":\"es-ES\",\"@id\":\"https:\/\/www.isdin.com\/es\/blog\/que-son-los-fototipos-de-piel-y-su-importancia\/#primaryimage\",\"url\":\"https:\/\/www.isdin.com\/es\/blog\/wp-content\/uploads\/2025\/04\/2025_04_Fototipo_IMG1-1.jpg\",\"contentUrl\":\"https:\/\/www.isdin.com\/es\/blog\/wp-content\/uploads\/2025\/04\/2025_04_Fototipo_IMG1-1.jpg\",\"width\":1200,\"height\":760,\"caption\":\"fototipos de piel qu\u00e9 son\"},{\"@type\":\"BreadcrumbList\",\"@id\":\"https:\/\/www.isdin.com\/es\/blog\/que-son-los-fototipos-de-piel-y-su-importancia\/#breadcrumb\",\"itemListElement\":[{\"@type\":\"ListItem\",\"position\":1,\"name\":\"Portada\",\"item\":\"https:\/\/www.isdin.com\/es\/blog\/\"},{\"@type\":\"ListItem\",\"position\":2,\"name\":\"Qu\u00e9 son los fototipos de piel y por qu\u00e9 importan m\u00e1s de lo que crees\"}]},{\"@type\":\"WebSite\",\"@id\":\"https:\/\/www.isdin.com\/es\/blog\/#website\",\"url\":\"https:\/\/www.isdin.com\/es\/blog\/\",\"name\":\"ISDIN\",\"description\":\"Novedades, lanzamientos de productos y toda la experiencia de ISDIN\",\"publisher\":{\"@id\":\"https:\/\/www.isdin.com\/es\/blog\/#organization\"},\"potentialAction\":[{\"@type\":\"SearchAction\",\"target\":{\"@type\":\"EntryPoint\",\"urlTemplate\":\"https:\/\/www.isdin.com\/es\/blog\/?s={search_term_string}\"},\"query-input\":{\"@type\":\"PropertyValueSpecification\",\"valueRequired\":true,\"valueName\":\"search_term_string\"}}],\"inLanguage\":\"es-ES\"},{\"@type\":\"Organization\",\"@id\":\"https:\/\/www.isdin.com\/es\/blog\/#organization\",\"name\":\"ISDIN\",\"alternateName\":\"ISDIN\",\"url\":\"https:\/\/www.isdin.com\/es\/blog\/\",\"logo\":{\"@type\":\"ImageObject\",\"inLanguage\":\"es-ES\",\"@id\":\"https:\/\/www.isdin.com\/es\/blog\/#\/schema\/logo\/image\/\",\"url\":\"https:\/\/www.isdin.com\/es\/blog\/wp-content\/uploads\/2024\/05\/2025_03_GuiaFoto_FWM.png\",\"contentUrl\":\"https:\/\/www.isdin.com\/es\/blog\/wp-content\/uploads\/2024\/05\/2025_03_GuiaFoto_FWM.png\",\"width\":670,\"height\":683,\"caption\":\"ISDIN\"},\"image\":{\"@id\":\"https:\/\/www.isdin.com\/es\/blog\/#\/schema\/logo\/image\/\"},\"sameAs\":[\"https:\/\/es-es.facebook.com\/ISDIN.official\/\",\"https:\/\/x.com\/isdin_official\",\"https:\/\/www.instagram.com\/isdinofficial\",\"https:\/\/www.youtube.com\/channel\/UCtoNJMKpDwdFLqgV23_lcqg\"],\"telephone\":\"659997812\"},[{\"@type\":[\"Person\"],\"@id\":\"https:\/\/www.isdin.com\/es\/blog\/#\/schema\/person\/684015d7d9e78124cb4aa660f6fe8576\",\"name\":\"Belinda Mart\u00ednez\",\"image\":{\"@type\":\"ImageObject\",\"@id\":\"https:\/\/www.isdin.com\/es\/blog\/#\/schema\/person\/image\/\",\"inLanguage\":\"es_ES\",\"url\":\"https:\/\/www.isdin.com\/es\/blog\/wp-content\/uploads\/2017\/07\/jjjj.jpg\",\"caption\":\"Belinda Mart\u00ednez\"}},{\"@type\":[\"Person\"],\"@id\":\"https:\/\/www.isdin.com\/es\/blog\/#\/schema\/person\/684015d7d9e78124cb4aa660f6fe8576\",\"name\":\"Chiyoung Kang Park\",\"image\":{\"@type\":\"ImageObject\",\"@id\":\"https:\/\/www.isdin.com\/es\/blog\/#\/schema\/person\/image\/\",\"inLanguage\":\"es_ES\",\"url\":\"https:\/\/www.isdin.com\/es\/blog\/wp-content\/uploads\/2025\/03\/chiyoung-150x150.png\",\"caption\":\"Chiyoung Kang Park\"}}]]}<\/script>\n<!-- \/ Yoast SEO Premium plugin. -->","yoast_head_json":{"title":"Qu\u00e9 son los fototipos de piel y por qu\u00e9 importan m\u00e1s de lo que crees - ISDIN","description":"Descubre cu\u00e1l es tu fototipo de piel seg\u00fan la escala de Fitzpatrick y conoce los mejores consejos de fotoprotecci\u00f3n para cuidarte del sol.","robots":{"index":"index","follow":"follow","max-snippet":"max-snippet:-1","max-image-preview":"max-image-preview:large","max-video-preview":"max-video-preview:-1"},"canonical":"https:\/\/www.isdin.com\/es\/blog\/que-son-los-fototipos-de-piel-y-su-importancia\/","og_locale":"es_ES","og_type":"article","og_title":"Qu\u00e9 son los fototipos de piel y por qu\u00e9 importan m\u00e1s de lo que crees","og_description":"Descubre cu\u00e1l es tu fototipo de piel seg\u00fan la escala de Fitzpatrick y conoce los mejores consejos de fotoprotecci\u00f3n para cuidarte del sol.","og_url":"https:\/\/www.isdin.com\/es\/blog\/que-son-los-fototipos-de-piel-y-su-importancia\/","og_site_name":"ISDIN","article_publisher":"https:\/\/es-es.facebook.com\/ISDIN.official\/","article_published_time":"2025-04-08T16:10:07+00:00","article_modified_time":"2025-04-08T16:18:01+00:00","og_image":[{"width":1200,"height":760,"url":"https:\/\/www.isdin.com\/es\/blog\/wp-content\/uploads\/2025\/04\/2025_04_Fototipo_IMG1-1.jpg","type":"image\/jpeg"}],"author":"Belinda Mart\u00ednez&nbsp;y&nbsp;Chiyoung Kang Park","twitter_card":"summary_large_image","twitter_creator":"@isdin_official","twitter_site":"@isdin_official","twitter_misc":{"Written by":"Belinda Mart\u00ednez&nbsp;y&nbsp;Chiyoung Kang Park","Est. reading time":"9 minutes"},"schema":{"@context":"https:\/\/schema.org","@graph":[{"@type":"Article","@id":"https:\/\/www.isdin.com\/es\/blog\/que-son-los-fototipos-de-piel-y-su-importancia\/#article","isPartOf":{"@id":"https:\/\/www.isdin.com\/es\/blog\/que-son-los-fototipos-de-piel-y-su-importancia\/"},"author":{"name":"Belinda Mart\u00ednez&nbsp;y&nbsp;Chiyoung Kang Park","@id":"https:\/\/www.isdin.com\/es\/blog\/#\/schema\/person\/684015d7d9e78124cb4aa660f6fe8576"},"headline":"Qu\u00e9 son los fototipos de piel y por qu\u00e9 importan m\u00e1s de lo que crees","datePublished":"2025-04-08T16:10:07+00:00","dateModified":"2025-04-08T16:18:01+00:00","mainEntityOfPage":{"@id":"https:\/\/www.isdin.com\/es\/blog\/que-son-los-fototipos-de-piel-y-su-importancia\/"},"wordCount":1720,"publisher":{"@id":"https:\/\/www.isdin.com\/es\/blog\/#organization"},"image":{"@id":"https:\/\/www.isdin.com\/es\/blog\/que-son-los-fototipos-de-piel-y-su-importancia\/#primaryimage"},"thumbnailUrl":"https:\/\/www.isdin.com\/es\/blog\/wp-content\/uploads\/2025\/04\/2025_04_Fototipo_IMG1-1.jpg","keywords":["fotoprotecci\u00f3n","fototipos de piel"],"articleSection":["Consejos y cuidados","Expertos","Sol y piel"],"inLanguage":"es-ES"},{"@type":"WebPage","@id":"https:\/\/www.isdin.com\/es\/blog\/que-son-los-fototipos-de-piel-y-su-importancia\/","url":"https:\/\/www.isdin.com\/es\/blog\/que-son-los-fototipos-de-piel-y-su-importancia\/","name":"Qu\u00e9 son los fototipos de piel y por qu\u00e9 importan m\u00e1s de lo que crees - ISDIN","isPartOf":{"@id":"https:\/\/www.isdin.com\/es\/blog\/#website"},"primaryImageOfPage":{"@id":"https:\/\/www.isdin.com\/es\/blog\/que-son-los-fototipos-de-piel-y-su-importancia\/#primaryimage"},"image":{"@id":"https:\/\/www.isdin.com\/es\/blog\/que-son-los-fototipos-de-piel-y-su-importancia\/#primaryimage"},"thumbnailUrl":"https:\/\/www.isdin.com\/es\/blog\/wp-content\/uploads\/2025\/04\/2025_04_Fototipo_IMG1-1.jpg","datePublished":"2025-04-08T16:10:07+00:00","dateModified":"2025-04-08T16:18:01+00:00","description":"Descubre cu\u00e1l es tu fototipo de piel seg\u00fan la escala de Fitzpatrick y conoce los mejores consejos de fotoprotecci\u00f3n para cuidarte del sol.","breadcrumb":{"@id":"https:\/\/www.isdin.com\/es\/blog\/que-son-los-fototipos-de-piel-y-su-importancia\/#breadcrumb"},"inLanguage":"es-ES","potentialAction":[{"@type":"ReadAction","target":["https:\/\/www.isdin.com\/es\/blog\/que-son-los-fototipos-de-piel-y-su-importancia\/"]}]},{"@type":"ImageObject","inLanguage":"es-ES","@id":"https:\/\/www.isdin.com\/es\/blog\/que-son-los-fototipos-de-piel-y-su-importancia\/#primaryimage","url":"https:\/\/www.isdin.com\/es\/blog\/wp-content\/uploads\/2025\/04\/2025_04_Fototipo_IMG1-1.jpg","contentUrl":"https:\/\/www.isdin.com\/es\/blog\/wp-content\/uploads\/2025\/04\/2025_04_Fototipo_IMG1-1.jpg","width":1200,"height":760,"caption":"fototipos de piel qu\u00e9 son"},{"@type":"BreadcrumbList","@id":"https:\/\/www.isdin.com\/es\/blog\/que-son-los-fototipos-de-piel-y-su-importancia\/#breadcrumb","itemListElement":[{"@type":"ListItem","position":1,"name":"Portada","item":"https:\/\/www.isdin.com\/es\/blog\/"},{"@type":"ListItem","position":2,"name":"Qu\u00e9 son los fototipos de piel y por qu\u00e9 importan m\u00e1s de lo que crees"}]},{"@type":"WebSite","@id":"https:\/\/www.isdin.com\/es\/blog\/#website","url":"https:\/\/www.isdin.com\/es\/blog\/","name":"ISDIN","description":"Novedades, lanzamientos de productos y toda la experiencia de ISDIN","publisher":{"@id":"https:\/\/www.isdin.com\/es\/blog\/#organization"},"potentialAction":[{"@type":"SearchAction","target":{"@type":"EntryPoint","urlTemplate":"https:\/\/www.isdin.com\/es\/blog\/?s={search_term_string}"},"query-input":{"@type":"PropertyValueSpecification","valueRequired":true,"valueName":"search_term_string"}}],"inLanguage":"es-ES"},{"@type":"Organization","@id":"https:\/\/www.isdin.com\/es\/blog\/#organization","name":"ISDIN","alternateName":"ISDIN","url":"https:\/\/www.isdin.com\/es\/blog\/","logo":{"@type":"ImageObject","inLanguage":"es-ES","@id":"https:\/\/www.isdin.com\/es\/blog\/#\/schema\/logo\/image\/","url":"https:\/\/www.isdin.com\/es\/blog\/wp-content\/uploads\/2024\/05\/2025_03_GuiaFoto_FWM.png","contentUrl":"https:\/\/www.isdin.com\/es\/blog\/wp-content\/uploads\/2024\/05\/2025_03_GuiaFoto_FWM.png","width":670,"height":683,"caption":"ISDIN"},"image":{"@id":"https:\/\/www.isdin.com\/es\/blog\/#\/schema\/logo\/image\/"},"sameAs":["https:\/\/es-es.facebook.com\/ISDIN.official\/","https:\/\/x.com\/isdin_official","https:\/\/www.instagram.com\/isdinofficial","https:\/\/www.youtube.com\/channel\/UCtoNJMKpDwdFLqgV23_lcqg"],"telephone":"659997812"},[{"@type":["Person"],"@id":"https:\/\/www.isdin.com\/es\/blog\/#\/schema\/person\/684015d7d9e78124cb4aa660f6fe8576","name":"Belinda Mart\u00ednez","image":{"@type":"ImageObject","@id":"https:\/\/www.isdin.com\/es\/blog\/#\/schema\/person\/image\/","inLanguage":"es_ES","url":"https:\/\/www.isdin.com\/es\/blog\/wp-content\/uploads\/2017\/07\/jjjj.jpg","caption":"Belinda Mart\u00ednez"}},{"@type":["Person"],"@id":"https:\/\/www.isdin.com\/es\/blog\/#\/schema\/person\/684015d7d9e78124cb4aa660f6fe8576","name":"Chiyoung Kang Park","image":{"@type":"ImageObject","@id":"https:\/\/www.isdin.com\/es\/blog\/#\/schema\/person\/image\/","inLanguage":"es_ES","url":"https:\/\/www.isdin.com\/es\/blog\/wp-content\/uploads\/2025\/03\/chiyoung-150x150.png","caption":"Chiyoung Kang Park"}}]]}},"_links":{"self":[{"href":"https:\/\/www.isdin.com\/es\/blog\/wp-json\/wp\/v2\/posts\/11927","targetHints":{"allow":["GET"]}}],"collection":[{"href":"https:\/\/www.isdin.com\/es\/blog\/wp-json\/wp\/v2\/posts"}],"about":[{"href":"https:\/\/www.isdin.com\/es\/blog\/wp-json\/wp\/v2\/types\/post"}],"author":[{"embeddable":true,"href":"https:\/\/www.isdin.com\/es\/blog\/wp-json\/wp\/v2\/users\/69"}],"replies":[{"embeddable":true,"href":"https:\/\/www.isdin.com\/es\/blog\/wp-json\/wp\/v2\/comments?post=11927"}],"version-history":[{"count":4,"href":"https:\/\/www.isdin.com\/es\/blog\/wp-json\/wp\/v2\/posts\/11927\/revisions"}],"predecessor-version":[{"id":11939,"href":"https:\/\/www.isdin.com\/es\/blog\/wp-json\/wp\/v2\/posts\/11927\/revisions\/11939"}],"wp:featuredmedia":[{"embeddable":true,"href":"https:\/\/www.isdin.com\/es\/blog\/wp-json\/wp\/v2\/media\/11935"}],"wp:attachment":[{"href":"https:\/\/www.isdin.com\/es\/blog\/wp-json\/wp\/v2\/media?parent=11927"}],"wp:term":[{"taxonomy":"category","embeddable":true,"href":"https:\/\/www.isdin.com\/es\/blog\/wp-json\/wp\/v2\/categories?post=11927"},{"taxonomy":"post_tag","embeddable":true,"href":"https:\/\/www.isdin.com\/es\/blog\/wp-json\/wp\/v2\/tags?post=11927"}],"curies":[{"name":"wp","href":"https:\/\/api.w.org\/{rel}","templated":true}]}}