{"id":11690,"date":"2026-02-17T17:45:47","date_gmt":"2026-02-17T17:45:47","guid":{"rendered":"https:\/\/www.isdin.com\/es\/blog\/?p=11690"},"modified":"2026-02-17T17:46:18","modified_gmt":"2026-02-17T17:46:18","slug":"imcas-paris-tendencias-skincare-mundo-beauty","status":"publish","type":"post","link":"https:\/\/www.isdin.com\/es\/blog\/imcas-paris-tendencias-skincare-mundo-beauty\/","title":{"rendered":"IMCAS Par\u00eds 2026: las 5 tendencias de skincare que marcar\u00e1n el futuro de la piel"},"content":{"rendered":"\n<p><strong>Par\u00eds, la ciudad del amor&#8230; y del amor por la piel.<\/strong> Durante unos d\u00edas, la capital francesa se ha convertido en el epicentro de la innovaci\u00f3n en dermatolog\u00eda con el <strong>IMCAS<\/strong>, el congreso donde ciencia, innovaci\u00f3n y belleza se unen para redefinir el futuro del cuidado de la piel.<\/p>\n\n\n\n<p>En ISDIN, <strong>vivimos este encuentro con pasi\u00f3n<\/strong>, dando un paso m\u00e1s al situar la ciencia en el centro de nuestra presencia: presentamos nuestras \u00faltimas innovaciones, celebramos un simposio de ISDINCEUTICS sobre la nueva era del retinol y compartimos nuestra <em>expertise<\/em> con una comunidad internacional de <strong>m\u00e1s de 22.000 expertos<\/strong> explorando las tendencias que marcar\u00e1n el ma\u00f1ana del <em>skincare<\/em>.<\/p>\n\n\n\n<p>Si hay algo claro, es que <strong>ning\u00fan amante del cuidado de la piel querr\u00eda perderse este evento<\/strong>. Y por eso, hemos recopilado las <strong>5 tendencias que han brillado en el IMCAS Par\u00eds 2026<\/strong> para cont\u00e1rtelas de primera mano, con el conocimiento y la experiencia de los expertos que han estado all\u00ed.<\/p>\n\n\n\n<h2 class=\"wp-block-heading\" id=\"h-que-es-imcas-paris\">\u00bfQu\u00e9 es IMCAS Par\u00eds?<\/h2>\n\n\n\n<figure class=\"wp-block-image size-full\"><img loading=\"lazy\" decoding=\"async\" width=\"2400\" height=\"1236\" src=\"data:image\/gif;base64,R0lGODlhAQABAAAAACH5BAEKAAEALAAAAAABAAEAAAICTAEAOw==\" data-src=\"https:\/\/www.isdin.com\/es\/blog\/wp-content\/uploads\/2025\/02\/Producto-Textura-9-1.png\" alt=\"Stand de ISDINCEUTICS en IMCAS Par\u00eds 2026 con exposici\u00f3n de productos y dos profesionales conversando con una dermat\u00f3loga sobre innovaci\u00f3n en cuidado de la piel.\" class=\"wp-image-13265 lazyload\" data-sizes=\"auto\" data-srcset=\"https:\/\/www.isdin.com\/es\/blog\/wp-content\/uploads\/2025\/02\/Producto-Textura-9-1.png 2400w, https:\/\/www.isdin.com\/es\/blog\/wp-content\/uploads\/2025\/02\/Producto-Textura-9-1-300x155.png 300w, https:\/\/www.isdin.com\/es\/blog\/wp-content\/uploads\/2025\/02\/Producto-Textura-9-1-1024x527.png 1024w, https:\/\/www.isdin.com\/es\/blog\/wp-content\/uploads\/2025\/02\/Producto-Textura-9-1-150x77.png 150w, https:\/\/www.isdin.com\/es\/blog\/wp-content\/uploads\/2025\/02\/Producto-Textura-9-1-768x396.png 768w, https:\/\/www.isdin.com\/es\/blog\/wp-content\/uploads\/2025\/02\/Producto-Textura-9-1-1536x791.png 1536w, https:\/\/www.isdin.com\/es\/blog\/wp-content\/uploads\/2025\/02\/Producto-Textura-9-1-2048x1055.png 2048w, https:\/\/www.isdin.com\/es\/blog\/wp-content\/uploads\/2025\/02\/Producto-Textura-9-1-585x300.png 585w, https:\/\/www.isdin.com\/es\/blog\/wp-content\/uploads\/2025\/02\/Producto-Textura-9-1-450x232.png 450w, https:\/\/www.isdin.com\/es\/blog\/wp-content\/uploads\/2025\/02\/Producto-Textura-9-1-20x11.png 20w, https:\/\/www.isdin.com\/es\/blog\/wp-content\/uploads\/2025\/02\/Producto-Textura-9-1-225x116.png 225w, https:\/\/www.isdin.com\/es\/blog\/wp-content\/uploads\/2025\/02\/Producto-Textura-9-1-900x464.png 900w, https:\/\/www.isdin.com\/es\/blog\/wp-content\/uploads\/2025\/02\/Producto-Textura-9-1-1350x695.png 1350w\" sizes=\"auto, (max-width: 2400px) 100vw, 2400px\" \/><\/figure>\n\n\n\n<p><\/p>\n\n\n\n<p>Par\u00eds amanece con ese encanto inconfundible, sus calles empedradas a\u00fan mojadas por el roc\u00edo, el aroma a caf\u00e9 reci\u00e9n hecho escapando de las <em>boulangeries<\/em>. Mientras <a href=\"https:\/\/viajes.nationalgeographic.com.es\/a\/paris-esencial-lugares-imprescindibles-ciudad-amor-mucho-mas_20095\">la ciudad<\/a> despierta, nosotros comenzamos el d\u00eda con la <a href=\"https:\/\/www.nataliajimenezdermatologa.com\/\">Dra. Natalia Jim\u00e9nez<\/a>, experta en dermatolog\u00eda cl\u00ednica y est\u00e9tica, y el equipo de ISDINCEUTICS, listos para adentrarnos en el coraz\u00f3n del <a href=\"https:\/\/www.imcas.com\/es\">IMCAS<\/a> (International Master Course on Aging Science), uno de los congresos m\u00e1s prestigiosos del mundo en dermatolog\u00eda, medicina est\u00e9tica y cirug\u00eda pl\u00e1stica.<\/p>\n\n\n\n<p>Como nos desvela la Dra. Jim\u00e9nez: \u201cAl IMCAS acuden muchos m\u00e9dicos\u201d. Es un espacio donde el conocimiento se comparte, la experiencia se intercambia y la innovaci\u00f3n toma forma. <strong>Las compa\u00f1\u00edas revelan sus \u00faltimos lanzamientos y los expertos exponen su pasi\u00f3n por la dermatolog\u00eda.<\/strong><\/p>\n\n\n\n<p class=\"has-background\" style=\"background-color:#f1dfbf\"><strong>\u00bfQuieres saber m\u00e1s? <\/strong>La Dra. Jim\u00e9nez se hizo con <a href=\"https:\/\/www.instagram.com\/isdin\/reel\/DUHB-pDDXRX\/\">nuestro Instagram<\/a> para mostrarte el IMCAS Par\u00eds de cerca.<\/p>\n\n\n\n<h3 class=\"wp-block-heading\" id=\"h-la-huella-de-isdin-en-imcas-paris-2026\">La huella de ISDIN en IMCAS Par\u00eds 2026<\/h3>\n\n\n\n<figure class=\"wp-block-image size-full\"><img loading=\"lazy\" decoding=\"async\" width=\"1200\" height=\"618\" src=\"data:image\/gif;base64,R0lGODlhAQABAAAAACH5BAEKAAEALAAAAAABAAEAAAICTAEAOw==\" data-src=\"https:\/\/www.isdin.com\/es\/blog\/wp-content\/uploads\/2025\/02\/2025_01_IMCA_IMG04-1-1.png\" alt=\"Profesional mostrando dos s\u00e9rums ISDINCEUTICS con retinal en envases dorados, durante la presentaci\u00f3n de novedades sobre la nueva era del retinal en IMCAS 2026.\" class=\"wp-image-13264 lazyload\" data-sizes=\"auto\" data-srcset=\"https:\/\/www.isdin.com\/es\/blog\/wp-content\/uploads\/2025\/02\/2025_01_IMCA_IMG04-1-1.png 1200w, https:\/\/www.isdin.com\/es\/blog\/wp-content\/uploads\/2025\/02\/2025_01_IMCA_IMG04-1-1-300x155.png 300w, https:\/\/www.isdin.com\/es\/blog\/wp-content\/uploads\/2025\/02\/2025_01_IMCA_IMG04-1-1-1024x527.png 1024w, https:\/\/www.isdin.com\/es\/blog\/wp-content\/uploads\/2025\/02\/2025_01_IMCA_IMG04-1-1-150x77.png 150w, https:\/\/www.isdin.com\/es\/blog\/wp-content\/uploads\/2025\/02\/2025_01_IMCA_IMG04-1-1-768x396.png 768w, https:\/\/www.isdin.com\/es\/blog\/wp-content\/uploads\/2025\/02\/2025_01_IMCA_IMG04-1-1-585x300.png 585w, https:\/\/www.isdin.com\/es\/blog\/wp-content\/uploads\/2025\/02\/2025_01_IMCA_IMG04-1-1-450x232.png 450w, https:\/\/www.isdin.com\/es\/blog\/wp-content\/uploads\/2025\/02\/2025_01_IMCA_IMG04-1-1-20x11.png 20w, https:\/\/www.isdin.com\/es\/blog\/wp-content\/uploads\/2025\/02\/2025_01_IMCA_IMG04-1-1-225x116.png 225w, https:\/\/www.isdin.com\/es\/blog\/wp-content\/uploads\/2025\/02\/2025_01_IMCA_IMG04-1-1-900x464.png 900w\" sizes=\"auto, (max-width: 1200px) 100vw, 1200px\" \/><\/figure>\n\n\n\n<p><\/p>\n\n\n\n<p><strong>Nuestro stand ha sido el reflejo de <a href=\"https:\/\/www.isdin.com\/es\/about-us\">nuestro compromiso<\/a> con una dermatolog\u00eda basada en la ciencia, la eficacia y la evidencia<\/strong>. \u2018\u2019Tuvimos la oportunidad de compartir a\u00f1os de investigaci\u00f3n, presentar nuestras \u00faltimas innovaciones y debatir con algunos de los mejores dermat\u00f3logos\u2019\u2019, nos comenta Martina Trabacchi, Medical Affairs Specialist. Este a\u00f1o, adem\u00e1s, reforzamos este compromiso con un espacio dedicado a la divulgaci\u00f3n cient\u00edfica y un <a href=\"https:\/\/www.imcas.com\/es\/imcas-world-congress-2026\/program\/session\/56570\">simposio centrado en la nueva era del retinal<\/a>.<\/p>\n\n\n\n<p>Pero, sin duda, lo m\u00e1s valioso de este encuentro ha sido el intercambio de ideas. Sof\u00eda Rodenas, Product Manager de Isdinceutics, lo tiene claro cuando le preguntamos por su momento favorito: \u201cPoder aprender de dermat\u00f3logos y expertos, compartir experiencias reales y debatir sobre las tendencias que realmente est\u00e1n marcando la diferencia en el cuidado de la piel\u201d. Y nos recalca: \u2018\u2019Esa conexi\u00f3n y aprendizaje es lo que hace que eventos como IMCAS sean \u00fanicos\u201d.<\/p>\n\n\n\n<p><strong>Precisamente de estas conversaciones, descubrimientos e innovaciones, nos llevamos las 5 tendencias clave de <em>skincare<\/em> que no puedes perderte en 2026.<\/strong><\/p>\n\n\n\n<h2 class=\"wp-block-heading\" id=\"h-1-la-nueva-era-del-retinal-ciencia-circadiana-para-una-piel-fotoenvejecida\">1. La nueva era del retinal: ciencia circadiana para una piel fotoenvejecida<\/h2>\n\n\n\n<figure class=\"wp-block-image size-full\"><img loading=\"lazy\" decoding=\"async\" width=\"1200\" height=\"618\" src=\"data:image\/gif;base64,R0lGODlhAQABAAAAACH5BAEKAAEALAAAAAABAAEAAAICTAEAOw==\" data-src=\"https:\/\/www.isdin.com\/es\/blog\/wp-content\/uploads\/2025\/02\/2025_01_IMCA_IMG09-1.png\" alt=\"Ponencia en IMCAS Par\u00eds 2026 sobre retinal y melatonina, con presentaci\u00f3n cient\u00edfica en pantalla que explica el equilibrio entre da\u00f1o y reparaci\u00f3n en el fotoenvejecimiento cut\u00e1neo.\" class=\"wp-image-13263 lazyload\" data-sizes=\"auto\" data-srcset=\"https:\/\/www.isdin.com\/es\/blog\/wp-content\/uploads\/2025\/02\/2025_01_IMCA_IMG09-1.png 1200w, https:\/\/www.isdin.com\/es\/blog\/wp-content\/uploads\/2025\/02\/2025_01_IMCA_IMG09-1-300x155.png 300w, https:\/\/www.isdin.com\/es\/blog\/wp-content\/uploads\/2025\/02\/2025_01_IMCA_IMG09-1-1024x527.png 1024w, https:\/\/www.isdin.com\/es\/blog\/wp-content\/uploads\/2025\/02\/2025_01_IMCA_IMG09-1-150x77.png 150w, https:\/\/www.isdin.com\/es\/blog\/wp-content\/uploads\/2025\/02\/2025_01_IMCA_IMG09-1-768x396.png 768w, https:\/\/www.isdin.com\/es\/blog\/wp-content\/uploads\/2025\/02\/2025_01_IMCA_IMG09-1-585x300.png 585w, https:\/\/www.isdin.com\/es\/blog\/wp-content\/uploads\/2025\/02\/2025_01_IMCA_IMG09-1-450x232.png 450w, https:\/\/www.isdin.com\/es\/blog\/wp-content\/uploads\/2025\/02\/2025_01_IMCA_IMG09-1-20x11.png 20w, https:\/\/www.isdin.com\/es\/blog\/wp-content\/uploads\/2025\/02\/2025_01_IMCA_IMG09-1-225x116.png 225w, https:\/\/www.isdin.com\/es\/blog\/wp-content\/uploads\/2025\/02\/2025_01_IMCA_IMG09-1-900x464.png 900w\" sizes=\"auto, (max-width: 1200px) 100vw, 1200px\" \/><\/figure>\n\n\n\n<p><\/p>\n\n\n\n<p>Si hay un tema que capt\u00f3 toda la atenci\u00f3n en IMCAS Par\u00eds 2026 fue la evoluci\u00f3n del retinal y su papel en el futuro del <em>antiaging<\/em>. Este fue el eje central del simposio de ISDINCEUTICS, titulado <strong>\u201cThe retinol paradigm shift: What comes next? Retinal + Melatonin: the circadian solution for photoaged skin in the post-retinol era\u201d<\/strong>.<\/p>\n\n\n\n<p>Bajo los focos del congreso, el Dr. Jaime Piquero, la Prof. <a href=\"https:\/\/www.imcas.com\/es\/profile\/dr-denise-steiner\">Denise Steiner<\/a> y Anthony Brown, Pre-clinical Manager de ISDIN, compartieron una visi\u00f3n clara: el cuidado de la piel entra en una nueva etapa donde la ciencia circadiana juega un papel clave en la reparaci\u00f3n del <a href=\"https:\/\/www.isdin.com\/es\/blog\/efectos-del-fotoenvejecimiento-en-la-piel\/\">fotoenvejecimiento<\/a>.<\/p>\n\n\n\n<h3 class=\"wp-block-heading\" id=\"h-el-enfoque-reset-cuando-el-retinal-se-une-a-la-melatonina\">El enfoque RESET: cuando el retinal se une a la melatonina<\/h3>\n\n\n\n<p>El simposio present\u00f3 el nuevo enfoque <strong>RESET<\/strong>, una estrategia que combina retinal y melatonina para actuar en sinergia sobre los mecanismos del <a href=\"https:\/\/www.isdin.com\/es\/blog\/reducir-arrugas-frente-consejos\/\">envejecimiento cut\u00e1neo<\/a>. Mientras el <a href=\"https:\/\/pubmed.ncbi.nlm.nih.gov\/39496127\/\">retinal<\/a> estimula la renovaci\u00f3n celular y mejora visiblemente la textura de la piel, la <a href=\"https:\/\/www.isdin.com\/es\/blog\/melatonina-topica\/\">melatonina<\/a> aporta una potente acci\u00f3n antioxidante y favorece la reparaci\u00f3n nocturna, respetando los <a href=\"https:\/\/www.isdin.com\/es\/blog\/piel-24-horas-cambios-invisibles-cada-dia\/\">ritmos biol\u00f3gicos de la piel<\/a>.<\/p>\n\n\n\n<div class=\"wp-block-media-text is-stacked-on-mobile\"><figure class=\"wp-block-media-text__media\"><img loading=\"lazy\" decoding=\"async\" width=\"670\" height=\"754\" src=\"data:image\/gif;base64,R0lGODlhAQABAAAAACH5BAEKAAEALAAAAAABAAEAAAICTAEAOw==\" data-src=\"https:\/\/www.isdin.com\/es\/blog\/wp-content\/uploads\/2025\/02\/2025_02_Manos_IMG09-8.png\" alt=\"Retrato del Dr. Jaime Piquero en IMCAS 2026 junto a una cita sobre la melatonina t\u00f3pica como antioxidante clave en la protecci\u00f3n y regeneraci\u00f3n celular de la piel.\" class=\"wp-image-13262 size-full lazyload\" data-sizes=\"auto\" data-srcset=\"https:\/\/www.isdin.com\/es\/blog\/wp-content\/uploads\/2025\/02\/2025_02_Manos_IMG09-8.png 670w, https:\/\/www.isdin.com\/es\/blog\/wp-content\/uploads\/2025\/02\/2025_02_Manos_IMG09-8-267x300.png 267w, https:\/\/www.isdin.com\/es\/blog\/wp-content\/uploads\/2025\/02\/2025_02_Manos_IMG09-8-133x150.png 133w, https:\/\/www.isdin.com\/es\/blog\/wp-content\/uploads\/2025\/02\/2025_02_Manos_IMG09-8-450x506.png 450w, https:\/\/www.isdin.com\/es\/blog\/wp-content\/uploads\/2025\/02\/2025_02_Manos_IMG09-8-225x253.png 225w, https:\/\/www.isdin.com\/es\/blog\/wp-content\/uploads\/2025\/02\/2025_02_Manos_IMG09-8-20x23.png 20w\" sizes=\"auto, (max-width: 670px) 100vw, 670px\" \/><\/figure><div class=\"wp-block-media-text__content\">\n<p>Expertos como el <a href=\"https:\/\/www.dermik.es\/dr-jaime-piquero\/\">Dr. Piquero<\/a> coinciden en que esta combinaci\u00f3n representa un avance en la pr\u00e1ctica cl\u00ednica, ofreciendo un abordaje m\u00e1s completo del fotoenvejecimiento y abriendo nuevas posibilidades en los protocolos dermatol\u00f3gicos.<\/p>\n<\/div><\/div>\n\n\n\n<p>La expectaci\u00f3n fue palpable:<strong> 270 expertos llenaron la sala <\/strong>para descubrir hacia d\u00f3nde se dirige la nueva ciencia del retinal y la reparaci\u00f3n cut\u00e1nea basada en los ritmos circadianos. M\u00e1s que una ponencia, fue una declaraci\u00f3n de intenciones: el <strong>futuro del <em>skincare<\/em> ya est\u00e1 aqu\u00ed, y <a href=\"https:\/\/www.internationalschoolofderma.com\/dermachannel\/ritmo-circadiano-y-piel-cronodisrupci%C3%B3n\/\">es circadiano<\/a><\/strong>.<\/p>\n\n\n\n<h2 class=\"wp-block-heading\" id=\"h-2-acido-tranexamico-el-activo-estrella-contra-las-manchas\">2. \u00c1cido tranex\u00e1mico: el activo estrella contra las manchas<\/h2>\n\n\n\n<p>Las manchas cuentan historias: horas al sol, cambios hormonales, el paso del tiempo. Pero en dermatolog\u00eda est\u00e9tica, el objetivo es claro: <strong>tratarlas de forma eficaz, segura y cada vez m\u00e1s precisa<\/strong>. En IMCAS Par\u00eds 2026, la <a href=\"https:\/\/www.isdin.com\/es\/blog\/hiperpigmentacion-de-la-piel-que-tienes-que-saber\/\">hiperpigmentaci\u00f3n<\/a> volvi\u00f3 a situarse como una de las grandes prioridades.<\/p>\n\n\n\n<p>Uno de los grandes <a href=\"https:\/\/www.isdin.com\/es\/blog\/ingredientes-antimanchas-rutina\/\">ingredientes antimanchas<\/a> protagonistas fue el <a href=\"isdin.com\/es\/blog\/?s=acido+tranexamico\"><strong>\u00e1cido tranex\u00e1mico<\/strong><\/a>, un activo que contin\u00faa consolid\u00e1ndose como referencia en el abordaje del melasma y otras hiperpigmentaciones.<\/p>\n\n\n\n<h3 class=\"wp-block-heading\" id=\"h-ciencia-que-actua-en-multiples-frentes\">Ciencia que act\u00faa en m\u00faltiples frentes<\/h3>\n\n\n\n<div class=\"wp-block-media-text is-stacked-on-mobile\"><figure class=\"wp-block-media-text__media\"><img loading=\"lazy\" decoding=\"async\" width=\"670\" height=\"754\" src=\"data:image\/gif;base64,R0lGODlhAQABAAAAACH5BAEKAAEALAAAAAABAAEAAAICTAEAOw==\" data-src=\"https:\/\/www.isdin.com\/es\/blog\/wp-content\/uploads\/2025\/02\/2025_02_Manos_IMG09-6-1.png\" alt=\"Retrato del Dr. Christian Palacios en el stand de ISDINCEUTICS en IMCAS 2026, destacando el uso del \u00e1cido tranex\u00e1mico para el tratamiento de manchas e hiperpigmentaci\u00f3n.\" class=\"wp-image-13261 size-full lazyload\" data-sizes=\"auto\" data-srcset=\"https:\/\/www.isdin.com\/es\/blog\/wp-content\/uploads\/2025\/02\/2025_02_Manos_IMG09-6-1.png 670w, https:\/\/www.isdin.com\/es\/blog\/wp-content\/uploads\/2025\/02\/2025_02_Manos_IMG09-6-1-267x300.png 267w, https:\/\/www.isdin.com\/es\/blog\/wp-content\/uploads\/2025\/02\/2025_02_Manos_IMG09-6-1-133x150.png 133w, https:\/\/www.isdin.com\/es\/blog\/wp-content\/uploads\/2025\/02\/2025_02_Manos_IMG09-6-1-450x506.png 450w, https:\/\/www.isdin.com\/es\/blog\/wp-content\/uploads\/2025\/02\/2025_02_Manos_IMG09-6-1-225x253.png 225w, https:\/\/www.isdin.com\/es\/blog\/wp-content\/uploads\/2025\/02\/2025_02_Manos_IMG09-6-1-20x23.png 20w\" sizes=\"auto, (max-width: 670px) 100vw, 670px\" \/><\/figure><div class=\"wp-block-media-text__content\">\n<p>El \u00e1cido tranex\u00e1mico act\u00faa inhibiendo la activaci\u00f3n del plasmin\u00f3geno, lo que reduce la <a href=\"https:\/\/www.isdin.com\/es\/blog\/manchas-solares-por-que-se-producen-y-como-tratarlas\/\">estimulaci\u00f3n de los melanocitos<\/a> y la producci\u00f3n de melanina. Adem\u00e1s, ayuda a bloquear procesos inflamatorios que pueden desencadenar nuevas <a href=\"https:\/\/www.isdin.com\/es\/blog\/manchas-en-la-piel-respondemos-a-tus-preguntas\/\">manchas<\/a>. Combinado con hidroxi\u00e1cidos que favorecen la renovaci\u00f3n celular, permite acelerar la mejora del tono y la luminosidad de la piel.<\/p>\n<\/div><\/div>\n\n\n\n<p><\/p>\n\n\n\n<p>Si algo qued\u00f3 claro en el congreso es que <strong>el futuro de la reducci\u00f3n de manchas pasa por combinar activos de forma estrat\u00e9gica<\/strong>. En este contexto destaca <a href=\"https:\/\/www.isdin.com\/es\/p\/isdinceutics-melaclear\/3371\">Melaclear<\/a>, una f\u00f3rmula que integra \u00e1cido tranex\u00e1mico con <a href=\"https:\/\/www.isdin.com\/es\/blog\/que-es-la-niacinamida-beneficios-usos-en-tu-rutina\/\">niacinamida<\/a> y 4-n-butilresorcinol para ofrecer una triple acci\u00f3n despigmentante. El resultado: soluciones m\u00e1s eficaces y sostenibles que ayudan a conseguir una piel visiblemente m\u00e1s uniforme y luminosa.<\/p>\n\n\n\n<p><\/p>\n\n\n\n<figure class=\"wp-block-image size-large\"><img loading=\"lazy\" decoding=\"async\" width=\"1024\" height=\"527\" src=\"data:image\/gif;base64,R0lGODlhAQABAAAAACH5BAEKAAEALAAAAAABAAEAAAICTAEAOw==\" data-src=\"https:\/\/www.isdin.com\/es\/blog\/wp-content\/uploads\/2025\/02\/2025_01_IMCA_IMG02-1-1-1024x527.png\" alt=\"Envase dorado de ISDINCEUTICS Melaclear con textura del producto visible, f\u00f3rmula con \u00e1cido tranex\u00e1mico, niacinamida y 4-n-butilresorcinol para tratar manchas.\" class=\"wp-image-13260 lazyload\" data-sizes=\"auto\" data-srcset=\"https:\/\/www.isdin.com\/es\/blog\/wp-content\/uploads\/2025\/02\/2025_01_IMCA_IMG02-1-1-1024x527.png 1024w, https:\/\/www.isdin.com\/es\/blog\/wp-content\/uploads\/2025\/02\/2025_01_IMCA_IMG02-1-1-300x155.png 300w, https:\/\/www.isdin.com\/es\/blog\/wp-content\/uploads\/2025\/02\/2025_01_IMCA_IMG02-1-1-150x77.png 150w, https:\/\/www.isdin.com\/es\/blog\/wp-content\/uploads\/2025\/02\/2025_01_IMCA_IMG02-1-1-768x396.png 768w, https:\/\/www.isdin.com\/es\/blog\/wp-content\/uploads\/2025\/02\/2025_01_IMCA_IMG02-1-1-585x300.png 585w, https:\/\/www.isdin.com\/es\/blog\/wp-content\/uploads\/2025\/02\/2025_01_IMCA_IMG02-1-1-450x232.png 450w, https:\/\/www.isdin.com\/es\/blog\/wp-content\/uploads\/2025\/02\/2025_01_IMCA_IMG02-1-1-20x11.png 20w, https:\/\/www.isdin.com\/es\/blog\/wp-content\/uploads\/2025\/02\/2025_01_IMCA_IMG02-1-1-225x116.png 225w, https:\/\/www.isdin.com\/es\/blog\/wp-content\/uploads\/2025\/02\/2025_01_IMCA_IMG02-1-1-900x464.png 900w, https:\/\/www.isdin.com\/es\/blog\/wp-content\/uploads\/2025\/02\/2025_01_IMCA_IMG02-1-1.png 1200w\" sizes=\"auto, (max-width: 1024px) 100vw, 1024px\" \/><\/figure>\n\n\n\n<p><\/p>\n\n\n\n<h2 class=\"wp-block-heading\" id=\"h-3-retinal-eyes-la-revolucion-del-retinal-llega-al-contorno-de-ojos\">3. Retinal Eyes: la revoluci\u00f3n del retinal llega al contorno de ojos<\/h2>\n\n\n\n<figure class=\"wp-block-image size-full\"><img loading=\"lazy\" decoding=\"async\" width=\"1200\" height=\"645\" src=\"data:image\/gif;base64,R0lGODlhAQABAAAAACH5BAEKAAEALAAAAAABAAEAAAICTAEAOw==\" data-src=\"https:\/\/www.isdin.com\/es\/blog\/wp-content\/uploads\/2025\/02\/Frame-1-1.png\" alt=\"Composici\u00f3n visual que combina textura cosm\u00e9tica dorada, rostro femenino iluminado y la Torre Eiffel de noche, simbolizando ciencia circadiana y fotoenvejecimiento en IMCAS 2026.\" class=\"wp-image-13259 lazyload\" data-sizes=\"auto\" data-srcset=\"https:\/\/www.isdin.com\/es\/blog\/wp-content\/uploads\/2025\/02\/Frame-1-1.png 1200w, https:\/\/www.isdin.com\/es\/blog\/wp-content\/uploads\/2025\/02\/Frame-1-1-300x161.png 300w, https:\/\/www.isdin.com\/es\/blog\/wp-content\/uploads\/2025\/02\/Frame-1-1-1024x550.png 1024w, https:\/\/www.isdin.com\/es\/blog\/wp-content\/uploads\/2025\/02\/Frame-1-1-150x81.png 150w, https:\/\/www.isdin.com\/es\/blog\/wp-content\/uploads\/2025\/02\/Frame-1-1-768x413.png 768w, https:\/\/www.isdin.com\/es\/blog\/wp-content\/uploads\/2025\/02\/Frame-1-1-450x242.png 450w, https:\/\/www.isdin.com\/es\/blog\/wp-content\/uploads\/2025\/02\/Frame-1-1-370x200.png 370w, https:\/\/www.isdin.com\/es\/blog\/wp-content\/uploads\/2025\/02\/Frame-1-1-20x11.png 20w, https:\/\/www.isdin.com\/es\/blog\/wp-content\/uploads\/2025\/02\/Frame-1-1-225x121.png 225w, https:\/\/www.isdin.com\/es\/blog\/wp-content\/uploads\/2025\/02\/Frame-1-1-900x484.png 900w\" sizes=\"auto, (max-width: 1200px) 100vw, 1200px\" \/><\/figure>\n\n\n\n<p><\/p>\n\n\n\n<p>Si el <a href=\"https:\/\/www.isdin.com\/es\/blog\/retinal-guia-para-principiantes\/\">retinal<\/a> fue uno de los grandes protagonistas del IMCAS, su evoluci\u00f3n hacia zonas m\u00e1s espec\u00edficas de la piel abri\u00f3 una nueva conversaci\u00f3n: <strong>el <a href=\"https:\/\/www.isdin.com\/es\/blog\/guia-esencial-sobre-contornos-de-ojos\/\">cuidado experto del contorno de ojos<\/a><\/strong>. En 2026, la innovaci\u00f3n se centra en trasladar la potencia de este activo a una de las \u00e1reas m\u00e1s delicadas del rostro, equilibrando eficacia y tolerancia.<\/p>\n\n\n\n<p>Cada vez m\u00e1s dermat\u00f3logos coinciden en que la <a href=\"https:\/\/www.isdin.com\/es\/blog\/como-aplicar-el-contorno-de-ojos\/\">zona periocular<\/a> requiere soluciones dirigidas que act\u00faen sobre arrugas, textura irregular y signos de fatiga sin comprometer la sensibilidad cut\u00e1nea. En este contexto cobra especial relevancia <a href=\"https:\/\/www.isdin.com\/es\/p\/isdinceutics-retinal-eyes-20ml\/4321\"><strong>Retinal Eyes<\/strong><\/a>, un s\u00e9rum bif\u00e1sico con retinaldeh\u00eddo formulado espec\u00edficamente para el contorno de ojos.<\/p>\n\n\n\n<div class=\"wp-block-media-text is-stacked-on-mobile\"><figure class=\"wp-block-media-text__media\"><img loading=\"lazy\" decoding=\"async\" width=\"670\" height=\"754\" src=\"data:image\/gif;base64,R0lGODlhAQABAAAAACH5BAEKAAEALAAAAAABAAEAAAICTAEAOw==\" data-src=\"https:\/\/www.isdin.com\/es\/blog\/wp-content\/uploads\/2025\/02\/2025_02_Manos_IMG09-5-1.png\" alt=\"Tres envases de ISDINCEUTICS Retinal Eyes con dise\u00f1o dorado y negro, s\u00e9rum bif\u00e1sico con retinal para el contorno de ojos presentado en IMCAS 2026.\" class=\"wp-image-13258 size-full lazyload\" data-sizes=\"auto\" data-srcset=\"https:\/\/www.isdin.com\/es\/blog\/wp-content\/uploads\/2025\/02\/2025_02_Manos_IMG09-5-1.png 670w, https:\/\/www.isdin.com\/es\/blog\/wp-content\/uploads\/2025\/02\/2025_02_Manos_IMG09-5-1-267x300.png 267w, https:\/\/www.isdin.com\/es\/blog\/wp-content\/uploads\/2025\/02\/2025_02_Manos_IMG09-5-1-133x150.png 133w, https:\/\/www.isdin.com\/es\/blog\/wp-content\/uploads\/2025\/02\/2025_02_Manos_IMG09-5-1-450x506.png 450w, https:\/\/www.isdin.com\/es\/blog\/wp-content\/uploads\/2025\/02\/2025_02_Manos_IMG09-5-1-225x253.png 225w, https:\/\/www.isdin.com\/es\/blog\/wp-content\/uploads\/2025\/02\/2025_02_Manos_IMG09-5-1-20x23.png 20w\" sizes=\"auto, (max-width: 670px) 100vw, 670px\" \/><\/figure><div class=\"wp-block-media-text__content\">\n<p>Su combinaci\u00f3n de retinal, <a href=\"https:\/\/www.isdin.com\/es\/blog\/que-es-el-bakuchiol-y-sus-beneficios\/\">bakuchiol<\/a>, melatonina y niacinamida act\u00faa sobre los principales signos del envejecimiento como arrugas, bolsas y ojeras, p\u00e9rdida de firmeza, falta de luminosidad y fatiga, mientras su tecnolog\u00eda bif\u00e1sica preserva la estabilidad del retinal hasta el momento de la aplicaci\u00f3n.<\/p>\n<\/div><\/div>\n\n\n\n<p>\u201cY as\u00ed, paso a paso, el cuidado del contorno de ojos pasa a ser un pilar esencial de las rutinas m\u00e1s avanzadas. Porque cuando la ciencia y la innovaci\u00f3n se enfocan en los detalles, la piel lo refleja: una mirada m\u00e1s luminosa, descansada y visiblemente rejuvenecida\u201d, nos cuenta Berta Ochoa, Global Brand Manager de ISDINCEUTICS.<\/p>\n\n\n\n<h2 class=\"wp-block-heading\">4. Rutinas inteligentes: retinal por la noche, fotoprotecci\u00f3n antiedad por el d\u00eda<\/h2>\n\n\n\n<p>Si Berta tuviera que resumir el esp\u00edritu del IMCAS en una idea, lo dir\u00eda as\u00ed: <strong>cada piel necesita un enfoque espec\u00edfico<\/strong>. Y precisamente ah\u00ed nace una de las conversaciones m\u00e1s interesantes del d\u00eda: c\u00f3mo personalizar la renovaci\u00f3n cut\u00e1nea sin olvidar la <a href=\"https:\/\/www.isdin.com\/es\/blog\/por-que-debes-protegerte-del-sol\/\">protecci\u00f3n diaria<\/a>.<\/p>\n\n\n\n<div class=\"wp-block-media-text is-stacked-on-mobile\"><figure class=\"wp-block-media-text__media\"><img loading=\"lazy\" decoding=\"async\" width=\"670\" height=\"754\" src=\"data:image\/gif;base64,R0lGODlhAQABAAAAACH5BAEKAAEALAAAAAABAAEAAAICTAEAOw==\" data-src=\"https:\/\/www.isdin.com\/es\/blog\/wp-content\/uploads\/2025\/02\/2025_02_Manos_IMG09-7-1.png\" alt=\"S\u00e9rums ISDINCEUTICS Retinal Intense y Retinal Smooth en envases dorados, opciones de renovaci\u00f3n nocturna adaptadas a diferentes necesidades de la piel.\" class=\"wp-image-13257 size-full lazyload\" data-sizes=\"auto\" data-srcset=\"https:\/\/www.isdin.com\/es\/blog\/wp-content\/uploads\/2025\/02\/2025_02_Manos_IMG09-7-1.png 670w, https:\/\/www.isdin.com\/es\/blog\/wp-content\/uploads\/2025\/02\/2025_02_Manos_IMG09-7-1-267x300.png 267w, https:\/\/www.isdin.com\/es\/blog\/wp-content\/uploads\/2025\/02\/2025_02_Manos_IMG09-7-1-133x150.png 133w, https:\/\/www.isdin.com\/es\/blog\/wp-content\/uploads\/2025\/02\/2025_02_Manos_IMG09-7-1-450x506.png 450w, https:\/\/www.isdin.com\/es\/blog\/wp-content\/uploads\/2025\/02\/2025_02_Manos_IMG09-7-1-225x253.png 225w, https:\/\/www.isdin.com\/es\/blog\/wp-content\/uploads\/2025\/02\/2025_02_Manos_IMG09-7-1-20x23.png 20w\" sizes=\"auto, (max-width: 670px) 100vw, 670px\" \/><\/figure><div class=\"wp-block-media-text__content\">\n<p>No todas las pieles viven el retinal de la misma manera. Por eso, hoy existen<strong> <a href=\"https:\/\/www.isdin.com\/es\/blog\/diferencias-retinal-smooth-o-retinal-intense\/\">dos caminos<\/a>:<\/strong> f\u00f3rmulas como <a href=\"https:\/\/www.isdin.com\/es\/p\/retinal-smooth\/4565\">Retinal Smooth<\/a>, pensadas para quienes buscan iniciarse en la renovaci\u00f3n con suavidad, y opciones m\u00e1s potentes como <a href=\"https:\/\/www.isdin.com\/es\/p\/isdinceutics-retinal-intense\/4140\">Retinal Intense<\/a>, dise\u00f1adas para pieles maduras que quieren ir un paso m\u00e1s all\u00e1.<\/p>\n<\/div><\/div>\n\n\n\n<div class=\"wp-block-media-text has-media-on-the-right is-stacked-on-mobile\"><div class=\"wp-block-media-text__content\">\n<p>El verdadero secreto est\u00e1 en el equilibrio:<strong> renovar la piel por la noche y protegerla cada ma\u00f1ana<\/strong>. Usar adem\u00e1s, un <a href=\"https:\/\/www.isdin.com\/es\/p\/fusion-water-magic-repair-spf-50\/4345\">fotoprotector antiaging<\/a> no solo mantiene los beneficios del retinal, sino que ayuda a prevenir el envejecimiento prematuro. Esta combinaci\u00f3n sencilla \u2014renovaci\u00f3n nocturna y protecci\u00f3n diaria\u2014 es la base de las <a href=\"https:\/\/www.isdin.com\/es\/blog\/en-que-orden-se-aplican-las-cremas\/\">rutinas de skincare actuales<\/a>: m\u00e1s inteligentes, m\u00e1s personalizadas y adaptadas a lo que cada piel necesita.<\/p>\n<\/div><figure class=\"wp-block-media-text__media\"><img loading=\"lazy\" decoding=\"async\" width=\"2400\" height=\"2400\" src=\"data:image\/gif;base64,R0lGODlhAQABAAAAACH5BAEKAAEALAAAAAABAAEAAAICTAEAOw==\" data-src=\"https:\/\/www.isdin.com\/es\/blog\/wp-content\/uploads\/2025\/02\/ES_4345_TH_FPFWMAGICREPAIRSPF5050ML_BENEFITS_2-1.jpg\" alt=\"Fotoprotector ISDIN Fusion Water MAGIC REPAIR SPF 50 con indicaci\u00f3n de alta protecci\u00f3n UVB\/UVA y luz azul, f\u00f3rmula antiedad e hidratante para prevenir el fotoenvejecimiento.\" class=\"wp-image-13256 size-full lazyload\"\/><\/figure><\/div>\n\n\n\n<h2 class=\"wp-block-heading\">5. <em>Photoaging<\/em>: la prevenci\u00f3n como la \u00faltima gran tendencia<\/h2>\n\n\n\n<figure class=\"wp-block-image size-full\"><img loading=\"lazy\" decoding=\"async\" width=\"633\" height=\"348\" src=\"data:image\/gif;base64,R0lGODlhAQABAAAAACH5BAEKAAEALAAAAAABAAEAAAICTAEAOw==\" data-src=\"https:\/\/www.isdin.com\/es\/blog\/wp-content\/uploads\/2025\/02\/Gif-Daily-Use-FWM-Glow-1-1.gif\" alt=\"Mujer aplicando producto facial con gesto suave sobre la piel, representando rutinas inteligentes de cuidado diario y renovaci\u00f3n nocturna.\" class=\"wp-image-13255 lazyload\"\/><\/figure>\n\n\n\n<p><\/p>\n\n\n\n<p>La \u00faltima gran idea que sobrevol\u00f3 el IMCAS no fue un ingrediente concreto, sino un cambio de mentalidad: <strong>poner la prevenci\u00f3n en el centro del cuidado de la piel<\/strong>. Todo converge en un concepto que cada vez suena con m\u00e1s fuerza: el <em>photoaging<\/em>.<\/p>\n\n\n\n<p>Chiyoung Kang Park, Medical Marketing Specialist, lo resume as\u00ed: \u2018\u2019El <em>photoaging<\/em> es el envejecimiento prematuro de la piel causado por la exposici\u00f3n prolongada a la radiaci\u00f3n ultravioleta y la luz azul. A diferencia del envejecimiento natural, este proceso se acelera debido a factores externos, provocando arrugas, manchas, p\u00e9rdida de elasticidad y, en los casos m\u00e1s graves, da\u00f1o celular que puede derivar en patolog\u00edas m\u00e1s serias\u201d.<\/p>\n\n\n\n<p>La buena noticia es que <strong>gran parte de este proceso se puede prevenir<\/strong>, y ah\u00ed es donde los h\u00e1bitos diarios marcan la diferencia.<\/p>\n\n\n\n<h3 class=\"wp-block-heading\">Las claves de los expertos para combatirlo<\/h3>\n\n\n\n<p>Para Chiyoung, el mensaje es claro: prevenir el da\u00f1o de la radiaci\u00f3n solar no deber\u00eda ser solo una tendencia, sino <strong>un compromiso diario con la salud de la piel<\/strong>. Protegerla cada ma\u00f1ana con <a href=\"https:\/\/www.isdin.com\/es\/blog\/fotoprotectores-solares-para-la-cara-isdin\/\">fotoprotecci\u00f3n<\/a>, nutrirla desde dentro con <a href=\"https:\/\/www.isdin.com\/es\/blog\/alimentos-antioxidantes-piel-luminosa\/\">antioxidantes<\/a>, <a href=\"https:\/\/www.isdin.com\/es\/blog\/efectos-dormir-poco-piel-como-minimizarlos\/\">descansar bien<\/a>, mantener una <a href=\"https:\/\/www.isdin.com\/es\/blog\/perdida-de-agua-transepidermica-que-es\/\">hidrataci\u00f3n<\/a> adecuada y ser constantes con la rutina son gestos sencillos que, sumados, marcan una gran diferencia a largo plazo. M\u00e1s que una lista de consejos, es una filosof\u00eda de cuidado: <a href=\"https:\/\/www.isdin.com\/es\/blog\/de-meta-a-habito-la-clave-para-el-exito\/\">peque\u00f1os h\u00e1bitos diarios<\/a> que construyen una piel m\u00e1s fuerte, luminosa y preparada para el futuro.<\/p>\n\n\n\n<p>Si algo est\u00e1 claro, es que <strong>el mejor tratamiento <em>antiaging<\/em> es la prevenci\u00f3n\u201d<\/strong>, recalca Chiyoung.<\/p>\n\n\n\n<blockquote class=\"wp-block-quote is-layout-flow wp-block-quote-is-layout-flow\">\n<p>\u2018\u2019El mejor tratamiento <em>antiaging<\/em> es la prevenci\u00f3n\u2019\u2019. <\/p>\n<cite>Chiyoung Kang Park, Scientific Communication Specialist.<\/cite><\/blockquote>\n\n\n\n<h2 class=\"wp-block-heading\">Nos despedimos con la mirada puesta en el futuro<\/h2>\n\n\n\n<figure class=\"wp-block-image size-full\"><img loading=\"lazy\" decoding=\"async\" width=\"1200\" height=\"618\" src=\"data:image\/gif;base64,R0lGODlhAQABAAAAACH5BAEKAAEALAAAAAABAAEAAAICTAEAOw==\" data-src=\"https:\/\/www.isdin.com\/es\/blog\/wp-content\/uploads\/2025\/02\/2025_01_IMCA_IMG10-1.png\" alt=\"Exposici\u00f3n nocturna de productos ISDINCEUTICS con iluminaci\u00f3n elegante frente a una ventana con vistas a Par\u00eds, durante IMCAS 2026.\" class=\"wp-image-13254 lazyload\" data-sizes=\"auto\" data-srcset=\"https:\/\/www.isdin.com\/es\/blog\/wp-content\/uploads\/2025\/02\/2025_01_IMCA_IMG10-1.png 1200w, https:\/\/www.isdin.com\/es\/blog\/wp-content\/uploads\/2025\/02\/2025_01_IMCA_IMG10-1-300x155.png 300w, https:\/\/www.isdin.com\/es\/blog\/wp-content\/uploads\/2025\/02\/2025_01_IMCA_IMG10-1-1024x527.png 1024w, https:\/\/www.isdin.com\/es\/blog\/wp-content\/uploads\/2025\/02\/2025_01_IMCA_IMG10-1-150x77.png 150w, https:\/\/www.isdin.com\/es\/blog\/wp-content\/uploads\/2025\/02\/2025_01_IMCA_IMG10-1-768x396.png 768w, https:\/\/www.isdin.com\/es\/blog\/wp-content\/uploads\/2025\/02\/2025_01_IMCA_IMG10-1-585x300.png 585w, https:\/\/www.isdin.com\/es\/blog\/wp-content\/uploads\/2025\/02\/2025_01_IMCA_IMG10-1-450x232.png 450w, https:\/\/www.isdin.com\/es\/blog\/wp-content\/uploads\/2025\/02\/2025_01_IMCA_IMG10-1-20x11.png 20w, https:\/\/www.isdin.com\/es\/blog\/wp-content\/uploads\/2025\/02\/2025_01_IMCA_IMG10-1-225x116.png 225w, https:\/\/www.isdin.com\/es\/blog\/wp-content\/uploads\/2025\/02\/2025_01_IMCA_IMG10-1-900x464.png 900w\" sizes=\"auto, (max-width: 1200px) 100vw, 1200px\" \/><\/figure>\n\n\n\n<p><\/p>\n\n\n\n<p>As\u00ed nos despedimos de este viaje por IMCAS Par\u00eds y por las tendencias que ya est\u00e1n transformando la forma en que cuidamos nuestra piel. Desde la revoluci\u00f3n del retinal hasta la fuerza de la prevenci\u00f3n y la fotoprotecci\u00f3n, todo apunta a un mismo lugar: <strong>un <em>skincare<\/em> m\u00e1s inteligente, m\u00e1s consciente y dise\u00f1ado para acompa\u00f1ar a cada piel en su propia historia<\/strong>.<\/p>\n\n\n\n<p>Con esta energ\u00eda cerramos este cap\u00edtulo: seguimos investigando, aprendiendo y creando para que cada d\u00eda sea una nueva oportunidad de cuidar tu piel. Porque en <a href=\"https:\/\/www.isdin.com\/es\">ISDIN<\/a> creemos que <strong>una piel sana es una piel que se vive<\/strong>.<\/p>\n\n\n\n<p style=\"font-size:9px\"><strong>Referencias:<\/strong><\/p>\n\n\n\n<p style=\"font-size:8px\">*Close-Up, Bar\u00f3metro Dermocosm\u00e9tica Espa\u00f1a, Categor\u00eda Protecci\u00f3n Solar Adultos, MAT 09\/2024<\/p>\n\n\n\n<p><\/p>\n","protected":false},"excerpt":{"rendered":"<p>Mientras la ciudad despierta, nosotros comenzamos el d\u00eda con la Dra. Natalia Jim\u00e9nez, experta en dermatolog\u00eda cl\u00ednica y est\u00e9tica, y el equipo de ISDINCEUTICS, listos para adentrarnos en el coraz\u00f3n del IMCAS, uno de los congresos m\u00e1s prestigiosos del mundo en dermatolog\u00eda, medicina est\u00e9tica y cirug\u00eda pl\u00e1stica.<\/p>\n","protected":false},"author":69,"featured_media":13266,"comment_status":"closed","ping_status":"closed","sticky":false,"template":"","format":"image","meta":{"footnotes":""},"categories":[103,1,65,64],"tags":[123,488,303],"class_list":["post-11690","post","type-post","status-publish","format-image","has-post-thumbnail","hentry","category-belleza","category-consejos-cuidados","category-expertos","category-productos-innovacion-isdin","tag-cuidado-piel","tag-imcas","tag-isdinceutics","post_format-post-format-image"],"yoast_head":"<!-- This site is optimized with the Yoast SEO Premium plugin v25.4 (Yoast SEO v25.4) - https:\/\/yoast.com\/wordpress\/plugins\/seo\/ -->\n<title>IMCAS Par\u00eds 2026: las 5 tendencias de skincare que marcar\u00e1n el futuro de la piel - ISDIN<\/title>\n<meta name=\"description\" content=\"Revive el congreso IMCAS Par\u00eds 2026 con nosotros y descubre las tendencias de skincare que revolucionar\u00e1n el skicanre.\" \/>\n<meta name=\"robots\" content=\"index, follow, max-snippet:-1, max-image-preview:large, max-video-preview:-1\" \/>\n<link rel=\"canonical\" href=\"https:\/\/www.isdin.com\/es\/blog\/imcas-paris-tendencias-skincare-mundo-beauty\/\" \/>\n<meta property=\"og:locale\" content=\"es_ES\" \/>\n<meta property=\"og:type\" content=\"article\" \/>\n<meta property=\"og:title\" content=\"IMCAS Par\u00eds 2026: las 5 tendencias de skincare que marcar\u00e1n el futuro de la piel\" \/>\n<meta property=\"og:description\" content=\"Revive el congreso IMCAS Par\u00eds 2026 con nosotros y descubre las tendencias de skincare que revolucionar\u00e1n el skicanre.\" \/>\n<meta property=\"og:url\" content=\"https:\/\/www.isdin.com\/es\/blog\/imcas-paris-tendencias-skincare-mundo-beauty\/\" \/>\n<meta property=\"og:site_name\" content=\"ISDIN\" \/>\n<meta property=\"article:publisher\" content=\"https:\/\/es-es.facebook.com\/ISDIN.official\/\" \/>\n<meta property=\"article:published_time\" content=\"2026-02-17T17:45:47+00:00\" \/>\n<meta property=\"article:modified_time\" content=\"2026-02-17T17:46:18+00:00\" \/>\n<meta property=\"og:image\" content=\"https:\/\/www.isdin.com\/es\/blog\/wp-content\/uploads\/2025\/02\/2025_01_IMCA_IMG01-1.png\" \/>\n\t<meta property=\"og:image:width\" content=\"1200\" \/>\n\t<meta property=\"og:image:height\" content=\"760\" \/>\n\t<meta property=\"og:image:type\" content=\"image\/png\" \/>\n<meta name=\"author\" content=\"Belinda Mart\u00ednez\" \/>\n<meta name=\"twitter:card\" content=\"summary_large_image\" \/>\n<meta name=\"twitter:creator\" content=\"@isdin_official\" \/>\n<meta name=\"twitter:site\" content=\"@isdin_official\" \/>\n<meta name=\"twitter:label1\" content=\"Written by\" \/>\n\t<meta name=\"twitter:data1\" content=\"Belinda Mart\u00ednez\" \/>\n\t<meta name=\"twitter:label2\" content=\"Est. reading time\" \/>\n\t<meta name=\"twitter:data2\" content=\"11 minutes\" \/>\n<script type=\"application\/ld+json\" class=\"yoast-schema-graph\">{\"@context\":\"https:\/\/schema.org\",\"@graph\":[{\"@type\":\"Article\",\"@id\":\"https:\/\/www.isdin.com\/es\/blog\/imcas-paris-tendencias-skincare-mundo-beauty\/#article\",\"isPartOf\":{\"@id\":\"https:\/\/www.isdin.com\/es\/blog\/imcas-paris-tendencias-skincare-mundo-beauty\/\"},\"author\":{\"name\":\"Belinda Mart\u00ednez\",\"@id\":\"https:\/\/www.isdin.com\/es\/blog\/#\/schema\/person\/684015d7d9e78124cb4aa660f6fe8576\"},\"headline\":\"IMCAS Par\u00eds 2026: las 5 tendencias de skincare que marcar\u00e1n el futuro de la piel\",\"datePublished\":\"2026-02-17T17:45:47+00:00\",\"dateModified\":\"2026-02-17T17:46:18+00:00\",\"mainEntityOfPage\":{\"@id\":\"https:\/\/www.isdin.com\/es\/blog\/imcas-paris-tendencias-skincare-mundo-beauty\/\"},\"wordCount\":1895,\"publisher\":{\"@id\":\"https:\/\/www.isdin.com\/es\/blog\/#organization\"},\"image\":{\"@id\":\"https:\/\/www.isdin.com\/es\/blog\/imcas-paris-tendencias-skincare-mundo-beauty\/#primaryimage\"},\"thumbnailUrl\":\"https:\/\/www.isdin.com\/es\/blog\/wp-content\/uploads\/2025\/02\/2025_01_IMCA_IMG01-1.png\",\"keywords\":[\"cuidado piel\",\"imcas\",\"isdinceutics\"],\"articleSection\":[\"Belleza\",\"Consejos y cuidados\",\"Expertos\",\"Productos e innovaci\u00f3n\"],\"inLanguage\":\"es-ES\"},{\"@type\":\"WebPage\",\"@id\":\"https:\/\/www.isdin.com\/es\/blog\/imcas-paris-tendencias-skincare-mundo-beauty\/\",\"url\":\"https:\/\/www.isdin.com\/es\/blog\/imcas-paris-tendencias-skincare-mundo-beauty\/\",\"name\":\"IMCAS Par\u00eds 2026: las 5 tendencias de skincare que marcar\u00e1n el futuro de la piel - ISDIN\",\"isPartOf\":{\"@id\":\"https:\/\/www.isdin.com\/es\/blog\/#website\"},\"primaryImageOfPage\":{\"@id\":\"https:\/\/www.isdin.com\/es\/blog\/imcas-paris-tendencias-skincare-mundo-beauty\/#primaryimage\"},\"image\":{\"@id\":\"https:\/\/www.isdin.com\/es\/blog\/imcas-paris-tendencias-skincare-mundo-beauty\/#primaryimage\"},\"thumbnailUrl\":\"https:\/\/www.isdin.com\/es\/blog\/wp-content\/uploads\/2025\/02\/2025_01_IMCA_IMG01-1.png\",\"datePublished\":\"2026-02-17T17:45:47+00:00\",\"dateModified\":\"2026-02-17T17:46:18+00:00\",\"description\":\"Revive el congreso IMCAS Par\u00eds 2026 con nosotros y descubre las tendencias de skincare que revolucionar\u00e1n el skicanre.\",\"breadcrumb\":{\"@id\":\"https:\/\/www.isdin.com\/es\/blog\/imcas-paris-tendencias-skincare-mundo-beauty\/#breadcrumb\"},\"inLanguage\":\"es-ES\",\"potentialAction\":[{\"@type\":\"ReadAction\",\"target\":[\"https:\/\/www.isdin.com\/es\/blog\/imcas-paris-tendencias-skincare-mundo-beauty\/\"]}]},{\"@type\":\"ImageObject\",\"inLanguage\":\"es-ES\",\"@id\":\"https:\/\/www.isdin.com\/es\/blog\/imcas-paris-tendencias-skincare-mundo-beauty\/#primaryimage\",\"url\":\"https:\/\/www.isdin.com\/es\/blog\/wp-content\/uploads\/2025\/02\/2025_01_IMCA_IMG01-1.png\",\"contentUrl\":\"https:\/\/www.isdin.com\/es\/blog\/wp-content\/uploads\/2025\/02\/2025_01_IMCA_IMG01-1.png\",\"width\":1200,\"height\":760,\"caption\":\"Kick - IS BALENE CASA ISDIN\"},{\"@type\":\"BreadcrumbList\",\"@id\":\"https:\/\/www.isdin.com\/es\/blog\/imcas-paris-tendencias-skincare-mundo-beauty\/#breadcrumb\",\"itemListElement\":[{\"@type\":\"ListItem\",\"position\":1,\"name\":\"Portada\",\"item\":\"https:\/\/www.isdin.com\/es\/blog\/\"},{\"@type\":\"ListItem\",\"position\":2,\"name\":\"IMCAS Par\u00eds 2026: las 5 tendencias de skincare que marcar\u00e1n el futuro de la piel\"}]},{\"@type\":\"WebSite\",\"@id\":\"https:\/\/www.isdin.com\/es\/blog\/#website\",\"url\":\"https:\/\/www.isdin.com\/es\/blog\/\",\"name\":\"ISDIN\",\"description\":\"Novedades, lanzamientos de productos y toda la experiencia de ISDIN\",\"publisher\":{\"@id\":\"https:\/\/www.isdin.com\/es\/blog\/#organization\"},\"potentialAction\":[{\"@type\":\"SearchAction\",\"target\":{\"@type\":\"EntryPoint\",\"urlTemplate\":\"https:\/\/www.isdin.com\/es\/blog\/?s={search_term_string}\"},\"query-input\":{\"@type\":\"PropertyValueSpecification\",\"valueRequired\":true,\"valueName\":\"search_term_string\"}}],\"inLanguage\":\"es-ES\"},{\"@type\":\"Organization\",\"@id\":\"https:\/\/www.isdin.com\/es\/blog\/#organization\",\"name\":\"ISDIN\",\"alternateName\":\"ISDIN\",\"url\":\"https:\/\/www.isdin.com\/es\/blog\/\",\"logo\":{\"@type\":\"ImageObject\",\"inLanguage\":\"es-ES\",\"@id\":\"https:\/\/www.isdin.com\/es\/blog\/#\/schema\/logo\/image\/\",\"url\":\"https:\/\/www.isdin.com\/es\/blog\/wp-content\/uploads\/2024\/05\/2025_03_GuiaFoto_FWM.png\",\"contentUrl\":\"https:\/\/www.isdin.com\/es\/blog\/wp-content\/uploads\/2024\/05\/2025_03_GuiaFoto_FWM.png\",\"width\":670,\"height\":683,\"caption\":\"ISDIN\"},\"image\":{\"@id\":\"https:\/\/www.isdin.com\/es\/blog\/#\/schema\/logo\/image\/\"},\"sameAs\":[\"https:\/\/es-es.facebook.com\/ISDIN.official\/\",\"https:\/\/x.com\/isdin_official\",\"https:\/\/www.instagram.com\/isdinofficial\",\"https:\/\/www.youtube.com\/channel\/UCtoNJMKpDwdFLqgV23_lcqg\"],\"telephone\":\"659997812\"},{\"@type\":\"Person\",\"@id\":\"https:\/\/www.isdin.com\/es\/blog\/#\/schema\/person\/684015d7d9e78124cb4aa660f6fe8576\",\"name\":\"Belinda Mart\u00ednez\",\"image\":{\"@type\":\"ImageObject\",\"inLanguage\":\"es-ES\",\"@id\":\"https:\/\/www.isdin.com\/es\/blog\/#\/schema\/person\/image\/\",\"url\":\"https:\/\/www.isdin.com\/es\/blog\/wp-content\/uploads\/2017\/07\/jjjj.jpg\",\"contentUrl\":\"https:\/\/www.isdin.com\/es\/blog\/wp-content\/uploads\/2017\/07\/jjjj.jpg\",\"caption\":\"Belinda Mart\u00ednez\"},\"description\":\"Belinda es periodista y copywriter creativa. Tras a\u00f1os de experiencia, decidi\u00f3 fusionar sus habilidades de escritura con su amor por el skincare, convirti\u00e9ndose en una especialista en la materia. \u00bfSu imprescindible? Un buen b\u00e1lsamo de labios.\",\"sameAs\":[\"https:\/\/www.linkedin.com\/in\/thisisbel\/\"],\"url\":\"https:\/\/www.isdin.com\/es\/blog\/author\/belindamartinez\/\"}]}<\/script>\n<!-- \/ Yoast SEO Premium plugin. -->","yoast_head_json":{"title":"IMCAS Par\u00eds 2026: las 5 tendencias de skincare que marcar\u00e1n el futuro de la piel - ISDIN","description":"Revive el congreso IMCAS Par\u00eds 2026 con nosotros y descubre las tendencias de skincare que revolucionar\u00e1n el skicanre.","robots":{"index":"index","follow":"follow","max-snippet":"max-snippet:-1","max-image-preview":"max-image-preview:large","max-video-preview":"max-video-preview:-1"},"canonical":"https:\/\/www.isdin.com\/es\/blog\/imcas-paris-tendencias-skincare-mundo-beauty\/","og_locale":"es_ES","og_type":"article","og_title":"IMCAS Par\u00eds 2026: las 5 tendencias de skincare que marcar\u00e1n el futuro de la piel","og_description":"Revive el congreso IMCAS Par\u00eds 2026 con nosotros y descubre las tendencias de skincare que revolucionar\u00e1n el skicanre.","og_url":"https:\/\/www.isdin.com\/es\/blog\/imcas-paris-tendencias-skincare-mundo-beauty\/","og_site_name":"ISDIN","article_publisher":"https:\/\/es-es.facebook.com\/ISDIN.official\/","article_published_time":"2026-02-17T17:45:47+00:00","article_modified_time":"2026-02-17T17:46:18+00:00","og_image":[{"width":1200,"height":760,"url":"https:\/\/www.isdin.com\/es\/blog\/wp-content\/uploads\/2025\/02\/2025_01_IMCA_IMG01-1.png","type":"image\/png"}],"author":"Belinda Mart\u00ednez","twitter_card":"summary_large_image","twitter_creator":"@isdin_official","twitter_site":"@isdin_official","twitter_misc":{"Written by":"Belinda Mart\u00ednez","Est. reading time":"11 minutes"},"schema":{"@context":"https:\/\/schema.org","@graph":[{"@type":"Article","@id":"https:\/\/www.isdin.com\/es\/blog\/imcas-paris-tendencias-skincare-mundo-beauty\/#article","isPartOf":{"@id":"https:\/\/www.isdin.com\/es\/blog\/imcas-paris-tendencias-skincare-mundo-beauty\/"},"author":{"name":"Belinda Mart\u00ednez","@id":"https:\/\/www.isdin.com\/es\/blog\/#\/schema\/person\/684015d7d9e78124cb4aa660f6fe8576"},"headline":"IMCAS Par\u00eds 2026: las 5 tendencias de skincare que marcar\u00e1n el futuro de la piel","datePublished":"2026-02-17T17:45:47+00:00","dateModified":"2026-02-17T17:46:18+00:00","mainEntityOfPage":{"@id":"https:\/\/www.isdin.com\/es\/blog\/imcas-paris-tendencias-skincare-mundo-beauty\/"},"wordCount":1895,"publisher":{"@id":"https:\/\/www.isdin.com\/es\/blog\/#organization"},"image":{"@id":"https:\/\/www.isdin.com\/es\/blog\/imcas-paris-tendencias-skincare-mundo-beauty\/#primaryimage"},"thumbnailUrl":"https:\/\/www.isdin.com\/es\/blog\/wp-content\/uploads\/2025\/02\/2025_01_IMCA_IMG01-1.png","keywords":["cuidado piel","imcas","isdinceutics"],"articleSection":["Belleza","Consejos y cuidados","Expertos","Productos e innovaci\u00f3n"],"inLanguage":"es-ES"},{"@type":"WebPage","@id":"https:\/\/www.isdin.com\/es\/blog\/imcas-paris-tendencias-skincare-mundo-beauty\/","url":"https:\/\/www.isdin.com\/es\/blog\/imcas-paris-tendencias-skincare-mundo-beauty\/","name":"IMCAS Par\u00eds 2026: las 5 tendencias de skincare que marcar\u00e1n el futuro de la piel - ISDIN","isPartOf":{"@id":"https:\/\/www.isdin.com\/es\/blog\/#website"},"primaryImageOfPage":{"@id":"https:\/\/www.isdin.com\/es\/blog\/imcas-paris-tendencias-skincare-mundo-beauty\/#primaryimage"},"image":{"@id":"https:\/\/www.isdin.com\/es\/blog\/imcas-paris-tendencias-skincare-mundo-beauty\/#primaryimage"},"thumbnailUrl":"https:\/\/www.isdin.com\/es\/blog\/wp-content\/uploads\/2025\/02\/2025_01_IMCA_IMG01-1.png","datePublished":"2026-02-17T17:45:47+00:00","dateModified":"2026-02-17T17:46:18+00:00","description":"Revive el congreso IMCAS Par\u00eds 2026 con nosotros y descubre las tendencias de skincare que revolucionar\u00e1n el skicanre.","breadcrumb":{"@id":"https:\/\/www.isdin.com\/es\/blog\/imcas-paris-tendencias-skincare-mundo-beauty\/#breadcrumb"},"inLanguage":"es-ES","potentialAction":[{"@type":"ReadAction","target":["https:\/\/www.isdin.com\/es\/blog\/imcas-paris-tendencias-skincare-mundo-beauty\/"]}]},{"@type":"ImageObject","inLanguage":"es-ES","@id":"https:\/\/www.isdin.com\/es\/blog\/imcas-paris-tendencias-skincare-mundo-beauty\/#primaryimage","url":"https:\/\/www.isdin.com\/es\/blog\/wp-content\/uploads\/2025\/02\/2025_01_IMCA_IMG01-1.png","contentUrl":"https:\/\/www.isdin.com\/es\/blog\/wp-content\/uploads\/2025\/02\/2025_01_IMCA_IMG01-1.png","width":1200,"height":760,"caption":"Kick - IS BALENE CASA ISDIN"},{"@type":"BreadcrumbList","@id":"https:\/\/www.isdin.com\/es\/blog\/imcas-paris-tendencias-skincare-mundo-beauty\/#breadcrumb","itemListElement":[{"@type":"ListItem","position":1,"name":"Portada","item":"https:\/\/www.isdin.com\/es\/blog\/"},{"@type":"ListItem","position":2,"name":"IMCAS Par\u00eds 2026: las 5 tendencias de skincare que marcar\u00e1n el futuro de la piel"}]},{"@type":"WebSite","@id":"https:\/\/www.isdin.com\/es\/blog\/#website","url":"https:\/\/www.isdin.com\/es\/blog\/","name":"ISDIN","description":"Novedades, lanzamientos de productos y toda la experiencia de ISDIN","publisher":{"@id":"https:\/\/www.isdin.com\/es\/blog\/#organization"},"potentialAction":[{"@type":"SearchAction","target":{"@type":"EntryPoint","urlTemplate":"https:\/\/www.isdin.com\/es\/blog\/?s={search_term_string}"},"query-input":{"@type":"PropertyValueSpecification","valueRequired":true,"valueName":"search_term_string"}}],"inLanguage":"es-ES"},{"@type":"Organization","@id":"https:\/\/www.isdin.com\/es\/blog\/#organization","name":"ISDIN","alternateName":"ISDIN","url":"https:\/\/www.isdin.com\/es\/blog\/","logo":{"@type":"ImageObject","inLanguage":"es-ES","@id":"https:\/\/www.isdin.com\/es\/blog\/#\/schema\/logo\/image\/","url":"https:\/\/www.isdin.com\/es\/blog\/wp-content\/uploads\/2024\/05\/2025_03_GuiaFoto_FWM.png","contentUrl":"https:\/\/www.isdin.com\/es\/blog\/wp-content\/uploads\/2024\/05\/2025_03_GuiaFoto_FWM.png","width":670,"height":683,"caption":"ISDIN"},"image":{"@id":"https:\/\/www.isdin.com\/es\/blog\/#\/schema\/logo\/image\/"},"sameAs":["https:\/\/es-es.facebook.com\/ISDIN.official\/","https:\/\/x.com\/isdin_official","https:\/\/www.instagram.com\/isdinofficial","https:\/\/www.youtube.com\/channel\/UCtoNJMKpDwdFLqgV23_lcqg"],"telephone":"659997812"},{"@type":"Person","@id":"https:\/\/www.isdin.com\/es\/blog\/#\/schema\/person\/684015d7d9e78124cb4aa660f6fe8576","name":"Belinda Mart\u00ednez","image":{"@type":"ImageObject","inLanguage":"es-ES","@id":"https:\/\/www.isdin.com\/es\/blog\/#\/schema\/person\/image\/","url":"https:\/\/www.isdin.com\/es\/blog\/wp-content\/uploads\/2017\/07\/jjjj.jpg","contentUrl":"https:\/\/www.isdin.com\/es\/blog\/wp-content\/uploads\/2017\/07\/jjjj.jpg","caption":"Belinda Mart\u00ednez"},"description":"Belinda es periodista y copywriter creativa. Tras a\u00f1os de experiencia, decidi\u00f3 fusionar sus habilidades de escritura con su amor por el skincare, convirti\u00e9ndose en una especialista en la materia. \u00bfSu imprescindible? Un buen b\u00e1lsamo de labios.","sameAs":["https:\/\/www.linkedin.com\/in\/thisisbel\/"],"url":"https:\/\/www.isdin.com\/es\/blog\/author\/belindamartinez\/"}]}},"_links":{"self":[{"href":"https:\/\/www.isdin.com\/es\/blog\/wp-json\/wp\/v2\/posts\/11690","targetHints":{"allow":["GET"]}}],"collection":[{"href":"https:\/\/www.isdin.com\/es\/blog\/wp-json\/wp\/v2\/posts"}],"about":[{"href":"https:\/\/www.isdin.com\/es\/blog\/wp-json\/wp\/v2\/types\/post"}],"author":[{"embeddable":true,"href":"https:\/\/www.isdin.com\/es\/blog\/wp-json\/wp\/v2\/users\/69"}],"replies":[{"embeddable":true,"href":"https:\/\/www.isdin.com\/es\/blog\/wp-json\/wp\/v2\/comments?post=11690"}],"version-history":[{"count":10,"href":"https:\/\/www.isdin.com\/es\/blog\/wp-json\/wp\/v2\/posts\/11690\/revisions"}],"predecessor-version":[{"id":13268,"href":"https:\/\/www.isdin.com\/es\/blog\/wp-json\/wp\/v2\/posts\/11690\/revisions\/13268"}],"wp:featuredmedia":[{"embeddable":true,"href":"https:\/\/www.isdin.com\/es\/blog\/wp-json\/wp\/v2\/media\/13266"}],"wp:attachment":[{"href":"https:\/\/www.isdin.com\/es\/blog\/wp-json\/wp\/v2\/media?parent=11690"}],"wp:term":[{"taxonomy":"category","embeddable":true,"href":"https:\/\/www.isdin.com\/es\/blog\/wp-json\/wp\/v2\/categories?post=11690"},{"taxonomy":"post_tag","embeddable":true,"href":"https:\/\/www.isdin.com\/es\/blog\/wp-json\/wp\/v2\/tags?post=11690"}],"curies":[{"name":"wp","href":"https:\/\/api.w.org\/{rel}","templated":true}]}}