{"id":11539,"date":"2025-01-27T10:00:00","date_gmt":"2025-01-27T10:00:00","guid":{"rendered":"https:\/\/www.isdin.com\/es\/blog\/?p=11539"},"modified":"2025-01-24T12:24:59","modified_gmt":"2025-01-24T12:24:59","slug":"efectos-dormir-poco-piel-como-minimizarlos","status":"publish","type":"post","link":"https:\/\/www.isdin.com\/es\/blog\/efectos-dormir-poco-piel-como-minimizarlos\/","title":{"rendered":"Estos son los efectos de dormir poco en tu piel y c\u00f3mo puedes minimizarlos"},"content":{"rendered":"\n<p>Mientras desconectas y recargas energ\u00edas, tu piel sigue trabajando sin descanso. De hecho, la noche es su momento estrella: se dedica a repararse y regenerarse tras enfrentarse a todo lo que el d\u00eda le ha dejado.<\/p>\n\n\n\n<p><strong>Descansar bien es uno de los secretos mejor guardados para lucir una piel sana y radiante, pero lo interesante es que el sue\u00f1o es solo una pieza del rompecabezas<\/strong>. Cada peque\u00f1a elecci\u00f3n diaria \u2014desde lo que comes hasta c\u00f3mo proteges tu piel del sol\u2014 tambi\u00e9n cuenta, y mucho. Todo esto forma parte de un concepto llamado <em>exposoma,<\/em> el t\u00e9rmino que engloba todo factor externo que afecta a tu piel a lo largo del tiempo.<\/p>\n\n\n\n<p><strong>\u00bfQuieres descubrir qu\u00e9 hace tu piel mientras duermes y c\u00f3mo puedes ayudarla a regenerarse mejor?<\/strong> Sigue leyendo, porque tenemos mucho que contarte.<\/p>\n\n\n\n<h2 class=\"wp-block-heading\" id=\"h-lo-primero-de-todo-que-es-el-exposoma\">Lo primero de todo, \u00bfqu\u00e9 es el exposoma?<\/h2>\n\n\n\n<p>Piensa en todas esas peque\u00f1as decisiones que tomas cada d\u00eda: <a href=\"https:\/\/www.isdin.com\/es\/blog\/alimentos-buenos-para-la-piel\/\">qu\u00e9 comes<\/a>, <a href=\"https:\/\/www.isdin.com\/es\/blog\/consejos-para-dormir-bien\/\">cu\u00e1nto duermes<\/a>, si pasas tiempo al aire libre o <a href=\"https:\/\/www.isdin.com\/es\/blog\/te-proteges-bien-del-sol\/\">cu\u00e1nto te expones al sol<\/a>, a la contaminaci\u00f3n o al humo del tabaco y el vapeo. <strong>Todo suma, lo bueno y lo no tan bueno, y con el tiempo tu piel lo refleja.<\/strong><\/p>\n\n\n\n<p>El exposoma engloba todo eso: desde tus h\u00e1bitos diarios hasta los factores ambientales que no siempre puedes controlar. Y aqu\u00ed viene el dato importante: <a href=\"https:\/\/www.hospitalrosario.es\/noticias\/el-exposoma-determina-el-80-del-envejecimiento-de-la-piel\/\">hasta el 80% del envejecimiento visible<\/a> de la piel no depende de la gen\u00e9tica, sino del exposoma. Es decir, lo que haces hoy puede marcar la diferencia en c\u00f3mo se ver\u00e1 tu piel ma\u00f1ana.<\/p>\n\n\n\n<figure class=\"wp-block-image size-large\"><img loading=\"lazy\" decoding=\"async\" width=\"1024\" height=\"527\" src=\"data:image\/gif;base64,R0lGODlhAQABAAAAACH5BAEKAAEALAAAAAABAAEAAAICTAEAOw==\" data-src=\"https:\/\/www.isdin.com\/es\/blog\/wp-content\/uploads\/2025\/01\/2025_01_Tabaco_IMG05-3-1024x527.png\" alt=\"\" class=\"wp-image-11540 lazyload\" data-sizes=\"auto\" data-srcset=\"https:\/\/www.isdin.com\/es\/blog\/wp-content\/uploads\/2025\/01\/2025_01_Tabaco_IMG05-3-1024x527.png 1024w, https:\/\/www.isdin.com\/es\/blog\/wp-content\/uploads\/2025\/01\/2025_01_Tabaco_IMG05-3-300x155.png 300w, https:\/\/www.isdin.com\/es\/blog\/wp-content\/uploads\/2025\/01\/2025_01_Tabaco_IMG05-3-150x77.png 150w, https:\/\/www.isdin.com\/es\/blog\/wp-content\/uploads\/2025\/01\/2025_01_Tabaco_IMG05-3-768x396.png 768w, https:\/\/www.isdin.com\/es\/blog\/wp-content\/uploads\/2025\/01\/2025_01_Tabaco_IMG05-3-1536x791.png 1536w, https:\/\/www.isdin.com\/es\/blog\/wp-content\/uploads\/2025\/01\/2025_01_Tabaco_IMG05-3-2048x1055.png 2048w, https:\/\/www.isdin.com\/es\/blog\/wp-content\/uploads\/2025\/01\/2025_01_Tabaco_IMG05-3-585x300.png 585w, https:\/\/www.isdin.com\/es\/blog\/wp-content\/uploads\/2025\/01\/2025_01_Tabaco_IMG05-3-450x232.png 450w, https:\/\/www.isdin.com\/es\/blog\/wp-content\/uploads\/2025\/01\/2025_01_Tabaco_IMG05-3-20x11.png 20w, https:\/\/www.isdin.com\/es\/blog\/wp-content\/uploads\/2025\/01\/2025_01_Tabaco_IMG05-3-225x116.png 225w, https:\/\/www.isdin.com\/es\/blog\/wp-content\/uploads\/2025\/01\/2025_01_Tabaco_IMG05-3-900x464.png 900w, https:\/\/www.isdin.com\/es\/blog\/wp-content\/uploads\/2025\/01\/2025_01_Tabaco_IMG05-3-1350x695.png 1350w\" sizes=\"auto, (max-width: 1024px) 100vw, 1024px\" \/><\/figure>\n\n\n\n<p><\/p>\n\n\n\n<p>Pero hay un factor del exposoma que est\u00e1 completamente bajo tu control: <strong>el sue\u00f1o.<\/strong> Dormir lo suficiente y de calidad puede mantener tu piel en su mejor versi\u00f3n, mientras que la falta de descanso puede provocar <a href=\"https:\/\/pubmed.ncbi.nlm.nih.gov\/25266053\/\">un aspecto apagado y cansado<\/a>. Por eso, adoptar un enfoque integral del cuidado de la piel\u2014uno que tenga en cuenta tanto tu estilo de vida como el entorno\u2014<strong>es la mejor forma de mantener una piel saludable a largo plazo.<\/strong><\/p>\n\n\n\n<h2 class=\"wp-block-heading\">\u00bfC\u00f3mo afecta el sue\u00f1o a tu piel?<\/h2>\n\n\n\n<p>Si necesitabas una raz\u00f3n m\u00e1s para acostarte temprano, aqu\u00ed la tienes: el sue\u00f1o es un paso clave en cualquier rutina de cuidado de la piel. Al igual que t\u00fa, tu piel tambi\u00e9n se toma un respiro tras un d\u00eda ajetreado y entra en \u2018modo reparaci\u00f3n\u2019. Durante la noche, lleva a cabo un <a href=\"https:\/\/www.isdin.com\/us\/blog\/all\/the-science-of-beauty-sleep-and-your-skin\/\">proceso natural de regeneraci\u00f3n<\/a> que ayuda a revertir el da\u00f1o acumulado durante el d\u00eda. Pero cuando no descansas lo suficiente, este proceso se interrumpe.<\/p>\n\n\n\n<p>\u00bfEl resultado? <strong>Una piel con la barrera debilitada, mayor sensibilidad y ese aspecto apagado que delata el cansancio.<\/strong> <a href=\"https:\/\/www.mdpi.com\/1422-0067\/17\/6\/801\"><strong>Los estudios cient\u00edficos<\/strong><\/a> confirman que la falta de sue\u00f1o puede incluso acelerar los signos del envejecimiento, como arrugas y l\u00edneas de expresi\u00f3n. De hecho, <a href=\"https:\/\/pubmed.ncbi.nlm.nih.gov\/25266053\/\">un estudio<\/a> mostr\u00f3 que quienes dorm\u00edan menos de cinco horas por noche ten\u00edan m\u00e1s signos de envejecimiento, una <a href=\"https:\/\/www.isdin.com\/blog\/que-es-la-barrera-cutanea\/\">barrera cut\u00e1nea<\/a> menos funcional y estaban menos satisfechos con la apariencia de su piel.<\/p>\n\n\n\n<p>Pero esto no va solo de c\u00f3mo te ves. La <a href=\"https:\/\/www.sciencedirect.com\/science\/article\/abs\/pii\/B9780128138144000237?via%3Dihub\"><strong>melatonina<\/strong><\/a>, una hormona clave que se libera en ausencia de luz, regula el ritmo circadiano y prepara al cuerpo para el descanso. Aunque no se produce directamente por dormir, su acci\u00f3n antioxidante protege la piel del da\u00f1o oxidativo. En otras palabras, priorizar el descanso no solo mejora tu apariencia, sino que fortalece lo m\u00e1s importante: la salud de tu piel.<\/p>\n\n\n\n<h2 class=\"wp-block-heading\">\u00bfQu\u00e9 le pasa a tu piel por la noche?<\/h2>\n\n\n\n<p>Tu piel experimenta muchos cambios durante el d\u00eda, y lo mismo ocurre cuando se pone el sol.<\/p>\n\n\n\n<figure class=\"wp-block-image size-full\"><img loading=\"lazy\" decoding=\"async\" width=\"1200\" height=\"618\" src=\"data:image\/gif;base64,R0lGODlhAQABAAAAACH5BAEKAAEALAAAAAABAAEAAAICTAEAOw==\" data-src=\"https:\/\/www.isdin.com\/es\/blog\/wp-content\/uploads\/2025\/01\/2025_01_Sleep_IMG05-1.jpg\" alt=\"efectos de dormir poco en la piel\" class=\"wp-image-11542 lazyload\"\/><\/figure>\n\n\n\n<p><\/p>\n\n\n\n<p><\/p>\n\n\n\n<h3 class=\"wp-block-heading\">1. Tiene su propio ritmo<\/h3>\n\n\n\n<p>Seguramente has o\u00eddo hablar del ritmo circadiano de tu cuerpo, ese sistema interno que regula tu ciclo de sue\u00f1o y vigilia. Por la noche, este sistema env\u00eda se\u00f1ales a los \u00f3rganos para que reduzcan su actividad, <strong>poniendo a tu cuerpo en modo descanso y reparaci\u00f3n.<\/strong><\/p>\n\n\n\n<p><strong>\u00bfPero sab\u00edas que tu piel tambi\u00e9n tiene su propio biorritmo?<\/strong> Esto se debe a que la piel es un \u00f3rgano grande y complejo, con <a href=\"https:\/\/www.isdin.com\/blog\/bajo-tu-piel-sus-capas-y-funciones\/\">capas<\/a> y estructuras \u00fanicas que trabajan en conjunto. As\u00ed que, en realidad, tu piel tiene \u2018relojes\u2019 internos que colaboran para <strong>repararse y nutrirse durante la noche.<\/strong><\/p>\n\n\n\n<h3 class=\"wp-block-heading\">2. Es especialmente receptiva a los productos<\/h3>\n\n\n\n<p>Por la noche, tu piel se vuelve de forma natural m\u00e1s permeable, <em>lo que la hace especialmente receptiva a los beneficios de ingredientes.<\/em> Es el momento perfecto para aplicar algunos de tus favoritos o probar nuevos, como el <a href=\"https:\/\/www.isdin.com\/blog\/retinal-guia-para-principiantes\/\">retinal<\/a>, antioxidantes o \u00e1cidos exfoliantes.<\/p>\n\n\n\n<h3 class=\"wp-block-heading\">3. Pierde m\u00e1s hidrataci\u00f3n<\/h3>\n\n\n\n<p>Por la noche, tu piel experimenta un aumento de la <a href=\"https:\/\/www.isdin.com\/es\/blog\/perdida-de-agua-transepidermica-que-es\/\">p\u00e9rdida de agua transepid\u00e9rmica<\/a>, ya que su barrera natural se vuelve m\u00e1s permeable. Esto facilita que el agua escape, <strong>dejando tu piel propensa a la deshidrataci\u00f3n.<\/strong> Adem\u00e1s, la reducci\u00f3n en la producci\u00f3n de sebo durante la noche tambi\u00e9n contribuye a esta p\u00e9rdida de hidrataci\u00f3n.<\/p>\n\n\n\n<figure class=\"wp-block-image size-full\"><img loading=\"lazy\" decoding=\"async\" width=\"1200\" height=\"618\" src=\"data:image\/gif;base64,R0lGODlhAQABAAAAACH5BAEKAAEALAAAAAABAAEAAAICTAEAOw==\" data-src=\"https:\/\/www.isdin.com\/es\/blog\/wp-content\/uploads\/2025\/01\/2025_01_Sleep_IMG077-1.jpg\" alt=\"s\u00e9rum hidratante con \u00e1cido hialur\u00f3nico\" class=\"wp-image-11541 lazyload\"\/><\/figure>\n\n\n\n<p><\/p>\n\n\n\n<p><\/p>\n\n\n\n<h3 class=\"wp-block-heading\">4. Su modo de reparaci\u00f3n se activa<\/h3>\n\n\n\n<p>Mientras duermes, los mecanismos naturales de reparaci\u00f3n de tu piel est\u00e1n en su momento m\u00e1s activo. Es durante la noche cuando tu piel trabaja para revertir el da\u00f1o sufrido durante el d\u00eda debido a la <a href=\"https:\/\/www.isdin.com\/es\/blog\/efectos-radiacion-solar-piel\/\">radiaci\u00f3n solar<\/a>, la contaminaci\u00f3n y otros factores del exposoma. <a href=\"https:\/\/pmc.ncbi.nlm.nih.gov\/articles\/PMC6777699\/\">Estudios<\/a> tambi\u00e9n muestran que es <strong>en este momento cuando las c\u00e9lulas cut\u00e1neas trabajan m\u00e1s intensamente para reparar el da\u00f1o en el ADN.<\/strong><\/p>\n\n\n\n<p class=\"has-background\" style=\"background-color:#f1dfbf\"><strong>\u00bfEl secreto?<\/strong> <a href=\"https:\/\/www.isdin.com\/es\/blog\/consejos-para-dormir-bien\/\">Dormir bien<\/a> y de forma constante le da a tu piel el tiempo que necesita para repararse y fortalecerse, manteni\u00e9ndola sana y resistente. Pero si le robas horas de descanso, ser\u00e1 m\u00e1s vulnerable a los desaf\u00edos diarios.<\/p>\n\n\n\n<h2 class=\"wp-block-heading\">C\u00f3mo hacer que tus noches cuenten (para tu piel)<\/h2>\n\n\n\n<p><a href=\"https:\/\/www.isdin.com\/es\/blog\/rutina-facial-noche-paso-a-paso\/\">Una rutina facial de noche de ensue\u00f1o<\/a> no solo le da a tu piel un respiro, sino que tambi\u00e9n se convierte en un momento de desconexi\u00f3n para tu mente. <strong>Aunque cada piel tiene sus propias necesidades, aqu\u00ed tienes algunas ideas para inspirarte y sacar el m\u00e1ximo partido a tu rutina nocturna.<\/strong><\/p>\n\n\n\n<h3 class=\"wp-block-heading\">1. Introduce ingredientes como la melatonina en tu rutina<\/h3>\n\n\n\n<p>Adem\u00e1s de ayudarte a dormir, la melatonina tiene muchos otros beneficios, y uno de ellos est\u00e1 directamente relacionado con el cuidado de la piel. <strong>Como antioxidante directo e indirecto<\/strong>, la melatonina activa enzimas que reparan el da\u00f1o causado por el estr\u00e9s oxidativo de los rayos UV, la contaminaci\u00f3n y otros factores del exposoma.<\/p>\n\n\n\n<p><strong>\u00bfPor qu\u00e9 es esto tan importante?<\/strong> Los radicales libres generados por el <a href=\"https:\/\/www.isdin.com\/blog\/que-es-la-oxidacion-de-la-piel\/\">estr\u00e9s oxidativo<\/a> son uno de los principales responsables del da\u00f1o cut\u00e1neo y pueden acelerar significativamente el envejecimiento prematuro de la piel.<\/p>\n\n\n\n<figure class=\"wp-block-image size-full\"><img loading=\"lazy\" decoding=\"async\" width=\"1200\" height=\"618\" src=\"data:image\/gif;base64,R0lGODlhAQABAAAAACH5BAEKAAEALAAAAAABAAEAAAICTAEAOw==\" data-src=\"https:\/\/www.isdin.com\/es\/blog\/wp-content\/uploads\/2025\/01\/2025_01_Sleep_IMG08-1.jpg\" alt=\"s\u00e9rum de noche\" class=\"wp-image-11543 lazyload\"\/><\/figure>\n\n\n\n<p><\/p>\n\n\n\n<p> <\/p>\n\n\n\n<p class=\"has-background\" style=\"background-color:#f1dfbf\"><strong>Apuesta por productos de <em>skincare<\/em> <a href=\"https:\/\/www.isdin.com\/es\/search?q=melatonina\">con melatonina<\/a><\/strong>, como un <a href=\"https:\/\/www.isdin.com\/es\/p\/vital-eyes\/3862\">contorno de ojos<\/a> o un <a href=\"https:\/\/www.isdin.com\/es\/p\/melatonik\/2962\">s\u00e9rum reparador<\/a>, para darle a tu piel un extra de protecci\u00f3n.<\/p>\n\n\n\n<p><\/p>\n\n\n\n<h3 class=\"wp-block-heading\">2. Potencia la hidrataci\u00f3n<\/h3>\n\n\n\n<p>Recuerda que tu piel pierde m\u00e1s agua por la noche. Para combatir esta deshidrataci\u00f3n, opta por <a href=\"https:\/\/www.isdin.com\/blog\/guia-esencial-de-cremas-hidratantes-faciales\/\">cremas<\/a> que contengan humectantes como <a href=\"https:\/\/www.isdin.com\/blog\/para-que-sirve-acido-hialuronico\/\">\u00e1cido hialur\u00f3nico<\/a>, glicerina o pantenol. Estos ingredientes ayudan a retener la humedad y a <strong>mantener la piel tersa y suave.<\/strong><\/p>\n\n\n\n<h3 class=\"wp-block-heading\">3. Y por supuesto, duerme lo suficiente<\/h3>\n\n\n\n<p>Por \u00faltimo, y no por ello menos importante, reg\u00e1lale a tu piel el tiempo necesario para disfrutar de los beneficios del sue\u00f1o, como la regeneraci\u00f3n y reparaci\u00f3n natural. Para los adultos, lo ideal son <a href=\"https:\/\/www.sen.es\/saladeprensa\/pdf\/Link398.pdf\">entre siete y nueve horas de sue\u00f1o<\/a>. As\u00ed que <strong>apaga tus dispositivos, retrasa un poco el despertador y prep\u00e1rate para ese sue\u00f1o reparador<\/strong>, todo en nombre de una piel sana y radiante.<\/p>\n\n\n\n<figure class=\"wp-block-image size-full\"><img loading=\"lazy\" decoding=\"async\" width=\"1200\" height=\"618\" src=\"data:image\/gif;base64,R0lGODlhAQABAAAAACH5BAEKAAEALAAAAAABAAEAAAICTAEAOw==\" data-src=\"https:\/\/www.isdin.com\/es\/blog\/wp-content\/uploads\/2025\/01\/2025_01_Sleep_IMG04-1.jpg\" alt=\"efectos de dormir poco mujer despertando\" class=\"wp-image-11544 lazyload\"\/><\/figure>\n\n\n\n<p><\/p>\n\n\n\n<p style=\"font-size:9px\"><strong>Referencias:<\/strong><\/p>\n\n\n\n<ul class=\"wp-block-list\">\n<li style=\"font-size:8px\">Pilkus et al. The circadian clock in skin: implications for adult stem cells, tissue regeneration, cancer, aging, and immunity.<\/li>\n\n\n\n<li style=\"font-size:8px\">Matsui M.S. et al.&nbsp;<strong>Biological Rhythms in the Skin.<\/strong>&nbsp;Int J Mol Sci 2016<\/li>\n\n\n\n<li style=\"font-size:8px\">J Biol Rhythms.&nbsp;2015 Jun;30(3):163-82.<\/li>\n\n\n\n<li style=\"font-size:8px\">Iryna Rusanova et al. Review&nbsp;<strong>Protective Effects of Melatonin on the Skin: Future Perspectives<\/strong>&nbsp;J. Mol. Sci. 2019, 20(19), 4948<\/li>\n\n\n\n<li style=\"font-size:8px\"><em>Blue light has a dark side<\/em>. Retrieved from <a href=\"https:\/\/www.health.harvard.edu\/staying-healthy\/blue-light-has-a-dark-side\">https:\/\/www.health.harvard.edu\/staying-healthy\/blue-light-has-a-dark-side<\/a>.<\/li>\n\n\n\n<li style=\"font-size:8px\">Enzimas antioxidantes (Tan DX, Manchester LC, Esteban-Zubero E, Zhou Z, Reiter RJ. Melatonin as a Potent and Inducible Endogenous Antioxidant: Synthesis and Metabolism. Molecules. 2015;20(10):18886-18906. Published 2015 Oct 16.)<\/li>\n<\/ul>\n\n\n\n<p><\/p>\n","protected":false},"excerpt":{"rendered":"<p>Descansar bien es uno de los secretos mejor guardados para lucir una piel sana y radiante, pero lo interesante es que el sue\u00f1o es solo una pieza del rompecabezas.<\/p>\n","protected":false},"author":69,"featured_media":11546,"comment_status":"closed","ping_status":"closed","sticky":false,"template":"","format":"image","meta":{"footnotes":""},"categories":[1],"tags":[],"class_list":["post-11539","post","type-post","status-publish","format-image","has-post-thumbnail","hentry","category-consejos-cuidados","post_format-post-format-image"],"yoast_head":"<!-- This site is optimized with the Yoast SEO Premium plugin v25.4 (Yoast SEO v25.4) - https:\/\/yoast.com\/wordpress\/plugins\/seo\/ -->\n<title>Estos son los efectos de dormir poco en tu piel y c\u00f3mo puedes minimizarlos - ISDIN<\/title>\n<meta name=\"description\" content=\"Descubre los efectos de dormir poco en tu piel y c\u00f3mo minimizarlos con los consejos de nuestros expertos beauty.\" \/>\n<meta name=\"robots\" content=\"index, follow, max-snippet:-1, max-image-preview:large, max-video-preview:-1\" \/>\n<link rel=\"canonical\" href=\"https:\/\/www.isdin.com\/es\/blog\/efectos-dormir-poco-piel-como-minimizarlos\/\" \/>\n<meta property=\"og:locale\" content=\"es_ES\" \/>\n<meta property=\"og:type\" content=\"article\" \/>\n<meta property=\"og:title\" content=\"Estos son los efectos de dormir poco en tu piel y c\u00f3mo puedes minimizarlos\" \/>\n<meta property=\"og:description\" content=\"Descubre los efectos de dormir poco en tu piel y c\u00f3mo minimizarlos con los consejos de nuestros expertos beauty.\" \/>\n<meta property=\"og:url\" content=\"https:\/\/www.isdin.com\/es\/blog\/efectos-dormir-poco-piel-como-minimizarlos\/\" \/>\n<meta property=\"og:site_name\" content=\"ISDIN\" \/>\n<meta property=\"article:publisher\" content=\"https:\/\/es-es.facebook.com\/ISDIN.official\/\" \/>\n<meta property=\"article:published_time\" content=\"2025-01-27T10:00:00+00:00\" \/>\n<meta property=\"og:image\" content=\"https:\/\/www.isdin.com\/es\/blog\/wp-content\/uploads\/2025\/01\/2025_01_Sleep_IMG01-1.jpg\" \/>\n\t<meta property=\"og:image:width\" content=\"1200\" \/>\n\t<meta property=\"og:image:height\" content=\"760\" \/>\n\t<meta property=\"og:image:type\" content=\"image\/jpeg\" \/>\n<meta name=\"author\" content=\"Belinda Mart\u00ednez\" \/>\n<meta name=\"twitter:card\" content=\"summary_large_image\" \/>\n<meta name=\"twitter:creator\" content=\"@isdin_official\" \/>\n<meta name=\"twitter:site\" content=\"@isdin_official\" \/>\n<meta name=\"twitter:label1\" content=\"Written by\" \/>\n\t<meta name=\"twitter:data1\" content=\"Belinda Mart\u00ednez\" \/>\n\t<meta name=\"twitter:label2\" content=\"Est. reading time\" \/>\n\t<meta name=\"twitter:data2\" content=\"8 minutes\" \/>\n<script type=\"application\/ld+json\" class=\"yoast-schema-graph\">{\"@context\":\"https:\/\/schema.org\",\"@graph\":[{\"@type\":\"Article\",\"@id\":\"https:\/\/www.isdin.com\/es\/blog\/efectos-dormir-poco-piel-como-minimizarlos\/#article\",\"isPartOf\":{\"@id\":\"https:\/\/www.isdin.com\/es\/blog\/efectos-dormir-poco-piel-como-minimizarlos\/\"},\"author\":{\"name\":\"Belinda Mart\u00ednez\",\"@id\":\"https:\/\/www.isdin.com\/es\/blog\/#\/schema\/person\/684015d7d9e78124cb4aa660f6fe8576\"},\"headline\":\"Estos son los efectos de dormir poco en tu piel y c\u00f3mo puedes minimizarlos\",\"datePublished\":\"2025-01-27T10:00:00+00:00\",\"mainEntityOfPage\":{\"@id\":\"https:\/\/www.isdin.com\/es\/blog\/efectos-dormir-poco-piel-como-minimizarlos\/\"},\"wordCount\":1415,\"publisher\":{\"@id\":\"https:\/\/www.isdin.com\/es\/blog\/#organization\"},\"image\":{\"@id\":\"https:\/\/www.isdin.com\/es\/blog\/efectos-dormir-poco-piel-como-minimizarlos\/#primaryimage\"},\"thumbnailUrl\":\"https:\/\/www.isdin.com\/es\/blog\/wp-content\/uploads\/2025\/01\/2025_01_Sleep_IMG01-1.jpg\",\"articleSection\":[\"Consejos y cuidados\"],\"inLanguage\":\"es-ES\"},{\"@type\":\"WebPage\",\"@id\":\"https:\/\/www.isdin.com\/es\/blog\/efectos-dormir-poco-piel-como-minimizarlos\/\",\"url\":\"https:\/\/www.isdin.com\/es\/blog\/efectos-dormir-poco-piel-como-minimizarlos\/\",\"name\":\"Estos son los efectos de dormir poco en tu piel y c\u00f3mo puedes minimizarlos - ISDIN\",\"isPartOf\":{\"@id\":\"https:\/\/www.isdin.com\/es\/blog\/#website\"},\"primaryImageOfPage\":{\"@id\":\"https:\/\/www.isdin.com\/es\/blog\/efectos-dormir-poco-piel-como-minimizarlos\/#primaryimage\"},\"image\":{\"@id\":\"https:\/\/www.isdin.com\/es\/blog\/efectos-dormir-poco-piel-como-minimizarlos\/#primaryimage\"},\"thumbnailUrl\":\"https:\/\/www.isdin.com\/es\/blog\/wp-content\/uploads\/2025\/01\/2025_01_Sleep_IMG01-1.jpg\",\"datePublished\":\"2025-01-27T10:00:00+00:00\",\"description\":\"Descubre los efectos de dormir poco en tu piel y c\u00f3mo minimizarlos con los consejos de nuestros expertos beauty.\",\"breadcrumb\":{\"@id\":\"https:\/\/www.isdin.com\/es\/blog\/efectos-dormir-poco-piel-como-minimizarlos\/#breadcrumb\"},\"inLanguage\":\"es-ES\",\"potentialAction\":[{\"@type\":\"ReadAction\",\"target\":[\"https:\/\/www.isdin.com\/es\/blog\/efectos-dormir-poco-piel-como-minimizarlos\/\"]}]},{\"@type\":\"ImageObject\",\"inLanguage\":\"es-ES\",\"@id\":\"https:\/\/www.isdin.com\/es\/blog\/efectos-dormir-poco-piel-como-minimizarlos\/#primaryimage\",\"url\":\"https:\/\/www.isdin.com\/es\/blog\/wp-content\/uploads\/2025\/01\/2025_01_Sleep_IMG01-1.jpg\",\"contentUrl\":\"https:\/\/www.isdin.com\/es\/blog\/wp-content\/uploads\/2025\/01\/2025_01_Sleep_IMG01-1.jpg\",\"width\":1200,\"height\":760,\"caption\":\"mujer durmiendo bien de noche\"},{\"@type\":\"BreadcrumbList\",\"@id\":\"https:\/\/www.isdin.com\/es\/blog\/efectos-dormir-poco-piel-como-minimizarlos\/#breadcrumb\",\"itemListElement\":[{\"@type\":\"ListItem\",\"position\":1,\"name\":\"Portada\",\"item\":\"https:\/\/www.isdin.com\/es\/blog\/\"},{\"@type\":\"ListItem\",\"position\":2,\"name\":\"Estos son los efectos de dormir poco en tu piel y c\u00f3mo puedes minimizarlos\"}]},{\"@type\":\"WebSite\",\"@id\":\"https:\/\/www.isdin.com\/es\/blog\/#website\",\"url\":\"https:\/\/www.isdin.com\/es\/blog\/\",\"name\":\"ISDIN\",\"description\":\"Novedades, lanzamientos de productos y toda la experiencia de ISDIN\",\"publisher\":{\"@id\":\"https:\/\/www.isdin.com\/es\/blog\/#organization\"},\"potentialAction\":[{\"@type\":\"SearchAction\",\"target\":{\"@type\":\"EntryPoint\",\"urlTemplate\":\"https:\/\/www.isdin.com\/es\/blog\/?s={search_term_string}\"},\"query-input\":{\"@type\":\"PropertyValueSpecification\",\"valueRequired\":true,\"valueName\":\"search_term_string\"}}],\"inLanguage\":\"es-ES\"},{\"@type\":\"Organization\",\"@id\":\"https:\/\/www.isdin.com\/es\/blog\/#organization\",\"name\":\"ISDIN\",\"alternateName\":\"ISDIN\",\"url\":\"https:\/\/www.isdin.com\/es\/blog\/\",\"logo\":{\"@type\":\"ImageObject\",\"inLanguage\":\"es-ES\",\"@id\":\"https:\/\/www.isdin.com\/es\/blog\/#\/schema\/logo\/image\/\",\"url\":\"https:\/\/www.isdin.com\/es\/blog\/wp-content\/uploads\/2024\/05\/2025_03_GuiaFoto_FWM.png\",\"contentUrl\":\"https:\/\/www.isdin.com\/es\/blog\/wp-content\/uploads\/2024\/05\/2025_03_GuiaFoto_FWM.png\",\"width\":670,\"height\":683,\"caption\":\"ISDIN\"},\"image\":{\"@id\":\"https:\/\/www.isdin.com\/es\/blog\/#\/schema\/logo\/image\/\"},\"sameAs\":[\"https:\/\/es-es.facebook.com\/ISDIN.official\/\",\"https:\/\/x.com\/isdin_official\",\"https:\/\/www.instagram.com\/isdinofficial\",\"https:\/\/www.youtube.com\/channel\/UCtoNJMKpDwdFLqgV23_lcqg\"],\"telephone\":\"659997812\"},{\"@type\":\"Person\",\"@id\":\"https:\/\/www.isdin.com\/es\/blog\/#\/schema\/person\/684015d7d9e78124cb4aa660f6fe8576\",\"name\":\"Belinda Mart\u00ednez\",\"image\":{\"@type\":\"ImageObject\",\"inLanguage\":\"es-ES\",\"@id\":\"https:\/\/www.isdin.com\/es\/blog\/#\/schema\/person\/image\/\",\"url\":\"https:\/\/www.isdin.com\/es\/blog\/wp-content\/uploads\/2017\/07\/jjjj.jpg\",\"contentUrl\":\"https:\/\/www.isdin.com\/es\/blog\/wp-content\/uploads\/2017\/07\/jjjj.jpg\",\"caption\":\"Belinda Mart\u00ednez\"},\"description\":\"Belinda es periodista y copywriter creativa. Tras a\u00f1os de experiencia, decidi\u00f3 fusionar sus habilidades de escritura con su amor por el skincare, convirti\u00e9ndose en una especialista en la materia. \u00bfSu imprescindible? Un buen b\u00e1lsamo de labios.\",\"sameAs\":[\"https:\/\/www.linkedin.com\/in\/thisisbel\/\"],\"url\":\"https:\/\/www.isdin.com\/es\/blog\/author\/belindamartinez\/\"}]}<\/script>\n<!-- \/ Yoast SEO Premium plugin. -->","yoast_head_json":{"title":"Estos son los efectos de dormir poco en tu piel y c\u00f3mo puedes minimizarlos - ISDIN","description":"Descubre los efectos de dormir poco en tu piel y c\u00f3mo minimizarlos con los consejos de nuestros expertos beauty.","robots":{"index":"index","follow":"follow","max-snippet":"max-snippet:-1","max-image-preview":"max-image-preview:large","max-video-preview":"max-video-preview:-1"},"canonical":"https:\/\/www.isdin.com\/es\/blog\/efectos-dormir-poco-piel-como-minimizarlos\/","og_locale":"es_ES","og_type":"article","og_title":"Estos son los efectos de dormir poco en tu piel y c\u00f3mo puedes minimizarlos","og_description":"Descubre los efectos de dormir poco en tu piel y c\u00f3mo minimizarlos con los consejos de nuestros expertos beauty.","og_url":"https:\/\/www.isdin.com\/es\/blog\/efectos-dormir-poco-piel-como-minimizarlos\/","og_site_name":"ISDIN","article_publisher":"https:\/\/es-es.facebook.com\/ISDIN.official\/","article_published_time":"2025-01-27T10:00:00+00:00","og_image":[{"width":1200,"height":760,"url":"https:\/\/www.isdin.com\/es\/blog\/wp-content\/uploads\/2025\/01\/2025_01_Sleep_IMG01-1.jpg","type":"image\/jpeg"}],"author":"Belinda Mart\u00ednez","twitter_card":"summary_large_image","twitter_creator":"@isdin_official","twitter_site":"@isdin_official","twitter_misc":{"Written by":"Belinda Mart\u00ednez","Est. reading time":"8 minutes"},"schema":{"@context":"https:\/\/schema.org","@graph":[{"@type":"Article","@id":"https:\/\/www.isdin.com\/es\/blog\/efectos-dormir-poco-piel-como-minimizarlos\/#article","isPartOf":{"@id":"https:\/\/www.isdin.com\/es\/blog\/efectos-dormir-poco-piel-como-minimizarlos\/"},"author":{"name":"Belinda Mart\u00ednez","@id":"https:\/\/www.isdin.com\/es\/blog\/#\/schema\/person\/684015d7d9e78124cb4aa660f6fe8576"},"headline":"Estos son los efectos de dormir poco en tu piel y c\u00f3mo puedes minimizarlos","datePublished":"2025-01-27T10:00:00+00:00","mainEntityOfPage":{"@id":"https:\/\/www.isdin.com\/es\/blog\/efectos-dormir-poco-piel-como-minimizarlos\/"},"wordCount":1415,"publisher":{"@id":"https:\/\/www.isdin.com\/es\/blog\/#organization"},"image":{"@id":"https:\/\/www.isdin.com\/es\/blog\/efectos-dormir-poco-piel-como-minimizarlos\/#primaryimage"},"thumbnailUrl":"https:\/\/www.isdin.com\/es\/blog\/wp-content\/uploads\/2025\/01\/2025_01_Sleep_IMG01-1.jpg","articleSection":["Consejos y cuidados"],"inLanguage":"es-ES"},{"@type":"WebPage","@id":"https:\/\/www.isdin.com\/es\/blog\/efectos-dormir-poco-piel-como-minimizarlos\/","url":"https:\/\/www.isdin.com\/es\/blog\/efectos-dormir-poco-piel-como-minimizarlos\/","name":"Estos son los efectos de dormir poco en tu piel y c\u00f3mo puedes minimizarlos - ISDIN","isPartOf":{"@id":"https:\/\/www.isdin.com\/es\/blog\/#website"},"primaryImageOfPage":{"@id":"https:\/\/www.isdin.com\/es\/blog\/efectos-dormir-poco-piel-como-minimizarlos\/#primaryimage"},"image":{"@id":"https:\/\/www.isdin.com\/es\/blog\/efectos-dormir-poco-piel-como-minimizarlos\/#primaryimage"},"thumbnailUrl":"https:\/\/www.isdin.com\/es\/blog\/wp-content\/uploads\/2025\/01\/2025_01_Sleep_IMG01-1.jpg","datePublished":"2025-01-27T10:00:00+00:00","description":"Descubre los efectos de dormir poco en tu piel y c\u00f3mo minimizarlos con los consejos de nuestros expertos beauty.","breadcrumb":{"@id":"https:\/\/www.isdin.com\/es\/blog\/efectos-dormir-poco-piel-como-minimizarlos\/#breadcrumb"},"inLanguage":"es-ES","potentialAction":[{"@type":"ReadAction","target":["https:\/\/www.isdin.com\/es\/blog\/efectos-dormir-poco-piel-como-minimizarlos\/"]}]},{"@type":"ImageObject","inLanguage":"es-ES","@id":"https:\/\/www.isdin.com\/es\/blog\/efectos-dormir-poco-piel-como-minimizarlos\/#primaryimage","url":"https:\/\/www.isdin.com\/es\/blog\/wp-content\/uploads\/2025\/01\/2025_01_Sleep_IMG01-1.jpg","contentUrl":"https:\/\/www.isdin.com\/es\/blog\/wp-content\/uploads\/2025\/01\/2025_01_Sleep_IMG01-1.jpg","width":1200,"height":760,"caption":"mujer durmiendo bien de noche"},{"@type":"BreadcrumbList","@id":"https:\/\/www.isdin.com\/es\/blog\/efectos-dormir-poco-piel-como-minimizarlos\/#breadcrumb","itemListElement":[{"@type":"ListItem","position":1,"name":"Portada","item":"https:\/\/www.isdin.com\/es\/blog\/"},{"@type":"ListItem","position":2,"name":"Estos son los efectos de dormir poco en tu piel y c\u00f3mo puedes minimizarlos"}]},{"@type":"WebSite","@id":"https:\/\/www.isdin.com\/es\/blog\/#website","url":"https:\/\/www.isdin.com\/es\/blog\/","name":"ISDIN","description":"Novedades, lanzamientos de productos y toda la experiencia de ISDIN","publisher":{"@id":"https:\/\/www.isdin.com\/es\/blog\/#organization"},"potentialAction":[{"@type":"SearchAction","target":{"@type":"EntryPoint","urlTemplate":"https:\/\/www.isdin.com\/es\/blog\/?s={search_term_string}"},"query-input":{"@type":"PropertyValueSpecification","valueRequired":true,"valueName":"search_term_string"}}],"inLanguage":"es-ES"},{"@type":"Organization","@id":"https:\/\/www.isdin.com\/es\/blog\/#organization","name":"ISDIN","alternateName":"ISDIN","url":"https:\/\/www.isdin.com\/es\/blog\/","logo":{"@type":"ImageObject","inLanguage":"es-ES","@id":"https:\/\/www.isdin.com\/es\/blog\/#\/schema\/logo\/image\/","url":"https:\/\/www.isdin.com\/es\/blog\/wp-content\/uploads\/2024\/05\/2025_03_GuiaFoto_FWM.png","contentUrl":"https:\/\/www.isdin.com\/es\/blog\/wp-content\/uploads\/2024\/05\/2025_03_GuiaFoto_FWM.png","width":670,"height":683,"caption":"ISDIN"},"image":{"@id":"https:\/\/www.isdin.com\/es\/blog\/#\/schema\/logo\/image\/"},"sameAs":["https:\/\/es-es.facebook.com\/ISDIN.official\/","https:\/\/x.com\/isdin_official","https:\/\/www.instagram.com\/isdinofficial","https:\/\/www.youtube.com\/channel\/UCtoNJMKpDwdFLqgV23_lcqg"],"telephone":"659997812"},{"@type":"Person","@id":"https:\/\/www.isdin.com\/es\/blog\/#\/schema\/person\/684015d7d9e78124cb4aa660f6fe8576","name":"Belinda Mart\u00ednez","image":{"@type":"ImageObject","inLanguage":"es-ES","@id":"https:\/\/www.isdin.com\/es\/blog\/#\/schema\/person\/image\/","url":"https:\/\/www.isdin.com\/es\/blog\/wp-content\/uploads\/2017\/07\/jjjj.jpg","contentUrl":"https:\/\/www.isdin.com\/es\/blog\/wp-content\/uploads\/2017\/07\/jjjj.jpg","caption":"Belinda Mart\u00ednez"},"description":"Belinda es periodista y copywriter creativa. Tras a\u00f1os de experiencia, decidi\u00f3 fusionar sus habilidades de escritura con su amor por el skincare, convirti\u00e9ndose en una especialista en la materia. \u00bfSu imprescindible? Un buen b\u00e1lsamo de labios.","sameAs":["https:\/\/www.linkedin.com\/in\/thisisbel\/"],"url":"https:\/\/www.isdin.com\/es\/blog\/author\/belindamartinez\/"}]}},"_links":{"self":[{"href":"https:\/\/www.isdin.com\/es\/blog\/wp-json\/wp\/v2\/posts\/11539","targetHints":{"allow":["GET"]}}],"collection":[{"href":"https:\/\/www.isdin.com\/es\/blog\/wp-json\/wp\/v2\/posts"}],"about":[{"href":"https:\/\/www.isdin.com\/es\/blog\/wp-json\/wp\/v2\/types\/post"}],"author":[{"embeddable":true,"href":"https:\/\/www.isdin.com\/es\/blog\/wp-json\/wp\/v2\/users\/69"}],"replies":[{"embeddable":true,"href":"https:\/\/www.isdin.com\/es\/blog\/wp-json\/wp\/v2\/comments?post=11539"}],"version-history":[{"count":4,"href":"https:\/\/www.isdin.com\/es\/blog\/wp-json\/wp\/v2\/posts\/11539\/revisions"}],"predecessor-version":[{"id":11549,"href":"https:\/\/www.isdin.com\/es\/blog\/wp-json\/wp\/v2\/posts\/11539\/revisions\/11549"}],"wp:featuredmedia":[{"embeddable":true,"href":"https:\/\/www.isdin.com\/es\/blog\/wp-json\/wp\/v2\/media\/11546"}],"wp:attachment":[{"href":"https:\/\/www.isdin.com\/es\/blog\/wp-json\/wp\/v2\/media?parent=11539"}],"wp:term":[{"taxonomy":"category","embeddable":true,"href":"https:\/\/www.isdin.com\/es\/blog\/wp-json\/wp\/v2\/categories?post=11539"},{"taxonomy":"post_tag","embeddable":true,"href":"https:\/\/www.isdin.com\/es\/blog\/wp-json\/wp\/v2\/tags?post=11539"}],"curies":[{"name":"wp","href":"https:\/\/api.w.org\/{rel}","templated":true}]}}