{"id":11529,"date":"2025-01-21T14:02:35","date_gmt":"2025-01-21T14:02:35","guid":{"rendered":"https:\/\/www.isdin.com\/es\/blog\/?p=11529"},"modified":"2025-01-30T15:33:07","modified_gmt":"2025-01-30T15:33:07","slug":"que-llevar-neceser-invierno-beauty","status":"publish","type":"post","link":"https:\/\/www.isdin.com\/es\/blog\/que-llevar-neceser-invierno-beauty\/","title":{"rendered":"Porque menos es m\u00e1s: qu\u00e9 llevar en el neceser de invierno"},"content":{"rendered":"\n<p>Desde el momento en que eliges el destino, sientes esa mezcla de emoci\u00f3n y calma: la promesa de chimeneas encendidas, paisajes cubiertos de nieve y ma\u00f1anas que empiezan con mucha luz. Pero entonces, justo cuando est\u00e1s a medio camino, un pensamiento te golpea como el aire fr\u00edo que se cuela por la ventanilla: \u2018<strong>\u00bfHe metido todo en el neceser?\u2019<\/strong><\/p>\n\n\n\n<p>O te excedes llenando el bolso de productos <em>beauty<\/em> que jam\u00e1s usar\u00e1s o, peor a\u00fan, llegas y te das cuenta de que olvidaste lo esencial. No hay b\u00e1lsamo para los labios resecos, la piel empieza a sentirse tirante por el fr\u00edo y tus manos est\u00e1n m\u00e1s secas de lo habitual.<\/p>\n\n\n\n<p>Pero este a\u00f1o ser\u00e1 diferente. <strong>Este a\u00f1o, vas a llevar el neceser perfecto.<\/strong><\/p>\n\n\n\n<h2 class=\"wp-block-heading\" id=\"h-tips-para-hacer-el-mejor-neceser-de-invierno\"><em>Tips<\/em> para hacer el mejor neceser de invierno<\/h2>\n\n\n\n<figure class=\"wp-block-image size-full\"><img loading=\"lazy\" decoding=\"async\" width=\"1200\" height=\"618\" src=\"data:image\/gif;base64,R0lGODlhAQABAAAAACH5BAEKAAEALAAAAAABAAEAAAICTAEAOw==\" data-src=\"https:\/\/www.isdin.com\/es\/blog\/wp-content\/uploads\/2025\/01\/2025_01_NeceserInvierno_IMG03.jpg\" alt=\"chicas en telesilla \" class=\"wp-image-11530 lazyload\"\/><\/figure>\n\n\n\n<p><\/p>\n\n\n\n<p>Cuando llega el fr\u00edo, nuestra piel lo nota, y si adem\u00e1s nos vamos de escapada, es f\u00e1cil olvidarnos de lo que realmente importa. Aqu\u00ed van algunos consejos:<\/p>\n\n\n\n<ul class=\"wp-block-list\">\n<li><strong>Piensa en el destino y en lo que vas a hacer.<\/strong> <a href=\"https:\/\/www.isdin.com\/es\/blog\/cuidar-piel-fotoproteccion-en-la-nieve\/\">\u00bfVas a la nieve?<\/a> \u00bfA una casa rural en la monta\u00f1a? No es lo mismo un plan de senderismo que un fin de semana de relax. Si vas a pasar el d\u00eda haciendo <a href=\"https:\/\/www.isdin.com\/es\/blog\/errores-de-fotoproteccion-deporte\/\">deporte al aire libre<\/a>, quiz\u00e1 no necesites tanto maquillaje, pero s\u00ed <a href=\"https:\/\/www.isdin.com\/blog\/guia-esencial-de-cremas-hidratantes-faciales\/\">una buena crema hidratante<\/a> y <a href=\"https:\/\/www.isdin.com\/es\/blog\/fotoprotectores-solares-para-la-cara-isdin\/\">tu fotoprotector favorito<\/a>.<\/li>\n\n\n\n<li><strong>El fr\u00edo reseca m\u00e1s de lo que parece.<\/strong> Entre el viento, las bajas temperaturas y la calefacci\u00f3n, la piel puede volverse <a href=\"https:\/\/www.isdin.com\/es\/blog\/cuidar-piel-invierno-frio\/\">m\u00e1s tirante y seca<\/a>. Llevar productos que ayuden a mantener la hidrataci\u00f3n es clave.<\/li>\n\n\n\n<li><strong>Mima las zonas que m\u00e1s sufren.<\/strong> Zonas como las manos o los labios suelen ser las primeras en <a href=\"https:\/\/aedv.es\/comunicacion\/notas-de-prensa\/la-piel-y-el-frio-diez-consejos\/\">notar el fr\u00edo<\/a>, \u00a1es horas de priorizarlas!<\/li>\n\n\n\n<li><strong>La clave est\u00e1 en la ligereza<\/strong>, en elegir bien, en llevar solo aquello que realmente nos har\u00e1 sentir c\u00f3modas y disfrutar sin preocupaciones.<\/li>\n<\/ul>\n\n\n\n<h2 class=\"wp-block-heading\">Nuestros 4 imprescindibles invernales<\/h2>\n\n\n\n<p>Cuando hacemos una escapada en invierno, cuidar la piel se convierte en una prioridad. Hidratar y proteger son los dos pasos esenciales para mantenerla en equilibrio y evitar que el fr\u00edo y el viento nos pasen factura.<\/p>\n\n\n\n<p>No importa si vas a la monta\u00f1a, al campo o a esquiar: hay b\u00e1sicos que no pueden faltar en tu neceser. <strong>Porque cuando tu piel est\u00e1 bien cuidada, solo queda vivir el momento y disfrutar al m\u00e1ximo.<\/strong><\/p>\n\n\n\n<h2 class=\"wp-block-heading\">1. Un fotoprotector con efecto <em>glow<\/em><\/h2>\n\n\n\n<p>\u00bfSab\u00edas que en invierno la <a href=\"https:\/\/www.isdin.com\/es\/blog\/efectos-radiacion-solar-piel\/\">radiaci\u00f3n solar<\/a> puede ser incluso m\u00e1s intensa que en verano? Si te preguntas c\u00f3mo es posible, la respuesta est\u00e1 en dos factores clave: <strong>la latitud y la nieve<\/strong>.<\/p>\n\n\n\n<p>Cuando estamos en la monta\u00f1a o en estaciones de esqu\u00ed, la altitud hace que la radiaci\u00f3n UV sea m\u00e1s fuerte, y la nieve act\u00faa como un espejo, reflejando <a href=\"https:\/\/cnoo.es\/noticias\/exposicion-prolongada-a-rayos-uv-en-nieve-sin-proteccion-adecuada-puede-provocar-queratitis-solar-lesiones-en-retina-y-cataratas-prem\"><strong>hasta un 80% de los rayos solares<\/strong><\/a>. Esto significa que, aunque el d\u00eda est\u00e9 nublado y las temperaturas sean bajas, nuestra piel sigue recibiendo el impacto del sol de forma indirecta.<\/p>\n\n\n\n<p>Por eso, si <a href=\"https:\/\/www.isdin.com\/es\/blog\/productos-beauty-preparar-maleta-verano\/\">en verano<\/a> no te saltas el protector solar, en invierno tampoco deber\u00edas hacerlo. La diferencia es que aqu\u00ed no solo previenes el <a href=\"https:\/\/www.isdin.com\/es\/blog\/efectos-del-fotoenvejecimiento-en-la-piel\/\">fotoenvejecimiento<\/a>, las <a href=\"https:\/\/www.isdin.com\/es\/blog\/manchas-solares-por-que-se-producen-y-como-tratarlas\/\">manchas solares<\/a> o el <a href=\"https:\/\/www.isdin.com\/blog\/dia-del-melanoma-prevencion-y-deteccion\/\">c\u00e1ncer de piel<\/a>, sino tambi\u00e9n la deshidrataci\u00f3n y el enrojecimiento que el fr\u00edo puede acentuar.<\/p>\n\n\n\n<p><strong>Protecci\u00f3n e hidrataci\u00f3n van de la mano, y juntas son el combo infalible para una piel sana en cada escapada.<\/strong><\/p>\n\n\n\n<h3 class=\"wp-block-heading\">Descubre Fusion Water MAGIC<\/h3>\n\n\n\n<p>Un imprescindible para un invierno radiante, tanto dentro como fuera de las pistas.<\/p>\n\n\n\n<div class=\"wp-block-media-text has-media-on-the-right is-stacked-on-mobile\"><div class=\"wp-block-media-text__content\">\n<p>Protege tu piel con <strong>SPF 50<\/strong> mientras hidrata intensamente y aporta antioxidantes. Con <a href=\"https:\/\/www.isdin.com\/es\/blog\/para-que-sirve-acido-hialuronico\/\">\u00e1cido hialur\u00f3nico<\/a>, Mediterranean Alga Extract y vitamina E, deja tu piel radiante, suave y con un acabado sedoso cada d\u00eda.<\/p>\n<\/div><figure class=\"wp-block-media-text__media\"><a href=\"https:\/\/www.isdin.com\/es\/p\/fusion-water-magic-spf-50\/1349\" target=\"_blank\" rel=\" noreferrer noopener\"><img loading=\"lazy\" decoding=\"async\" width=\"1000\" height=\"1144\" src=\"data:image\/gif;base64,R0lGODlhAQABAAAAACH5BAEKAAEALAAAAAABAAEAAAICTAEAOw==\" data-src=\"https:\/\/www.isdin.com\/es\/blog\/wp-content\/uploads\/2025\/01\/2025_01_NeceserInvierno_IMG07.jpg\" alt=\"fotoprotector para la nieve\" class=\"wp-image-11531 size-full lazyload\"\/><\/a><\/figure><\/div>\n\n\n\n<p><\/p>\n\n\n\n<h2 class=\"wp-block-heading\">2. Un labial con color: el 2 en 1 ideal<\/h2>\n\n\n\n<p>La piel de los labios es diferente: no tiene gl\u00e1ndulas seb\u00e1ceas ni una barrera protectora tan fuerte como la de otras partes de tu cuerpo. \u00bfQu\u00e9 queremos decir con esto? Que en invierno, cuando el aire fr\u00edo y seco domina los d\u00edas, la p\u00e9rdida de agua (conocida como <a href=\"https:\/\/www.isdin.com\/es\/blog\/perdida-de-agua-transepidermica-que-es\/\">p\u00e9rdida transepid\u00e9rmica de agua<\/a>, o TEWL) aumenta dr\u00e1sticamente.<\/p>\n\n\n\n<p>Adem\u00e1s, el viento y las bajas temperaturas pueden da\u00f1ar la <a href=\"https:\/\/www.isdin.com\/blog\/bajo-tu-piel-sus-capas-y-funciones\/\">capa c\u00f3rnea<\/a>, la parte externa de la piel que retiene la hidrataci\u00f3n. Por eso, <a href=\"https:\/\/www.isdin.com\/es\/blog\/como-cuidar-y-reparar-los-labios-agrietados\/\">los labios se agrietan<\/a> y se sienten \u00e1speros m\u00e1s r\u00e1pido que otras zonas del cuerpo.<\/p>\n\n\n\n<p><strong>\u00bfLa soluci\u00f3n ideal?<\/strong> Llevar siempre en el neceser <a href=\"https:\/\/www.isdin.com\/es\/search?q=reparador+labial\">un buen b\u00e1lsamo labial<\/a> con ingredientes humectantes como el \u00e1cido hialur\u00f3nico, un aut\u00e9ntico aliado para tus labios.<\/p>\n\n\n\n<h3 class=\"wp-block-heading\">Descubre Reparador Labial Rosa, Granate o Rojo<\/h3>\n\n\n\n<p>Un gesto sencillo que combina color y cuidado en un solo paso.<\/p>\n\n\n\n<div class=\"wp-block-media-text has-media-on-the-right is-stacked-on-mobile\"><div class=\"wp-block-media-text__content\">\n<p><a href=\"https:\/\/www.isdin.com\/es\/search?q=reparador+labial+color\">Disponible en 3 tonos diferentes<\/a>, e<strong>l nuevo Reparador Labial de ISDIN<\/strong> est\u00e1 dise\u00f1ado para hidratar, proteger y reparar, este stick combina el poder del <strong>\u00e1cido hialur\u00f3nico<\/strong> para proporcionar hasta 24 horas\u00b9 de hidrataci\u00f3n intensa, con un toque de <strong>vitamina E<\/strong> que ayuda a prevenir el da\u00f1o oxidativo causado por el fr\u00edo, el viento y otros <a href=\"https:\/\/www.isdin.com\/es\/blog\/que-es-el-exposoma-factores-externos-piel\/\">factores externos<\/a>.<\/p>\n<\/div><figure class=\"wp-block-media-text__media\"><a href=\"https:\/\/www.isdin.com\/es\/p\/reparador-labial-rojo\/4748\" target=\"_blank\" rel=\" noreferrer noopener\"><img loading=\"lazy\" decoding=\"async\" width=\"1000\" height=\"1144\" src=\"data:image\/gif;base64,R0lGODlhAQABAAAAACH5BAEKAAEALAAAAAABAAEAAAICTAEAOw==\" data-src=\"https:\/\/www.isdin.com\/es\/blog\/wp-content\/uploads\/2025\/01\/2025_01_NeceserInvierno_IMG06.jpg\" alt=\"reparador labial con color\" class=\"wp-image-11533 size-full lazyload\"\/><\/a><\/figure><\/div>\n\n\n\n<h2 class=\"wp-block-heading\" id=\"h-3-una-crema-muy-hidratante-y-nutritiva-en-tarro\">3. Una crema muy hidratante y nutritiva en tarro<\/h2>\n\n\n\n<p>Pocas cosas son tan reconfortantes en invierno como aprovechar una escapada para regalarte una ducha caliente y convertirla en un momento de desconexi\u00f3n total. Tras un d\u00eda explorando nuevos destinos o disfrutando de actividades al aire libre, una <a href=\"https:\/\/www.isdin.com\/es\/blog\/everything-shower-la-tendencia-de-cuidado-corporal-que-te-enamorara\/\"><em>everything shower<\/em><\/a> puede ser el cierre perfecto.<\/p>\n\n\n\n<p>En esta \u00e9poca, nuestra piel pierde <a href=\"https:\/\/health.ucdavis.edu\/news\/headlines\/itchy-dry-skin-this-winter-these-tips-from-dermatologists-may-help-\/2022\/12#:~:text=%22You%20start%20losing%20water%20through,it%20as%20often%20as%20necessary\">hasta un 25%<\/a> m\u00e1s de agua debido al fr\u00edo y al viento, mientras que los cambios de temperatura (como pasar de la calle helada a un lugar con calefacci\u00f3n) la estresan a\u00fan m\u00e1s. Aqu\u00ed es donde una buena crema hidratante entra en acci\u00f3n: act\u00faa como un escudo que repara la barrera de la piel y retiene la hidrataci\u00f3n por m\u00e1s tiempo.<\/p>\n\n\n\n<p><strong>No puede faltar en tu neceser de invierno:<\/strong> despu\u00e9s de la ducha, apl\u00edcala con movimientos suaves.<\/p>\n\n\n\n<h3 class=\"wp-block-heading\">Descubre Ureadin Cream 10<\/h3>\n\n\n\n<p>Perfecta para todo tipo de pieles, fortalece la barrera cut\u00e1nea y devuelve elasticidad y firmeza, haciendo que tu rutina diaria sea sencilla y efectiva. <strong>Porque cuidar tu piel nunca deber\u00eda ser complicado.<\/strong><\/p>\n\n\n\n<div class=\"wp-block-media-text has-media-on-the-right is-stacked-on-mobile\"><div class=\"wp-block-media-text__content\">\n<p>Con un 10% de Urea ISDIN, <a href=\"https:\/\/www.isdin.com\/es\/p\/cream-10\/4649\">hidrata profundamente hasta 48 horas<\/a>, proporcionando confort y aliviando el picor y la tirantez al instante. Su textura en crema se absorbe r\u00e1pido, dejando la piel suave, firme y con un acabado sedoso.<\/p>\n<\/div><figure class=\"wp-block-media-text__media\"><a href=\"https:\/\/www.isdin.com\/es\/p\/cream-10\/4649\" target=\"_blank\" rel=\" noreferrer noopener\"><img loading=\"lazy\" decoding=\"async\" width=\"1000\" height=\"1144\" src=\"data:image\/gif;base64,R0lGODlhAQABAAAAACH5BAEKAAEALAAAAAABAAEAAAICTAEAOw==\" data-src=\"https:\/\/www.isdin.com\/es\/blog\/wp-content\/uploads\/2025\/01\/2025_01_NeceserInvierno_IMG08.jpg\" alt=\"crema hidratante invierno\" class=\"wp-image-11532 size-full lazyload\"\/><\/a><\/figure><\/div>\n\n\n\n<p><\/p>\n\n\n\n<h2 class=\"wp-block-heading\">4. Una crema de manos ligera y pr\u00e1ctica<\/h2>\n\n\n\n<p>En una escapada de invierno, tus manos lo dan todo: ajustas las botas, colocas los guantes, sujetas los bastones de esqu\u00ed, sacas fotos de todo\u2026 \u00a1y todo esto en pleno fr\u00edo! Es normal que puedan terminar secas y agrietadas.<\/p>\n\n\n\n<p><strong>Una crema de manos ligera y de r\u00e1pida absorci\u00f3n es el b\u00e1sico que no puede faltar en tu <em>beauty bag<\/em>.<\/strong> No ocupa espacio y puedes usarla en cualquier momento: en la pausa del caf\u00e9 caliente o mientras disfrutas de las vistas desde lo alto de la monta\u00f1a.<\/p>\n\n\n\n<h3 class=\"wp-block-heading\">Descubre Ureadin Crema de Manos Protectora<\/h3>\n\n\n\n<p>Perfecta para llevar siempre contigo y mantener tus manos protegidas en cualquier momento.<\/p>\n\n\n\n<div class=\"wp-block-media-text has-media-on-the-right is-stacked-on-mobile\"><div class=\"wp-block-media-text__content\">\n<p>\u00bfFr\u00edo, viento y manos secas? Esta <a href=\"https:\/\/www.isdin.com\/es\/p\/crema-de-manos-protectora\/1617\">crema<\/a> es todo lo que necesitas. Con <strong><a href=\"https:\/\/www.isdin.com\/es-PE\/cuidado-facial\/urea-isdin-para-hidratacion-exfoliacion-facial\/\">Urea ISDIN<\/a> y alanto\u00edna, <\/strong>hidrata en profundidad hasta 24 horas, dejando tus manos suaves y ayudando a que tus u\u00f1as est\u00e9n m\u00e1s fuertes.<\/p>\n<\/div><figure class=\"wp-block-media-text__media\"><a href=\"https:\/\/www.isdin.com\/es\/p\/crema-de-manos-protectora\/1617\" target=\"_blank\" rel=\" noreferrer noopener\"><img loading=\"lazy\" decoding=\"async\" width=\"1000\" height=\"1144\" src=\"data:image\/gif;base64,R0lGODlhAQABAAAAACH5BAEKAAEALAAAAAABAAEAAAICTAEAOw==\" data-src=\"https:\/\/www.isdin.com\/es\/blog\/wp-content\/uploads\/2025\/01\/2025_01_NeceserInvierno_IMG09-1.jpg\" alt=\"Ureadin Manos Protect\" class=\"wp-image-11570 size-full lazyload\"\/><\/a><\/figure><\/div>\n\n\n\n<p><\/p>\n\n\n\n<h2 class=\"wp-block-heading\">\u00bfQu\u00e9 falta para que tu escapada sea perfecta?<\/h2>\n\n\n\n<figure class=\"wp-block-image size-full\"><img loading=\"lazy\" decoding=\"async\" width=\"1200\" height=\"618\" src=\"data:image\/gif;base64,R0lGODlhAQABAAAAACH5BAEKAAEALAAAAAABAAEAAAICTAEAOw==\" data-src=\"https:\/\/www.isdin.com\/es\/blog\/wp-content\/uploads\/2025\/01\/2025_01_NeceserInvierno_IMG04-1.jpg\" alt=\"chica en la nieve posando\" class=\"wp-image-11535 lazyload\"\/><\/figure>\n\n\n\n<p>Sabemos que en una escapada de invierno el espacio siempre parece justo, as\u00ed que aqu\u00ed va nuestro \u00faltimo consejo: <strong>lleva <a href=\"https:\/\/www.isdin.com\/es\/c\/formatos-viaje\">tus productos favoritos en tama\u00f1o viaje<\/a><\/strong>. No necesitas mucho para estar preparada: formatos peque\u00f1os, pr\u00e1cticos y f\u00e1ciles de guardar. \u00bfVas en avi\u00f3n? Todo bajo 100 ml. \u00bfEn coche? Perfecto para no llenar de m\u00e1s tu mochila.<\/p>\n\n\n\n<p>Aprovecha para <a href=\"https:\/\/www.isdin.com\/es\/blog\/organizar-cosmeticos-cuando-cambiar-productos-belleza\/\">hacer una revisi\u00f3n r\u00e1pida<\/a>: \u00bftodo est\u00e1 bien cerrado? \u00bfHay algo que ya no huela igual o cuya fecha de caducidad haya pasado? Viajar ligera no solo es cuesti\u00f3n de espacio, tambi\u00e9n de tranquilidad.<\/p>\n\n\n\n<p><strong>Vive el momento, siente el fr\u00edo en tus mejillas, la calidez en tus manos y la paz en tu mente.<\/strong> Porque al final, lo que importa es disfrutar del viaje, con poco pero bien elegido.<\/p>\n\n\n\n<p><\/p>\n","protected":false},"excerpt":{"rendered":"<p>No importa si vas a la monta\u00f1a, al campo o a esquiar: hay b\u00e1sicos que no pueden faltar en tu neceser. Porque cuando tu piel est\u00e1 bien cuidada, solo queda vivir el momento y disfrutar al m\u00e1ximo.<\/p>\n","protected":false},"author":69,"featured_media":11537,"comment_status":"closed","ping_status":"closed","sticky":false,"template":"","format":"image","meta":{"footnotes":""},"categories":[1],"tags":[],"class_list":["post-11529","post","type-post","status-publish","format-image","has-post-thumbnail","hentry","category-consejos-cuidados","post_format-post-format-image"],"yoast_head":"<!-- This site is optimized with the Yoast SEO Premium plugin v25.4 (Yoast SEO v25.4) - https:\/\/yoast.com\/wordpress\/plugins\/seo\/ -->\n<title>Porque menos es m\u00e1s: qu\u00e9 llevar en el neceser de invierno - ISDIN<\/title>\n<meta name=\"description\" content=\"Descubre los imprescindibles para tu pr\u00f3xima escapada: un neceser de invierno con 4 b\u00e1sicos cargados de hidrataci\u00f3n para mimar tu piel.\" \/>\n<meta name=\"robots\" content=\"index, follow, max-snippet:-1, max-image-preview:large, max-video-preview:-1\" \/>\n<link rel=\"canonical\" href=\"https:\/\/www.isdin.com\/es\/blog\/que-llevar-neceser-invierno-beauty\/\" \/>\n<meta property=\"og:locale\" content=\"es_ES\" \/>\n<meta property=\"og:type\" content=\"article\" \/>\n<meta property=\"og:title\" content=\"Porque menos es m\u00e1s: qu\u00e9 llevar en el neceser de invierno\" \/>\n<meta property=\"og:description\" content=\"Descubre los imprescindibles para tu pr\u00f3xima escapada: un neceser de invierno con 4 b\u00e1sicos cargados de hidrataci\u00f3n para mimar tu piel.\" \/>\n<meta property=\"og:url\" content=\"https:\/\/www.isdin.com\/es\/blog\/que-llevar-neceser-invierno-beauty\/\" \/>\n<meta property=\"og:site_name\" content=\"ISDIN\" \/>\n<meta property=\"article:publisher\" content=\"https:\/\/es-es.facebook.com\/ISDIN.official\/\" \/>\n<meta property=\"article:published_time\" content=\"2025-01-21T14:02:35+00:00\" \/>\n<meta property=\"article:modified_time\" content=\"2025-01-30T15:33:07+00:00\" \/>\n<meta property=\"og:image\" content=\"https:\/\/www.isdin.com\/es\/blog\/wp-content\/uploads\/2025\/01\/2025_01_NeceserInvierno_IMG01-1.jpg\" \/>\n\t<meta property=\"og:image:width\" content=\"1200\" \/>\n\t<meta property=\"og:image:height\" content=\"760\" \/>\n\t<meta property=\"og:image:type\" content=\"image\/jpeg\" \/>\n<meta name=\"author\" content=\"Belinda Mart\u00ednez\" \/>\n<meta name=\"twitter:card\" content=\"summary_large_image\" \/>\n<meta name=\"twitter:creator\" content=\"@isdin_official\" \/>\n<meta name=\"twitter:site\" content=\"@isdin_official\" \/>\n<meta name=\"twitter:label1\" content=\"Written by\" \/>\n\t<meta name=\"twitter:data1\" content=\"Belinda Mart\u00ednez\" \/>\n\t<meta name=\"twitter:label2\" content=\"Est. reading time\" \/>\n\t<meta name=\"twitter:data2\" content=\"8 minutes\" \/>\n<script type=\"application\/ld+json\" class=\"yoast-schema-graph\">{\"@context\":\"https:\/\/schema.org\",\"@graph\":[{\"@type\":\"Article\",\"@id\":\"https:\/\/www.isdin.com\/es\/blog\/que-llevar-neceser-invierno-beauty\/#article\",\"isPartOf\":{\"@id\":\"https:\/\/www.isdin.com\/es\/blog\/que-llevar-neceser-invierno-beauty\/\"},\"author\":{\"name\":\"Belinda Mart\u00ednez\",\"@id\":\"https:\/\/www.isdin.com\/es\/blog\/#\/schema\/person\/684015d7d9e78124cb4aa660f6fe8576\"},\"headline\":\"Porque menos es m\u00e1s: qu\u00e9 llevar en el neceser de invierno\",\"datePublished\":\"2025-01-21T14:02:35+00:00\",\"dateModified\":\"2025-01-30T15:33:07+00:00\",\"mainEntityOfPage\":{\"@id\":\"https:\/\/www.isdin.com\/es\/blog\/que-llevar-neceser-invierno-beauty\/\"},\"wordCount\":1400,\"publisher\":{\"@id\":\"https:\/\/www.isdin.com\/es\/blog\/#organization\"},\"image\":{\"@id\":\"https:\/\/www.isdin.com\/es\/blog\/que-llevar-neceser-invierno-beauty\/#primaryimage\"},\"thumbnailUrl\":\"https:\/\/www.isdin.com\/es\/blog\/wp-content\/uploads\/2025\/01\/2025_01_NeceserInvierno_IMG01-1.jpg\",\"articleSection\":[\"Consejos y cuidados\"],\"inLanguage\":\"es-ES\"},{\"@type\":\"WebPage\",\"@id\":\"https:\/\/www.isdin.com\/es\/blog\/que-llevar-neceser-invierno-beauty\/\",\"url\":\"https:\/\/www.isdin.com\/es\/blog\/que-llevar-neceser-invierno-beauty\/\",\"name\":\"Porque menos es m\u00e1s: qu\u00e9 llevar en el neceser de invierno - ISDIN\",\"isPartOf\":{\"@id\":\"https:\/\/www.isdin.com\/es\/blog\/#website\"},\"primaryImageOfPage\":{\"@id\":\"https:\/\/www.isdin.com\/es\/blog\/que-llevar-neceser-invierno-beauty\/#primaryimage\"},\"image\":{\"@id\":\"https:\/\/www.isdin.com\/es\/blog\/que-llevar-neceser-invierno-beauty\/#primaryimage\"},\"thumbnailUrl\":\"https:\/\/www.isdin.com\/es\/blog\/wp-content\/uploads\/2025\/01\/2025_01_NeceserInvierno_IMG01-1.jpg\",\"datePublished\":\"2025-01-21T14:02:35+00:00\",\"dateModified\":\"2025-01-30T15:33:07+00:00\",\"description\":\"Descubre los imprescindibles para tu pr\u00f3xima escapada: un neceser de invierno con 4 b\u00e1sicos cargados de hidrataci\u00f3n para mimar tu piel.\",\"breadcrumb\":{\"@id\":\"https:\/\/www.isdin.com\/es\/blog\/que-llevar-neceser-invierno-beauty\/#breadcrumb\"},\"inLanguage\":\"es-ES\",\"potentialAction\":[{\"@type\":\"ReadAction\",\"target\":[\"https:\/\/www.isdin.com\/es\/blog\/que-llevar-neceser-invierno-beauty\/\"]}]},{\"@type\":\"ImageObject\",\"inLanguage\":\"es-ES\",\"@id\":\"https:\/\/www.isdin.com\/es\/blog\/que-llevar-neceser-invierno-beauty\/#primaryimage\",\"url\":\"https:\/\/www.isdin.com\/es\/blog\/wp-content\/uploads\/2025\/01\/2025_01_NeceserInvierno_IMG01-1.jpg\",\"contentUrl\":\"https:\/\/www.isdin.com\/es\/blog\/wp-content\/uploads\/2025\/01\/2025_01_NeceserInvierno_IMG01-1.jpg\",\"width\":1200,\"height\":760,\"caption\":\"rutina skincare para viaje de invierno\"},{\"@type\":\"BreadcrumbList\",\"@id\":\"https:\/\/www.isdin.com\/es\/blog\/que-llevar-neceser-invierno-beauty\/#breadcrumb\",\"itemListElement\":[{\"@type\":\"ListItem\",\"position\":1,\"name\":\"Portada\",\"item\":\"https:\/\/www.isdin.com\/es\/blog\/\"},{\"@type\":\"ListItem\",\"position\":2,\"name\":\"Porque menos es m\u00e1s: qu\u00e9 llevar en el neceser de invierno\"}]},{\"@type\":\"WebSite\",\"@id\":\"https:\/\/www.isdin.com\/es\/blog\/#website\",\"url\":\"https:\/\/www.isdin.com\/es\/blog\/\",\"name\":\"ISDIN\",\"description\":\"Novedades, lanzamientos de productos y toda la experiencia de ISDIN\",\"publisher\":{\"@id\":\"https:\/\/www.isdin.com\/es\/blog\/#organization\"},\"potentialAction\":[{\"@type\":\"SearchAction\",\"target\":{\"@type\":\"EntryPoint\",\"urlTemplate\":\"https:\/\/www.isdin.com\/es\/blog\/?s={search_term_string}\"},\"query-input\":{\"@type\":\"PropertyValueSpecification\",\"valueRequired\":true,\"valueName\":\"search_term_string\"}}],\"inLanguage\":\"es-ES\"},{\"@type\":\"Organization\",\"@id\":\"https:\/\/www.isdin.com\/es\/blog\/#organization\",\"name\":\"ISDIN\",\"alternateName\":\"ISDIN\",\"url\":\"https:\/\/www.isdin.com\/es\/blog\/\",\"logo\":{\"@type\":\"ImageObject\",\"inLanguage\":\"es-ES\",\"@id\":\"https:\/\/www.isdin.com\/es\/blog\/#\/schema\/logo\/image\/\",\"url\":\"https:\/\/www.isdin.com\/es\/blog\/wp-content\/uploads\/2024\/05\/2025_03_GuiaFoto_FWM.png\",\"contentUrl\":\"https:\/\/www.isdin.com\/es\/blog\/wp-content\/uploads\/2024\/05\/2025_03_GuiaFoto_FWM.png\",\"width\":670,\"height\":683,\"caption\":\"ISDIN\"},\"image\":{\"@id\":\"https:\/\/www.isdin.com\/es\/blog\/#\/schema\/logo\/image\/\"},\"sameAs\":[\"https:\/\/es-es.facebook.com\/ISDIN.official\/\",\"https:\/\/x.com\/isdin_official\",\"https:\/\/www.instagram.com\/isdinofficial\",\"https:\/\/www.youtube.com\/channel\/UCtoNJMKpDwdFLqgV23_lcqg\"],\"telephone\":\"659997812\"},{\"@type\":\"Person\",\"@id\":\"https:\/\/www.isdin.com\/es\/blog\/#\/schema\/person\/684015d7d9e78124cb4aa660f6fe8576\",\"name\":\"Belinda Mart\u00ednez\",\"image\":{\"@type\":\"ImageObject\",\"inLanguage\":\"es-ES\",\"@id\":\"https:\/\/www.isdin.com\/es\/blog\/#\/schema\/person\/image\/\",\"url\":\"https:\/\/www.isdin.com\/es\/blog\/wp-content\/uploads\/2017\/07\/jjjj.jpg\",\"contentUrl\":\"https:\/\/www.isdin.com\/es\/blog\/wp-content\/uploads\/2017\/07\/jjjj.jpg\",\"caption\":\"Belinda Mart\u00ednez\"},\"description\":\"Belinda es periodista y copywriter creativa. Tras a\u00f1os de experiencia, decidi\u00f3 fusionar sus habilidades de escritura con su amor por el skincare, convirti\u00e9ndose en una especialista en la materia. \u00bfSu imprescindible? Un buen b\u00e1lsamo de labios.\",\"sameAs\":[\"https:\/\/www.linkedin.com\/in\/thisisbel\/\"],\"url\":\"https:\/\/www.isdin.com\/es\/blog\/author\/belindamartinez\/\"}]}<\/script>\n<!-- \/ Yoast SEO Premium plugin. -->","yoast_head_json":{"title":"Porque menos es m\u00e1s: qu\u00e9 llevar en el neceser de invierno - ISDIN","description":"Descubre los imprescindibles para tu pr\u00f3xima escapada: un neceser de invierno con 4 b\u00e1sicos cargados de hidrataci\u00f3n para mimar tu piel.","robots":{"index":"index","follow":"follow","max-snippet":"max-snippet:-1","max-image-preview":"max-image-preview:large","max-video-preview":"max-video-preview:-1"},"canonical":"https:\/\/www.isdin.com\/es\/blog\/que-llevar-neceser-invierno-beauty\/","og_locale":"es_ES","og_type":"article","og_title":"Porque menos es m\u00e1s: qu\u00e9 llevar en el neceser de invierno","og_description":"Descubre los imprescindibles para tu pr\u00f3xima escapada: un neceser de invierno con 4 b\u00e1sicos cargados de hidrataci\u00f3n para mimar tu piel.","og_url":"https:\/\/www.isdin.com\/es\/blog\/que-llevar-neceser-invierno-beauty\/","og_site_name":"ISDIN","article_publisher":"https:\/\/es-es.facebook.com\/ISDIN.official\/","article_published_time":"2025-01-21T14:02:35+00:00","article_modified_time":"2025-01-30T15:33:07+00:00","og_image":[{"width":1200,"height":760,"url":"https:\/\/www.isdin.com\/es\/blog\/wp-content\/uploads\/2025\/01\/2025_01_NeceserInvierno_IMG01-1.jpg","type":"image\/jpeg"}],"author":"Belinda Mart\u00ednez","twitter_card":"summary_large_image","twitter_creator":"@isdin_official","twitter_site":"@isdin_official","twitter_misc":{"Written by":"Belinda Mart\u00ednez","Est. reading time":"8 minutes"},"schema":{"@context":"https:\/\/schema.org","@graph":[{"@type":"Article","@id":"https:\/\/www.isdin.com\/es\/blog\/que-llevar-neceser-invierno-beauty\/#article","isPartOf":{"@id":"https:\/\/www.isdin.com\/es\/blog\/que-llevar-neceser-invierno-beauty\/"},"author":{"name":"Belinda Mart\u00ednez","@id":"https:\/\/www.isdin.com\/es\/blog\/#\/schema\/person\/684015d7d9e78124cb4aa660f6fe8576"},"headline":"Porque menos es m\u00e1s: qu\u00e9 llevar en el neceser de invierno","datePublished":"2025-01-21T14:02:35+00:00","dateModified":"2025-01-30T15:33:07+00:00","mainEntityOfPage":{"@id":"https:\/\/www.isdin.com\/es\/blog\/que-llevar-neceser-invierno-beauty\/"},"wordCount":1400,"publisher":{"@id":"https:\/\/www.isdin.com\/es\/blog\/#organization"},"image":{"@id":"https:\/\/www.isdin.com\/es\/blog\/que-llevar-neceser-invierno-beauty\/#primaryimage"},"thumbnailUrl":"https:\/\/www.isdin.com\/es\/blog\/wp-content\/uploads\/2025\/01\/2025_01_NeceserInvierno_IMG01-1.jpg","articleSection":["Consejos y cuidados"],"inLanguage":"es-ES"},{"@type":"WebPage","@id":"https:\/\/www.isdin.com\/es\/blog\/que-llevar-neceser-invierno-beauty\/","url":"https:\/\/www.isdin.com\/es\/blog\/que-llevar-neceser-invierno-beauty\/","name":"Porque menos es m\u00e1s: qu\u00e9 llevar en el neceser de invierno - ISDIN","isPartOf":{"@id":"https:\/\/www.isdin.com\/es\/blog\/#website"},"primaryImageOfPage":{"@id":"https:\/\/www.isdin.com\/es\/blog\/que-llevar-neceser-invierno-beauty\/#primaryimage"},"image":{"@id":"https:\/\/www.isdin.com\/es\/blog\/que-llevar-neceser-invierno-beauty\/#primaryimage"},"thumbnailUrl":"https:\/\/www.isdin.com\/es\/blog\/wp-content\/uploads\/2025\/01\/2025_01_NeceserInvierno_IMG01-1.jpg","datePublished":"2025-01-21T14:02:35+00:00","dateModified":"2025-01-30T15:33:07+00:00","description":"Descubre los imprescindibles para tu pr\u00f3xima escapada: un neceser de invierno con 4 b\u00e1sicos cargados de hidrataci\u00f3n para mimar tu piel.","breadcrumb":{"@id":"https:\/\/www.isdin.com\/es\/blog\/que-llevar-neceser-invierno-beauty\/#breadcrumb"},"inLanguage":"es-ES","potentialAction":[{"@type":"ReadAction","target":["https:\/\/www.isdin.com\/es\/blog\/que-llevar-neceser-invierno-beauty\/"]}]},{"@type":"ImageObject","inLanguage":"es-ES","@id":"https:\/\/www.isdin.com\/es\/blog\/que-llevar-neceser-invierno-beauty\/#primaryimage","url":"https:\/\/www.isdin.com\/es\/blog\/wp-content\/uploads\/2025\/01\/2025_01_NeceserInvierno_IMG01-1.jpg","contentUrl":"https:\/\/www.isdin.com\/es\/blog\/wp-content\/uploads\/2025\/01\/2025_01_NeceserInvierno_IMG01-1.jpg","width":1200,"height":760,"caption":"rutina skincare para viaje de invierno"},{"@type":"BreadcrumbList","@id":"https:\/\/www.isdin.com\/es\/blog\/que-llevar-neceser-invierno-beauty\/#breadcrumb","itemListElement":[{"@type":"ListItem","position":1,"name":"Portada","item":"https:\/\/www.isdin.com\/es\/blog\/"},{"@type":"ListItem","position":2,"name":"Porque menos es m\u00e1s: qu\u00e9 llevar en el neceser de invierno"}]},{"@type":"WebSite","@id":"https:\/\/www.isdin.com\/es\/blog\/#website","url":"https:\/\/www.isdin.com\/es\/blog\/","name":"ISDIN","description":"Novedades, lanzamientos de productos y toda la experiencia de ISDIN","publisher":{"@id":"https:\/\/www.isdin.com\/es\/blog\/#organization"},"potentialAction":[{"@type":"SearchAction","target":{"@type":"EntryPoint","urlTemplate":"https:\/\/www.isdin.com\/es\/blog\/?s={search_term_string}"},"query-input":{"@type":"PropertyValueSpecification","valueRequired":true,"valueName":"search_term_string"}}],"inLanguage":"es-ES"},{"@type":"Organization","@id":"https:\/\/www.isdin.com\/es\/blog\/#organization","name":"ISDIN","alternateName":"ISDIN","url":"https:\/\/www.isdin.com\/es\/blog\/","logo":{"@type":"ImageObject","inLanguage":"es-ES","@id":"https:\/\/www.isdin.com\/es\/blog\/#\/schema\/logo\/image\/","url":"https:\/\/www.isdin.com\/es\/blog\/wp-content\/uploads\/2024\/05\/2025_03_GuiaFoto_FWM.png","contentUrl":"https:\/\/www.isdin.com\/es\/blog\/wp-content\/uploads\/2024\/05\/2025_03_GuiaFoto_FWM.png","width":670,"height":683,"caption":"ISDIN"},"image":{"@id":"https:\/\/www.isdin.com\/es\/blog\/#\/schema\/logo\/image\/"},"sameAs":["https:\/\/es-es.facebook.com\/ISDIN.official\/","https:\/\/x.com\/isdin_official","https:\/\/www.instagram.com\/isdinofficial","https:\/\/www.youtube.com\/channel\/UCtoNJMKpDwdFLqgV23_lcqg"],"telephone":"659997812"},{"@type":"Person","@id":"https:\/\/www.isdin.com\/es\/blog\/#\/schema\/person\/684015d7d9e78124cb4aa660f6fe8576","name":"Belinda Mart\u00ednez","image":{"@type":"ImageObject","inLanguage":"es-ES","@id":"https:\/\/www.isdin.com\/es\/blog\/#\/schema\/person\/image\/","url":"https:\/\/www.isdin.com\/es\/blog\/wp-content\/uploads\/2017\/07\/jjjj.jpg","contentUrl":"https:\/\/www.isdin.com\/es\/blog\/wp-content\/uploads\/2017\/07\/jjjj.jpg","caption":"Belinda Mart\u00ednez"},"description":"Belinda es periodista y copywriter creativa. Tras a\u00f1os de experiencia, decidi\u00f3 fusionar sus habilidades de escritura con su amor por el skincare, convirti\u00e9ndose en una especialista en la materia. \u00bfSu imprescindible? Un buen b\u00e1lsamo de labios.","sameAs":["https:\/\/www.linkedin.com\/in\/thisisbel\/"],"url":"https:\/\/www.isdin.com\/es\/blog\/author\/belindamartinez\/"}]}},"_links":{"self":[{"href":"https:\/\/www.isdin.com\/es\/blog\/wp-json\/wp\/v2\/posts\/11529","targetHints":{"allow":["GET"]}}],"collection":[{"href":"https:\/\/www.isdin.com\/es\/blog\/wp-json\/wp\/v2\/posts"}],"about":[{"href":"https:\/\/www.isdin.com\/es\/blog\/wp-json\/wp\/v2\/types\/post"}],"author":[{"embeddable":true,"href":"https:\/\/www.isdin.com\/es\/blog\/wp-json\/wp\/v2\/users\/69"}],"replies":[{"embeddable":true,"href":"https:\/\/www.isdin.com\/es\/blog\/wp-json\/wp\/v2\/comments?post=11529"}],"version-history":[{"count":5,"href":"https:\/\/www.isdin.com\/es\/blog\/wp-json\/wp\/v2\/posts\/11529\/revisions"}],"predecessor-version":[{"id":11572,"href":"https:\/\/www.isdin.com\/es\/blog\/wp-json\/wp\/v2\/posts\/11529\/revisions\/11572"}],"wp:featuredmedia":[{"embeddable":true,"href":"https:\/\/www.isdin.com\/es\/blog\/wp-json\/wp\/v2\/media\/11537"}],"wp:attachment":[{"href":"https:\/\/www.isdin.com\/es\/blog\/wp-json\/wp\/v2\/media?parent=11529"}],"wp:term":[{"taxonomy":"category","embeddable":true,"href":"https:\/\/www.isdin.com\/es\/blog\/wp-json\/wp\/v2\/categories?post=11529"},{"taxonomy":"post_tag","embeddable":true,"href":"https:\/\/www.isdin.com\/es\/blog\/wp-json\/wp\/v2\/tags?post=11529"}],"curies":[{"name":"wp","href":"https:\/\/api.w.org\/{rel}","templated":true}]}}