{"id":11504,"date":"2026-01-03T09:12:00","date_gmt":"2026-01-03T09:12:00","guid":{"rendered":"https:\/\/www.isdin.com\/es\/blog\/?p=11504"},"modified":"2025-12-31T10:14:40","modified_gmt":"2025-12-31T10:14:40","slug":"de-meta-a-habito-la-clave-para-el-exito","status":"publish","type":"post","link":"https:\/\/www.isdin.com\/es\/blog\/de-meta-a-habito-la-clave-para-el-exito\/","title":{"rendered":"De meta a h\u00e1bito: la clave para cumplir tus prop\u00f3sitos en 2026"},"content":{"rendered":"\n<p>Enero siempre tiene algo de pasarela emocional: ese impulso colectivo de reiniciar, de imaginar una versi\u00f3n m\u00e1s audaz de nosotros mismos. Son las primeras semanas donde todo parece posible, donde las agendas se convierten en <em>moodboards<\/em> de vida y los sue\u00f1os se sienten (por un momento) perfectamente alcanzables. <strong>Es el mes de la ilusi\u00f3n, de las promesas susurradas frente al espejo, del \u201cesta vez s\u00ed, porque por fin es mi momento\u201d.<\/strong><\/p>\n\n\n\n<p>Pero el verdadero reto no est\u00e1 en desearlo, sino en sostenerlo. Las metas nos sacuden, nos inspiran, nos hacen imaginar una versi\u00f3n m\u00e1s grande de nosotras mismas. Pero son los h\u00e1bitos los que convierten la ambici\u00f3n en resultados. Porque un nuevo a\u00f1o no se define por un d\u00eda en el calendario, sino por lo que decides repetir cuando nadie est\u00e1 mirando.<\/p>\n\n\n\n<p><strong>Hoy dejamos la fantas\u00eda y entramos en la estrategia: por qu\u00e9 los h\u00e1bitos son la clave para cumplir tus metas en 2026, transformar tus prop\u00f3sitos en resultados y convertir el cambio en tu nueva firma personal.<\/strong><\/p>\n\n\n\n<h2 class=\"wp-block-heading\" id=\"h-el-efecto-de-un-nuevo-comienzo-por-que-enero-nos-impulsa-a-cumplir-metas-en-2026\">El efecto de un nuevo comienzo: por qu\u00e9 enero nos impulsa a cumplir metas en 2026<\/h2>\n\n\n\n<figure class=\"wp-block-image size-full\"><img loading=\"lazy\" decoding=\"async\" width=\"1200\" height=\"618\" src=\"data:image\/gif;base64,R0lGODlhAQABAAAAACH5BAEKAAEALAAAAAABAAEAAAICTAEAOw==\" data-src=\"https:\/\/www.isdin.com\/es\/blog\/wp-content\/uploads\/2025\/01\/2025_01_Propositos_IMG02.png\" alt=\"Silueta de una mujer practica yoga sobre una tabla de paddleboard en el mar al amanecer. Muestra equilibrio, mindfulness y ejercicio al aire libre como h\u00e1bitos para la salud f\u00edsica y mental.\" class=\"wp-image-13087 lazyload\" data-sizes=\"auto\" data-srcset=\"https:\/\/www.isdin.com\/es\/blog\/wp-content\/uploads\/2025\/01\/2025_01_Propositos_IMG02.png 1200w, https:\/\/www.isdin.com\/es\/blog\/wp-content\/uploads\/2025\/01\/2025_01_Propositos_IMG02-300x155.png 300w, https:\/\/www.isdin.com\/es\/blog\/wp-content\/uploads\/2025\/01\/2025_01_Propositos_IMG02-1024x527.png 1024w, https:\/\/www.isdin.com\/es\/blog\/wp-content\/uploads\/2025\/01\/2025_01_Propositos_IMG02-150x77.png 150w, https:\/\/www.isdin.com\/es\/blog\/wp-content\/uploads\/2025\/01\/2025_01_Propositos_IMG02-768x396.png 768w, https:\/\/www.isdin.com\/es\/blog\/wp-content\/uploads\/2025\/01\/2025_01_Propositos_IMG02-585x300.png 585w, https:\/\/www.isdin.com\/es\/blog\/wp-content\/uploads\/2025\/01\/2025_01_Propositos_IMG02-450x232.png 450w, https:\/\/www.isdin.com\/es\/blog\/wp-content\/uploads\/2025\/01\/2025_01_Propositos_IMG02-20x11.png 20w, https:\/\/www.isdin.com\/es\/blog\/wp-content\/uploads\/2025\/01\/2025_01_Propositos_IMG02-225x116.png 225w, https:\/\/www.isdin.com\/es\/blog\/wp-content\/uploads\/2025\/01\/2025_01_Propositos_IMG02-900x464.png 900w\" sizes=\"auto, (max-width: 1200px) 100vw, 1200px\" \/><\/figure>\n\n\n\n<p><\/p>\n\n\n\n<p>Plantearnos <a href=\"https:\/\/www.isdin.com\/es\/blog\/mejora-tu-piel-y-tu-bienestar-con-estos-propositos-de-ano-nuevo\/\">prop\u00f3sitos para el nuevo a\u00f1o<\/a> es m\u00e1s que una tradici\u00f3n: es un reflejo directo de c\u00f3mo funciona nuestra mente. Los psic\u00f3logos lo describen como <a href=\"https:\/\/www.psychologytoday.com\/us\/blog\/the-neurodivergent-psychologist\/202412\/why-were-drawn-to-fresh-starts\"><em>el efecto de un nuevo comienzo<\/em><\/a>, <strong>un fen\u00f3meno cognitivo que activa en el cerebro la sensaci\u00f3n de oportunidad, reinicio y cambio personal<\/strong>. Este impulso mental nos hace m\u00e1s receptivos a crear h\u00e1bitos nuevos, replantear prioridades y visualizar metas alcanzables con mayor claridad.<\/p>\n\n\n\n<p>Adem\u00e1s, varios <a href=\"https:\/\/pmc.ncbi.nlm.nih.gov\/articles\/PMC6707535\/\">estudios<\/a> han demostrado que somos m\u00e1s propensos a fijarnos objetivos y cambiar h\u00e1bitos en momentos que marcan un <strong>punto de inflexi\u00f3n<\/strong>: el inicio del a\u00f1o, un cumplea\u00f1os, el comienzo de una semana o cualquier fecha que simbolice un \u201cantes y despu\u00e9s\u201d. No es casualidad: nuestra mente interpreta estos hitos como permisos psicol\u00f3gicos para cerrar ciclos y avanzar con energ\u00eda renovada.<\/p>\n\n\n\n<p>Y en esa chispa de ilusi\u00f3n, en esa sensaci\u00f3n de posibilidad, es donde todo puede empezar a transformarse.<\/p>\n\n\n\n<h3 class=\"wp-block-heading\" id=\"h-por-que-tu-mente-se-siente-lista-para-cambiar-justo-ahora\">\u00bfPor qu\u00e9 tu mente se siente lista para cambiar justo ahora?<\/h3>\n\n\n\n<figure class=\"wp-block-image size-full\"><img loading=\"lazy\" decoding=\"async\" width=\"1200\" height=\"618\" src=\"data:image\/gif;base64,R0lGODlhAQABAAAAACH5BAEKAAEALAAAAAABAAEAAAICTAEAOw==\" data-src=\"https:\/\/www.isdin.com\/es\/blog\/wp-content\/uploads\/2025\/01\/2025_01_Propositos_IMG02-1.png\" alt=\"Mujer joven con cabello corto bebe agua de una botella reutilizable al aire libre durante el atardecer. Representa hidrataci\u00f3n como h\u00e1bito saludable, autocuidado y bienestar.\" class=\"wp-image-13086 lazyload\" data-sizes=\"auto\" data-srcset=\"https:\/\/www.isdin.com\/es\/blog\/wp-content\/uploads\/2025\/01\/2025_01_Propositos_IMG02-1.png 1200w, https:\/\/www.isdin.com\/es\/blog\/wp-content\/uploads\/2025\/01\/2025_01_Propositos_IMG02-1-300x155.png 300w, https:\/\/www.isdin.com\/es\/blog\/wp-content\/uploads\/2025\/01\/2025_01_Propositos_IMG02-1-1024x527.png 1024w, https:\/\/www.isdin.com\/es\/blog\/wp-content\/uploads\/2025\/01\/2025_01_Propositos_IMG02-1-150x77.png 150w, https:\/\/www.isdin.com\/es\/blog\/wp-content\/uploads\/2025\/01\/2025_01_Propositos_IMG02-1-768x396.png 768w, https:\/\/www.isdin.com\/es\/blog\/wp-content\/uploads\/2025\/01\/2025_01_Propositos_IMG02-1-585x300.png 585w, https:\/\/www.isdin.com\/es\/blog\/wp-content\/uploads\/2025\/01\/2025_01_Propositos_IMG02-1-450x232.png 450w, https:\/\/www.isdin.com\/es\/blog\/wp-content\/uploads\/2025\/01\/2025_01_Propositos_IMG02-1-20x11.png 20w, https:\/\/www.isdin.com\/es\/blog\/wp-content\/uploads\/2025\/01\/2025_01_Propositos_IMG02-1-225x116.png 225w, https:\/\/www.isdin.com\/es\/blog\/wp-content\/uploads\/2025\/01\/2025_01_Propositos_IMG02-1-900x464.png 900w\" sizes=\"auto, (max-width: 1200px) 100vw, 1200px\" \/><\/figure>\n\n\n\n<p><\/p>\n\n\n\n<p>La clave est\u00e1 en c\u00f3mo interpretamos nuestra historia y el paso del tiempo. Seg\u00fan la <a href=\"https:\/\/plato.stanford.edu\/entries\/identity-personal\/\"><strong>teor\u00eda de la identidad personal y la percepci\u00f3n temporal<\/strong><\/a>, nuestra mente tiende a segmentar la vida en cap\u00edtulos, separando el \u2018yo pasado\u2019 del \u2018yo futuro\u2019. Esta ruptura simb\u00f3lica nos permite vernos como una versi\u00f3n renovada de nosotros mismos, m\u00e1s capaz de adoptar h\u00e1bitos positivos y dejar atr\u00e1s lo que no funcion\u00f3.<\/p>\n\n\n\n<p>A nivel cognitivo, este efecto se relaciona con un aumento en la <a href=\"https:\/\/pubmed.ncbi.nlm.nih.gov\/10641366\/\"><strong>autoeficacia<\/strong><\/a>, es decir, la creencia en nuestra capacidad de lograr objetivos. Este impulso mental se combina con un factor biol\u00f3gico clave: la <a href=\"https:\/\/pmc.ncbi.nlm.nih.gov\/articles\/PMC6352317\/\"><strong>dopamina<\/strong><\/a>, el neurotransmisor asociado con la recompensa y la motivaci\u00f3n.<\/p>\n\n\n\n<p>Pero esa chispa inicial no dura para siempre: lo que realmente importa es lo que hacemos con ella.<\/p>\n\n\n\n<p class=\"has-background\" style=\"background-color:#f1dfbf\"><strong>El desaf\u00edo no es empezar, sino mantenerse: <\/strong>aunque en <strong>21<\/strong> d\u00edas podemos sentar la base de un h\u00e1bito, seg\u00fan estudios de la <strong>Universidad de Londres<\/strong>, en promedio <a href=\"https:\/\/pmc.ncbi.nlm.nih.gov\/articles\/PMC3505409\/\">necesitamos 66 d\u00edas<\/a> para que se vuelva autom\u00e1tico.<\/p>\n\n\n\n<p><\/p>\n\n\n\n<h2 class=\"wp-block-heading\" id=\"h-por-que-los-habitos-son-tan-poderosos-para-tu-piel-y-tus-metas-en-2026\">\u00bfPor qu\u00e9 los h\u00e1bitos son tan poderosos para tu piel y tus metas en 2026?<\/h2>\n\n\n\n<figure class=\"wp-block-image size-full\"><img loading=\"lazy\" decoding=\"async\" width=\"1200\" height=\"618\" src=\"data:image\/gif;base64,R0lGODlhAQABAAAAACH5BAEKAAEALAAAAAABAAEAAAICTAEAOw==\" data-src=\"https:\/\/www.isdin.com\/es\/blog\/wp-content\/uploads\/2025\/01\/2025_01_Propositos_IMG04.jpg\" alt=\"crear h\u00e1bitos nuevos de viajar en coche\" class=\"wp-image-11508 lazyload\"\/><\/figure>\n\n\n\n<p><\/p>\n\n\n\n<p>Sabemos <a href=\"https:\/\/www.isdin.com\/es\/blog\/mitos-de-skincare-que-dejamos-atras\/\">lo que queremos cambiar.<\/a> Lo visualizamos, lo planificamos, lo anotamos. Pero sin h\u00e1bitos, las metas \u2014incluidas las de cuidado de la piel\u2014 se quedan en intenci\u00f3n, no en transformaci\u00f3n. Los h\u00e1bitos son el sistema que convierte lo que deseas en lo que realmente sostienes, y por eso funcionan:<\/p>\n\n\n\n<p><strong>Los h\u00e1bitos reducen el desgaste mental porque el cerebro automatiza lo que repetimos con frecuencia<\/strong>. As\u00ed gastamos menos energ\u00eda en decidir y m\u00e1s en ejecutar, lo que hace posible mantener una rutina sin depender de la motivaci\u00f3n. Adem\u00e1s, cada h\u00e1bito cumplido libera dopamina, reforzando la sensaci\u00f3n de progreso y haciendo que continuar se sienta m\u00e1s natural que abandonar. <strong>Y cuando un h\u00e1bito se instala, suele traer otros consigo: el autocuidado empieza a expandirse y los resultados se potencian.<\/strong><\/p>\n\n\n\n<p class=\"has-background\" style=\"background-color:#f1dfbf\">Cuando empiezas a hacer ejercicio, por ejemplo, es m\u00e1s probable que tambi\u00e9n empieces a <a href=\"https:\/\/www.isdin.com\/es\/blog\/alimentos-buenos-para-la-piel\/\">cuidar tu alimentaci\u00f3n<\/a> y a <a href=\"https:\/\/www.isdin.com\/es\/blog\/consejos-para-dormir-bien\/\">dormir mejor<\/a>. <strong>Todo est\u00e1 conectado<\/strong>.<\/p>\n\n\n\n<p><\/p>\n\n\n\n<h3 class=\"wp-block-heading\">\u00bfQuieres construir h\u00e1bitos que duren?<\/h3>\n\n\n\n<ul class=\"wp-block-list\">\n<li><strong>Empieza por algo peque\u00f1o<\/strong>: el cambio no ocurre de la noche a la ma\u00f1ana, y no necesitas hacerlo todo a la vez. Leer solo 5 minutos al d\u00eda o salir a caminar 10 minutos es suficiente para empezar. <strong>Lo importante es dar el primer paso.<\/strong><\/li>\n<\/ul>\n\n\n\n<ul class=\"wp-block-list\">\n<li><strong>Con\u00e9ctalo con algo que ya haces<\/strong>: si quieres empezar a meditar, hazlo justo antes de acostarte. Si quieres tomar m\u00e1s agua, b\u00e9bela antes de cada comida. <strong>Cuando un h\u00e1bito nuevo se une a una rutina existente, es mucho m\u00e1s f\u00e1cil que se quede contigo.<\/strong><\/li>\n<\/ul>\n\n\n\n<ul class=\"wp-block-list\">\n<li><strong>Hazlo visible y accesible<\/strong>: si quieres <a href=\"https:\/\/www.isdin.com\/es\/blog\/alimentos-antioxidantes-piel-luminosa\/\">comer m\u00e1s sano<\/a>, llena tu nevera con frutas y verduras y planifica tu compra con antelaci\u00f3n. Si quieres leer m\u00e1s, deja un <a href=\"https:\/\/www.isdin.com\/es\/blog\/el-libro-love-your-skin\/\">libro<\/a> en la mesilla de noche o en el sof\u00e1. <strong>Lo que tienes a la vista, lo usas m\u00e1s.<\/strong><\/li>\n<\/ul>\n\n\n\n<ul class=\"wp-block-list\">\n<li><a href=\"https:\/\/www.isdin.com\/love-isdin\/\"><strong>Date una recompensa<\/strong><\/a>: cada peque\u00f1o avance cuenta. No necesitas grandes premios, pero reconocer tu esfuerzo refuerza el h\u00e1bito.<\/li>\n<\/ul>\n\n\n\n<h2 class=\"wp-block-heading\" id=\"h-4-grandes-habitos-de-skincare-para-2026\">4 grandes h\u00e1bitos de <em>skincare<\/em> para 2026<\/h2>\n\n\n\n<figure class=\"wp-block-image size-full\"><img loading=\"lazy\" decoding=\"async\" width=\"1200\" height=\"618\" src=\"data:image\/gif;base64,R0lGODlhAQABAAAAACH5BAEKAAEALAAAAAABAAEAAAICTAEAOw==\" data-src=\"https:\/\/www.isdin.com\/es\/blog\/wp-content\/uploads\/2025\/01\/2025_01_Propositos_IMG04-1.jpg\" alt=\"crear h\u00e1bitos nuevos de desmaquillarse\" class=\"wp-image-11509 lazyload\"\/><\/figure>\n\n\n\n<p><\/p>\n\n\n\n<p>\u00bfY por nuestra parte? Queremos que, entre todos tus prop\u00f3sitos, tambi\u00e9n incluyas <a href=\"https:\/\/www.isdin.com\/es\/blog\/10-pasos-para-descubrir-el-amor-por-tu-piel\/\">el amor propio<\/a>. Que este a\u00f1o no solo sea sobre metas y logros externos, sino tambi\u00e9n sobre <strong>cuidarte mejor<\/strong>, escuchar tu cuerpo y darle a tu piel el cari\u00f1o que merece.<\/p>\n\n\n\n<p>Por eso, antes de despedirnos, queremos compartir contigo <strong>4 h\u00e1bitos de <em>skincare<\/em> que deber\u00edas adoptar este a\u00f1o<\/strong>. Peque\u00f1os gestos que marcar\u00e1n la diferencia y te har\u00e1n sentir bien, por dentro y por fuera.<\/p>\n\n\n\n<h3 class=\"wp-block-heading\">1. No saltarse nunca la limpieza facial<\/h3>\n\n\n\n<div class=\"wp-block-media-text has-media-on-the-right is-stacked-on-mobile\"><div class=\"wp-block-media-text__content\">\n<p>Hay personas que prefieren las ma\u00f1anas y otras que funcionan mejor por las noches, pero <a href=\"https:\/\/www.isdin.com\/es\/blog\/guia-esencial-de-limpiadores-faciales\/\">cuando hablamos de limpieza facial<\/a>, la frecuencia ideal es dos veces al d\u00eda: una al <a href=\"https:\/\/www.isdin.com\/es\/blog\/rutina-facial-manana\/\">despertarte<\/a> y otra <a href=\"https:\/\/www.isdin.com\/blog\/rutina-facial-noche-paso-a-paso\/\">antes de dormir<\/a>.<\/p>\n<\/div><figure class=\"wp-block-media-text__media\"><img loading=\"lazy\" decoding=\"async\" width=\"670\" height=\"754\" src=\"data:image\/gif;base64,R0lGODlhAQABAAAAACH5BAEKAAEALAAAAAABAAEAAAICTAEAOw==\" data-src=\"https:\/\/www.isdin.com\/es\/blog\/wp-content\/uploads\/2025\/01\/2025_01_Propositos_IMG07.png\" alt=\"Primer plano de una mujer con los ojos cerrados y gotas de agua desliz\u00e1ndose por su piel. Evoca limpieza facial, autocuidado y rituales saludables como h\u00e1bitos diarios de bienestar.\" class=\"wp-image-13089 size-full lazyload\" data-sizes=\"auto\" data-srcset=\"https:\/\/www.isdin.com\/es\/blog\/wp-content\/uploads\/2025\/01\/2025_01_Propositos_IMG07.png 670w, https:\/\/www.isdin.com\/es\/blog\/wp-content\/uploads\/2025\/01\/2025_01_Propositos_IMG07-267x300.png 267w, https:\/\/www.isdin.com\/es\/blog\/wp-content\/uploads\/2025\/01\/2025_01_Propositos_IMG07-133x150.png 133w, https:\/\/www.isdin.com\/es\/blog\/wp-content\/uploads\/2025\/01\/2025_01_Propositos_IMG07-450x506.png 450w, https:\/\/www.isdin.com\/es\/blog\/wp-content\/uploads\/2025\/01\/2025_01_Propositos_IMG07-225x253.png 225w, https:\/\/www.isdin.com\/es\/blog\/wp-content\/uploads\/2025\/01\/2025_01_Propositos_IMG07-20x23.png 20w\" sizes=\"auto, (max-width: 670px) 100vw, 670px\" \/><\/figure><\/div>\n\n\n\n<p><\/p>\n\n\n\n<h3 class=\"wp-block-heading\" id=\"h-2-beber-mas-agua\">2. Beber m\u00e1s agua<\/h3>\n\n\n\n<div class=\"wp-block-media-text is-stacked-on-mobile\"><figure class=\"wp-block-media-text__media\"><img loading=\"lazy\" decoding=\"async\" width=\"670\" height=\"754\" src=\"data:image\/gif;base64,R0lGODlhAQABAAAAACH5BAEKAAEALAAAAAABAAEAAAICTAEAOw==\" data-src=\"https:\/\/www.isdin.com\/es\/blog\/wp-content\/uploads\/2025\/01\/2025_01_Propositos_IMG06-2.png\" alt=\"Hombre con barba bebe agua de una botella deportiva bajo luz c\u00e1lida del sol. Representa hidrataci\u00f3n, h\u00e1bitos saludables y recuperaci\u00f3n despu\u00e9s del ejercicio.\" class=\"wp-image-13088 size-full lazyload\" data-sizes=\"auto\" data-srcset=\"https:\/\/www.isdin.com\/es\/blog\/wp-content\/uploads\/2025\/01\/2025_01_Propositos_IMG06-2.png 670w, https:\/\/www.isdin.com\/es\/blog\/wp-content\/uploads\/2025\/01\/2025_01_Propositos_IMG06-2-267x300.png 267w, https:\/\/www.isdin.com\/es\/blog\/wp-content\/uploads\/2025\/01\/2025_01_Propositos_IMG06-2-133x150.png 133w, https:\/\/www.isdin.com\/es\/blog\/wp-content\/uploads\/2025\/01\/2025_01_Propositos_IMG06-2-450x506.png 450w, https:\/\/www.isdin.com\/es\/blog\/wp-content\/uploads\/2025\/01\/2025_01_Propositos_IMG06-2-225x253.png 225w, https:\/\/www.isdin.com\/es\/blog\/wp-content\/uploads\/2025\/01\/2025_01_Propositos_IMG06-2-20x23.png 20w\" sizes=\"auto, (max-width: 670px) 100vw, 670px\" \/><\/figure><div class=\"wp-block-media-text__content\">\n<p><strong>Beber m\u00e1s agua<\/strong> mejora tu piel, tu energ\u00eda y tu bienestar general. Mantiene <a href=\"https:\/\/www.isdin.com\/es\/blog\/perdida-de-agua-transepidermica-que-es\/\">la hidrataci\u00f3n<\/a>, favorece la eliminaci\u00f3n de toxinas y mejora la circulaci\u00f3n. Adem\u00e1s, ayuda a regular la temperatura corporal y a <a href=\"https:\/\/www.isdin.com\/es\/blog\/deporte-en-verano-bolsa\/\">mantenerte m\u00e1s activo<\/a> y enfocado. <\/p>\n\n\n\n<p><strong>M\u00e1s agua, mejor piel, mejor t\u00fa.<\/strong><\/p>\n<\/div><\/div>\n\n\n\n<p><\/p>\n\n\n\n<h3 class=\"wp-block-heading\" id=\"h-3-probar-nuevos-ingredientes\">3. Probar nuevos ingredientes<\/h3>\n\n\n\n<div class=\"wp-block-media-text has-media-on-the-right is-stacked-on-mobile\"><div class=\"wp-block-media-text__content\">\n<p><strong>Cuando descubres algo que te encanta, incorporarlo a tu rutina se vuelve casi natural<\/strong>, \u00bfverdad? Este a\u00f1o es la oportunidad perfecta para <a href=\"https:\/\/www.isdin.com\/es\/c\/favoritos\">probar nuevos productos<\/a> y encontrar ese imprescindible que transforme tu piel. Tal vez sea el <a href=\"https:\/\/www.isdin.com\/blog\/retinal-guia-para-principiantes\/\"><strong>retinal<\/strong><\/a>, la <a href=\"https:\/\/www.isdin.com\/es\/blog\/7-cosas-sobre-la-vitamina-c\/\"><strong>vitamina C<\/strong><\/a> o el <a href=\"https:\/\/www.isdin.com\/es\/blog\/acido-salicilico-que-es-beneficios-para-la-piel\/\"><strong>\u00e1cido salic\u00edlico<\/strong><\/a>.<\/p>\n\n\n\n<p>\u00a1Atr\u00e9vete a descubrir tu nuevo favorito!<\/p>\n<\/div><figure class=\"wp-block-media-text__media\"><img loading=\"lazy\" decoding=\"async\" width=\"670\" height=\"754\" src=\"data:image\/gif;base64,R0lGODlhAQABAAAAACH5BAEKAAEALAAAAAABAAEAAAICTAEAOw==\" data-src=\"https:\/\/www.isdin.com\/es\/blog\/wp-content\/uploads\/2025\/01\/2025_01_Propositos_IMG06-1.png\" alt=\"Textura macro de agua con ondas suaves y burbujas sobre fondo claro. Representa frescura, pureza e hidrataci\u00f3n como s\u00edmbolo visual de h\u00e1bitos saludables.\" class=\"wp-image-13090 size-full lazyload\" data-sizes=\"auto\" data-srcset=\"https:\/\/www.isdin.com\/es\/blog\/wp-content\/uploads\/2025\/01\/2025_01_Propositos_IMG06-1.png 670w, https:\/\/www.isdin.com\/es\/blog\/wp-content\/uploads\/2025\/01\/2025_01_Propositos_IMG06-1-267x300.png 267w, https:\/\/www.isdin.com\/es\/blog\/wp-content\/uploads\/2025\/01\/2025_01_Propositos_IMG06-1-133x150.png 133w, https:\/\/www.isdin.com\/es\/blog\/wp-content\/uploads\/2025\/01\/2025_01_Propositos_IMG06-1-450x506.png 450w, https:\/\/www.isdin.com\/es\/blog\/wp-content\/uploads\/2025\/01\/2025_01_Propositos_IMG06-1-225x253.png 225w, https:\/\/www.isdin.com\/es\/blog\/wp-content\/uploads\/2025\/01\/2025_01_Propositos_IMG06-1-20x23.png 20w\" sizes=\"auto, (max-width: 670px) 100vw, 670px\" \/><\/figure><\/div>\n\n\n\n<p><\/p>\n\n\n\n<h3 class=\"wp-block-heading\" id=\"h-4-hacer-de-la-fotoproteccion-algo-imprescindible\">4. Hacer de la fotoprotecci\u00f3n algo imprescindible<\/h3>\n\n\n\n<div class=\"wp-block-media-text is-stacked-on-mobile\"><figure class=\"wp-block-media-text__media\"><img loading=\"lazy\" decoding=\"async\" width=\"670\" height=\"754\" src=\"data:image\/gif;base64,R0lGODlhAQABAAAAACH5BAEKAAEALAAAAAABAAEAAAICTAEAOw==\" data-src=\"https:\/\/www.isdin.com\/es\/blog\/wp-content\/uploads\/2025\/01\/2025_01_Propositos_IMG06.png\" alt=\"Mano aplica protector solar o crema hidratante sobre la espalda de una mujer con un coraz\u00f3n dibujado en crema. Representa autocuidado, protecci\u00f3n solar y h\u00e1bitos saludables para la piel.\" class=\"wp-image-13091 size-full lazyload\" data-sizes=\"auto\" data-srcset=\"https:\/\/www.isdin.com\/es\/blog\/wp-content\/uploads\/2025\/01\/2025_01_Propositos_IMG06.png 670w, https:\/\/www.isdin.com\/es\/blog\/wp-content\/uploads\/2025\/01\/2025_01_Propositos_IMG06-267x300.png 267w, https:\/\/www.isdin.com\/es\/blog\/wp-content\/uploads\/2025\/01\/2025_01_Propositos_IMG06-133x150.png 133w, https:\/\/www.isdin.com\/es\/blog\/wp-content\/uploads\/2025\/01\/2025_01_Propositos_IMG06-450x506.png 450w, https:\/\/www.isdin.com\/es\/blog\/wp-content\/uploads\/2025\/01\/2025_01_Propositos_IMG06-225x253.png 225w, https:\/\/www.isdin.com\/es\/blog\/wp-content\/uploads\/2025\/01\/2025_01_Propositos_IMG06-20x23.png 20w\" sizes=\"auto, (max-width: 670px) 100vw, 670px\" \/><\/figure><div class=\"wp-block-media-text__content\">\n<p>Algunas ma\u00f1anas estar\u00e1s con prisa, otras el cielo estar\u00e1 nublado, pero la <a href=\"https:\/\/www.isdin.com\/es\/blog\/efectos-radiacion-solar-piel\/\">radiaci\u00f3n solar<\/a> sigue ah\u00ed, siempre. <strong>Proteger tu piel a diario no solo previene da\u00f1os a corto plazo<\/strong>, como quemaduras o <a href=\"https:\/\/www.isdin.com\/es\/blog\/manchas-solares-por-que-se-producen-y-como-tratarlas\/\">manchas<\/a>, sino que tambi\u00e9n evita el <a href=\"https:\/\/www.isdin.com\/es\/blog\/photoaging-rutina-para-pieles-maduras-te-interesa\/\">photoaging<\/a><em> <\/em>y problemas m\u00e1s serios a largo plazo. Haz del <a href=\"https:\/\/www.isdin.com\/blog\/spf-significado-y-recomendaciones-segun-tu-piel\/\">SPF tu mejor aliado<\/a>.<\/p>\n<\/div><\/div>\n\n\n\n<p>Ahora s\u00ed, quedan m\u00e1s de 300 d\u00edas por escribir en 2026, y queremos que este a\u00f1o no se trate solo de empezar, sino de construir. Que cada peque\u00f1o h\u00e1bito sea un cimiento para una <strong>piel m\u00e1s saludable, fuerte y luminosa<\/strong>, y si ya tienes una buena rutina, que sea el a\u00f1o donde la sostengas y la potencies.<\/p>\n\n\n\n<p class=\"has-text-align-left\">Nos vemos en 2026, isdinlover. Con una piel m\u00e1s radiante, m\u00e1s cuidada y m\u00e1s t\u00fa.<\/p>\n\n\n\n<p><\/p>\n","protected":false},"excerpt":{"rendered":"<p>Plantearnos metas para el nuevo a\u00f1o no es solo tradici\u00f3n, sino un reflejo de c\u00f3mo funciona nuestra mente. Los psic\u00f3logos lo llaman el efecto de un nuevo comienzo.<\/p>\n","protected":false},"author":69,"featured_media":13092,"comment_status":"closed","ping_status":"closed","sticky":false,"template":"","format":"image","meta":{"footnotes":""},"categories":[103,1],"tags":[],"class_list":["post-11504","post","type-post","status-publish","format-image","has-post-thumbnail","hentry","category-belleza","category-consejos-cuidados","post_format-post-format-image"],"yoast_head":"<!-- This site is optimized with the Yoast SEO Premium plugin v25.4 (Yoast SEO v25.4) - https:\/\/yoast.com\/wordpress\/plugins\/seo\/ -->\n<title>De meta a h\u00e1bito: la clave para cumplir tus prop\u00f3sitos en 2026 - ISDIN<\/title>\n<meta name=\"description\" content=\"\u00a1Es el momento ideal para transformar tus metas en h\u00e1bitos y lograr todos tus prop\u00f3sitos de 2026! Descubre c\u00f3mo dar el primer paso.\" \/>\n<meta name=\"robots\" content=\"index, follow, max-snippet:-1, max-image-preview:large, max-video-preview:-1\" \/>\n<link rel=\"canonical\" href=\"https:\/\/www.isdin.com\/es\/blog\/de-meta-a-habito-la-clave-para-el-exito\/\" \/>\n<meta property=\"og:locale\" content=\"es_ES\" \/>\n<meta property=\"og:type\" content=\"article\" \/>\n<meta property=\"og:title\" content=\"De meta a h\u00e1bito: la clave para cumplir tus prop\u00f3sitos en 2026\" \/>\n<meta property=\"og:description\" content=\"\u00a1Es el momento ideal para transformar tus metas en h\u00e1bitos y lograr todos tus prop\u00f3sitos de 2026! Descubre c\u00f3mo dar el primer paso.\" \/>\n<meta property=\"og:url\" content=\"https:\/\/www.isdin.com\/es\/blog\/de-meta-a-habito-la-clave-para-el-exito\/\" \/>\n<meta property=\"og:site_name\" content=\"ISDIN\" \/>\n<meta property=\"article:publisher\" content=\"https:\/\/es-es.facebook.com\/ISDIN.official\/\" \/>\n<meta property=\"article:published_time\" content=\"2026-01-03T09:12:00+00:00\" \/>\n<meta property=\"og:image\" content=\"https:\/\/www.isdin.com\/es\/blog\/wp-content\/uploads\/2025\/01\/2025_01_Propositos_IMG01-1.png\" \/>\n\t<meta property=\"og:image:width\" content=\"1200\" \/>\n\t<meta property=\"og:image:height\" content=\"760\" \/>\n\t<meta property=\"og:image:type\" content=\"image\/png\" \/>\n<meta name=\"author\" content=\"Belinda Mart\u00ednez\" \/>\n<meta name=\"twitter:card\" content=\"summary_large_image\" \/>\n<meta name=\"twitter:creator\" content=\"@isdin_official\" \/>\n<meta name=\"twitter:site\" content=\"@isdin_official\" \/>\n<meta name=\"twitter:label1\" content=\"Written by\" \/>\n\t<meta name=\"twitter:data1\" content=\"Belinda Mart\u00ednez\" \/>\n\t<meta name=\"twitter:label2\" content=\"Est. reading time\" \/>\n\t<meta name=\"twitter:data2\" content=\"8 minutes\" \/>\n<script type=\"application\/ld+json\" class=\"yoast-schema-graph\">{\"@context\":\"https:\/\/schema.org\",\"@graph\":[{\"@type\":\"Article\",\"@id\":\"https:\/\/www.isdin.com\/es\/blog\/de-meta-a-habito-la-clave-para-el-exito\/#article\",\"isPartOf\":{\"@id\":\"https:\/\/www.isdin.com\/es\/blog\/de-meta-a-habito-la-clave-para-el-exito\/\"},\"author\":{\"name\":\"Belinda Mart\u00ednez\",\"@id\":\"https:\/\/www.isdin.com\/es\/blog\/#\/schema\/person\/684015d7d9e78124cb4aa660f6fe8576\"},\"headline\":\"De meta a h\u00e1bito: la clave para cumplir tus prop\u00f3sitos en 2026\",\"datePublished\":\"2026-01-03T09:12:00+00:00\",\"mainEntityOfPage\":{\"@id\":\"https:\/\/www.isdin.com\/es\/blog\/de-meta-a-habito-la-clave-para-el-exito\/\"},\"wordCount\":1314,\"publisher\":{\"@id\":\"https:\/\/www.isdin.com\/es\/blog\/#organization\"},\"image\":{\"@id\":\"https:\/\/www.isdin.com\/es\/blog\/de-meta-a-habito-la-clave-para-el-exito\/#primaryimage\"},\"thumbnailUrl\":\"https:\/\/www.isdin.com\/es\/blog\/wp-content\/uploads\/2025\/01\/2025_01_Propositos_IMG01-1.png\",\"articleSection\":[\"Belleza\",\"Consejos y cuidados\"],\"inLanguage\":\"es-ES\"},{\"@type\":\"WebPage\",\"@id\":\"https:\/\/www.isdin.com\/es\/blog\/de-meta-a-habito-la-clave-para-el-exito\/\",\"url\":\"https:\/\/www.isdin.com\/es\/blog\/de-meta-a-habito-la-clave-para-el-exito\/\",\"name\":\"De meta a h\u00e1bito: la clave para cumplir tus prop\u00f3sitos en 2026 - ISDIN\",\"isPartOf\":{\"@id\":\"https:\/\/www.isdin.com\/es\/blog\/#website\"},\"primaryImageOfPage\":{\"@id\":\"https:\/\/www.isdin.com\/es\/blog\/de-meta-a-habito-la-clave-para-el-exito\/#primaryimage\"},\"image\":{\"@id\":\"https:\/\/www.isdin.com\/es\/blog\/de-meta-a-habito-la-clave-para-el-exito\/#primaryimage\"},\"thumbnailUrl\":\"https:\/\/www.isdin.com\/es\/blog\/wp-content\/uploads\/2025\/01\/2025_01_Propositos_IMG01-1.png\",\"datePublished\":\"2026-01-03T09:12:00+00:00\",\"description\":\"\u00a1Es el momento ideal para transformar tus metas en h\u00e1bitos y lograr todos tus prop\u00f3sitos de 2026! Descubre c\u00f3mo dar el primer paso.\",\"breadcrumb\":{\"@id\":\"https:\/\/www.isdin.com\/es\/blog\/de-meta-a-habito-la-clave-para-el-exito\/#breadcrumb\"},\"inLanguage\":\"es-ES\",\"potentialAction\":[{\"@type\":\"ReadAction\",\"target\":[\"https:\/\/www.isdin.com\/es\/blog\/de-meta-a-habito-la-clave-para-el-exito\/\"]}]},{\"@type\":\"ImageObject\",\"inLanguage\":\"es-ES\",\"@id\":\"https:\/\/www.isdin.com\/es\/blog\/de-meta-a-habito-la-clave-para-el-exito\/#primaryimage\",\"url\":\"https:\/\/www.isdin.com\/es\/blog\/wp-content\/uploads\/2025\/01\/2025_01_Propositos_IMG01-1.png\",\"contentUrl\":\"https:\/\/www.isdin.com\/es\/blog\/wp-content\/uploads\/2025\/01\/2025_01_Propositos_IMG01-1.png\",\"width\":1200,\"height\":760,\"caption\":\"Mujer sonr\u00ede a c\u00e1mara con luz c\u00e1lida natural resaltando su piel saludable. Evoca bienestar, autoestima, autocuidado y h\u00e1bitos de vida saludable.\"},{\"@type\":\"BreadcrumbList\",\"@id\":\"https:\/\/www.isdin.com\/es\/blog\/de-meta-a-habito-la-clave-para-el-exito\/#breadcrumb\",\"itemListElement\":[{\"@type\":\"ListItem\",\"position\":1,\"name\":\"Portada\",\"item\":\"https:\/\/www.isdin.com\/es\/blog\/\"},{\"@type\":\"ListItem\",\"position\":2,\"name\":\"De meta a h\u00e1bito: la clave para cumplir tus prop\u00f3sitos en 2026\"}]},{\"@type\":\"WebSite\",\"@id\":\"https:\/\/www.isdin.com\/es\/blog\/#website\",\"url\":\"https:\/\/www.isdin.com\/es\/blog\/\",\"name\":\"ISDIN\",\"description\":\"Novedades, lanzamientos de productos y toda la experiencia de ISDIN\",\"publisher\":{\"@id\":\"https:\/\/www.isdin.com\/es\/blog\/#organization\"},\"potentialAction\":[{\"@type\":\"SearchAction\",\"target\":{\"@type\":\"EntryPoint\",\"urlTemplate\":\"https:\/\/www.isdin.com\/es\/blog\/?s={search_term_string}\"},\"query-input\":{\"@type\":\"PropertyValueSpecification\",\"valueRequired\":true,\"valueName\":\"search_term_string\"}}],\"inLanguage\":\"es-ES\"},{\"@type\":\"Organization\",\"@id\":\"https:\/\/www.isdin.com\/es\/blog\/#organization\",\"name\":\"ISDIN\",\"alternateName\":\"ISDIN\",\"url\":\"https:\/\/www.isdin.com\/es\/blog\/\",\"logo\":{\"@type\":\"ImageObject\",\"inLanguage\":\"es-ES\",\"@id\":\"https:\/\/www.isdin.com\/es\/blog\/#\/schema\/logo\/image\/\",\"url\":\"https:\/\/www.isdin.com\/es\/blog\/wp-content\/uploads\/2024\/05\/2025_03_GuiaFoto_FWM.png\",\"contentUrl\":\"https:\/\/www.isdin.com\/es\/blog\/wp-content\/uploads\/2024\/05\/2025_03_GuiaFoto_FWM.png\",\"width\":670,\"height\":683,\"caption\":\"ISDIN\"},\"image\":{\"@id\":\"https:\/\/www.isdin.com\/es\/blog\/#\/schema\/logo\/image\/\"},\"sameAs\":[\"https:\/\/es-es.facebook.com\/ISDIN.official\/\",\"https:\/\/x.com\/isdin_official\",\"https:\/\/www.instagram.com\/isdinofficial\",\"https:\/\/www.youtube.com\/channel\/UCtoNJMKpDwdFLqgV23_lcqg\"],\"telephone\":\"659997812\"},{\"@type\":\"Person\",\"@id\":\"https:\/\/www.isdin.com\/es\/blog\/#\/schema\/person\/684015d7d9e78124cb4aa660f6fe8576\",\"name\":\"Belinda Mart\u00ednez\",\"image\":{\"@type\":\"ImageObject\",\"inLanguage\":\"es-ES\",\"@id\":\"https:\/\/www.isdin.com\/es\/blog\/#\/schema\/person\/image\/\",\"url\":\"https:\/\/www.isdin.com\/es\/blog\/wp-content\/uploads\/2017\/07\/jjjj.jpg\",\"contentUrl\":\"https:\/\/www.isdin.com\/es\/blog\/wp-content\/uploads\/2017\/07\/jjjj.jpg\",\"caption\":\"Belinda Mart\u00ednez\"},\"description\":\"Belinda es periodista y copywriter creativa. Tras a\u00f1os de experiencia, decidi\u00f3 fusionar sus habilidades de escritura con su amor por el skincare, convirti\u00e9ndose en una especialista en la materia. \u00bfSu imprescindible? Un buen b\u00e1lsamo de labios.\",\"sameAs\":[\"https:\/\/www.linkedin.com\/in\/thisisbel\/\"],\"url\":\"https:\/\/www.isdin.com\/es\/blog\/author\/belindamartinez\/\"}]}<\/script>\n<!-- \/ Yoast SEO Premium plugin. -->","yoast_head_json":{"title":"De meta a h\u00e1bito: la clave para cumplir tus prop\u00f3sitos en 2026 - ISDIN","description":"\u00a1Es el momento ideal para transformar tus metas en h\u00e1bitos y lograr todos tus prop\u00f3sitos de 2026! Descubre c\u00f3mo dar el primer paso.","robots":{"index":"index","follow":"follow","max-snippet":"max-snippet:-1","max-image-preview":"max-image-preview:large","max-video-preview":"max-video-preview:-1"},"canonical":"https:\/\/www.isdin.com\/es\/blog\/de-meta-a-habito-la-clave-para-el-exito\/","og_locale":"es_ES","og_type":"article","og_title":"De meta a h\u00e1bito: la clave para cumplir tus prop\u00f3sitos en 2026","og_description":"\u00a1Es el momento ideal para transformar tus metas en h\u00e1bitos y lograr todos tus prop\u00f3sitos de 2026! Descubre c\u00f3mo dar el primer paso.","og_url":"https:\/\/www.isdin.com\/es\/blog\/de-meta-a-habito-la-clave-para-el-exito\/","og_site_name":"ISDIN","article_publisher":"https:\/\/es-es.facebook.com\/ISDIN.official\/","article_published_time":"2026-01-03T09:12:00+00:00","og_image":[{"width":1200,"height":760,"url":"https:\/\/www.isdin.com\/es\/blog\/wp-content\/uploads\/2025\/01\/2025_01_Propositos_IMG01-1.png","type":"image\/png"}],"author":"Belinda Mart\u00ednez","twitter_card":"summary_large_image","twitter_creator":"@isdin_official","twitter_site":"@isdin_official","twitter_misc":{"Written by":"Belinda Mart\u00ednez","Est. reading time":"8 minutes"},"schema":{"@context":"https:\/\/schema.org","@graph":[{"@type":"Article","@id":"https:\/\/www.isdin.com\/es\/blog\/de-meta-a-habito-la-clave-para-el-exito\/#article","isPartOf":{"@id":"https:\/\/www.isdin.com\/es\/blog\/de-meta-a-habito-la-clave-para-el-exito\/"},"author":{"name":"Belinda Mart\u00ednez","@id":"https:\/\/www.isdin.com\/es\/blog\/#\/schema\/person\/684015d7d9e78124cb4aa660f6fe8576"},"headline":"De meta a h\u00e1bito: la clave para cumplir tus prop\u00f3sitos en 2026","datePublished":"2026-01-03T09:12:00+00:00","mainEntityOfPage":{"@id":"https:\/\/www.isdin.com\/es\/blog\/de-meta-a-habito-la-clave-para-el-exito\/"},"wordCount":1314,"publisher":{"@id":"https:\/\/www.isdin.com\/es\/blog\/#organization"},"image":{"@id":"https:\/\/www.isdin.com\/es\/blog\/de-meta-a-habito-la-clave-para-el-exito\/#primaryimage"},"thumbnailUrl":"https:\/\/www.isdin.com\/es\/blog\/wp-content\/uploads\/2025\/01\/2025_01_Propositos_IMG01-1.png","articleSection":["Belleza","Consejos y cuidados"],"inLanguage":"es-ES"},{"@type":"WebPage","@id":"https:\/\/www.isdin.com\/es\/blog\/de-meta-a-habito-la-clave-para-el-exito\/","url":"https:\/\/www.isdin.com\/es\/blog\/de-meta-a-habito-la-clave-para-el-exito\/","name":"De meta a h\u00e1bito: la clave para cumplir tus prop\u00f3sitos en 2026 - ISDIN","isPartOf":{"@id":"https:\/\/www.isdin.com\/es\/blog\/#website"},"primaryImageOfPage":{"@id":"https:\/\/www.isdin.com\/es\/blog\/de-meta-a-habito-la-clave-para-el-exito\/#primaryimage"},"image":{"@id":"https:\/\/www.isdin.com\/es\/blog\/de-meta-a-habito-la-clave-para-el-exito\/#primaryimage"},"thumbnailUrl":"https:\/\/www.isdin.com\/es\/blog\/wp-content\/uploads\/2025\/01\/2025_01_Propositos_IMG01-1.png","datePublished":"2026-01-03T09:12:00+00:00","description":"\u00a1Es el momento ideal para transformar tus metas en h\u00e1bitos y lograr todos tus prop\u00f3sitos de 2026! Descubre c\u00f3mo dar el primer paso.","breadcrumb":{"@id":"https:\/\/www.isdin.com\/es\/blog\/de-meta-a-habito-la-clave-para-el-exito\/#breadcrumb"},"inLanguage":"es-ES","potentialAction":[{"@type":"ReadAction","target":["https:\/\/www.isdin.com\/es\/blog\/de-meta-a-habito-la-clave-para-el-exito\/"]}]},{"@type":"ImageObject","inLanguage":"es-ES","@id":"https:\/\/www.isdin.com\/es\/blog\/de-meta-a-habito-la-clave-para-el-exito\/#primaryimage","url":"https:\/\/www.isdin.com\/es\/blog\/wp-content\/uploads\/2025\/01\/2025_01_Propositos_IMG01-1.png","contentUrl":"https:\/\/www.isdin.com\/es\/blog\/wp-content\/uploads\/2025\/01\/2025_01_Propositos_IMG01-1.png","width":1200,"height":760,"caption":"Mujer sonr\u00ede a c\u00e1mara con luz c\u00e1lida natural resaltando su piel saludable. Evoca bienestar, autoestima, autocuidado y h\u00e1bitos de vida saludable."},{"@type":"BreadcrumbList","@id":"https:\/\/www.isdin.com\/es\/blog\/de-meta-a-habito-la-clave-para-el-exito\/#breadcrumb","itemListElement":[{"@type":"ListItem","position":1,"name":"Portada","item":"https:\/\/www.isdin.com\/es\/blog\/"},{"@type":"ListItem","position":2,"name":"De meta a h\u00e1bito: la clave para cumplir tus prop\u00f3sitos en 2026"}]},{"@type":"WebSite","@id":"https:\/\/www.isdin.com\/es\/blog\/#website","url":"https:\/\/www.isdin.com\/es\/blog\/","name":"ISDIN","description":"Novedades, lanzamientos de productos y toda la experiencia de ISDIN","publisher":{"@id":"https:\/\/www.isdin.com\/es\/blog\/#organization"},"potentialAction":[{"@type":"SearchAction","target":{"@type":"EntryPoint","urlTemplate":"https:\/\/www.isdin.com\/es\/blog\/?s={search_term_string}"},"query-input":{"@type":"PropertyValueSpecification","valueRequired":true,"valueName":"search_term_string"}}],"inLanguage":"es-ES"},{"@type":"Organization","@id":"https:\/\/www.isdin.com\/es\/blog\/#organization","name":"ISDIN","alternateName":"ISDIN","url":"https:\/\/www.isdin.com\/es\/blog\/","logo":{"@type":"ImageObject","inLanguage":"es-ES","@id":"https:\/\/www.isdin.com\/es\/blog\/#\/schema\/logo\/image\/","url":"https:\/\/www.isdin.com\/es\/blog\/wp-content\/uploads\/2024\/05\/2025_03_GuiaFoto_FWM.png","contentUrl":"https:\/\/www.isdin.com\/es\/blog\/wp-content\/uploads\/2024\/05\/2025_03_GuiaFoto_FWM.png","width":670,"height":683,"caption":"ISDIN"},"image":{"@id":"https:\/\/www.isdin.com\/es\/blog\/#\/schema\/logo\/image\/"},"sameAs":["https:\/\/es-es.facebook.com\/ISDIN.official\/","https:\/\/x.com\/isdin_official","https:\/\/www.instagram.com\/isdinofficial","https:\/\/www.youtube.com\/channel\/UCtoNJMKpDwdFLqgV23_lcqg"],"telephone":"659997812"},{"@type":"Person","@id":"https:\/\/www.isdin.com\/es\/blog\/#\/schema\/person\/684015d7d9e78124cb4aa660f6fe8576","name":"Belinda Mart\u00ednez","image":{"@type":"ImageObject","inLanguage":"es-ES","@id":"https:\/\/www.isdin.com\/es\/blog\/#\/schema\/person\/image\/","url":"https:\/\/www.isdin.com\/es\/blog\/wp-content\/uploads\/2017\/07\/jjjj.jpg","contentUrl":"https:\/\/www.isdin.com\/es\/blog\/wp-content\/uploads\/2017\/07\/jjjj.jpg","caption":"Belinda Mart\u00ednez"},"description":"Belinda es periodista y copywriter creativa. Tras a\u00f1os de experiencia, decidi\u00f3 fusionar sus habilidades de escritura con su amor por el skincare, convirti\u00e9ndose en una especialista en la materia. \u00bfSu imprescindible? Un buen b\u00e1lsamo de labios.","sameAs":["https:\/\/www.linkedin.com\/in\/thisisbel\/"],"url":"https:\/\/www.isdin.com\/es\/blog\/author\/belindamartinez\/"}]}},"_links":{"self":[{"href":"https:\/\/www.isdin.com\/es\/blog\/wp-json\/wp\/v2\/posts\/11504","targetHints":{"allow":["GET"]}}],"collection":[{"href":"https:\/\/www.isdin.com\/es\/blog\/wp-json\/wp\/v2\/posts"}],"about":[{"href":"https:\/\/www.isdin.com\/es\/blog\/wp-json\/wp\/v2\/types\/post"}],"author":[{"embeddable":true,"href":"https:\/\/www.isdin.com\/es\/blog\/wp-json\/wp\/v2\/users\/69"}],"replies":[{"embeddable":true,"href":"https:\/\/www.isdin.com\/es\/blog\/wp-json\/wp\/v2\/comments?post=11504"}],"version-history":[{"count":4,"href":"https:\/\/www.isdin.com\/es\/blog\/wp-json\/wp\/v2\/posts\/11504\/revisions"}],"predecessor-version":[{"id":13093,"href":"https:\/\/www.isdin.com\/es\/blog\/wp-json\/wp\/v2\/posts\/11504\/revisions\/13093"}],"wp:featuredmedia":[{"embeddable":true,"href":"https:\/\/www.isdin.com\/es\/blog\/wp-json\/wp\/v2\/media\/13092"}],"wp:attachment":[{"href":"https:\/\/www.isdin.com\/es\/blog\/wp-json\/wp\/v2\/media?parent=11504"}],"wp:term":[{"taxonomy":"category","embeddable":true,"href":"https:\/\/www.isdin.com\/es\/blog\/wp-json\/wp\/v2\/categories?post=11504"},{"taxonomy":"post_tag","embeddable":true,"href":"https:\/\/www.isdin.com\/es\/blog\/wp-json\/wp\/v2\/tags?post=11504"}],"curies":[{"name":"wp","href":"https:\/\/api.w.org\/{rel}","templated":true}]}}