{"id":10932,"date":"2024-09-05T10:00:00","date_gmt":"2024-09-05T10:00:00","guid":{"rendered":"https:\/\/www.isdin.com\/es\/blog\/?p=10932"},"modified":"2024-12-19T10:51:53","modified_gmt":"2024-12-19T10:51:53","slug":"skincare-y-medio-ambiente-belleza-mas-sostenible","status":"publish","type":"post","link":"https:\/\/www.isdin.com\/es\/blog\/skincare-y-medio-ambiente-belleza-mas-sostenible\/","title":{"rendered":"Skincare y medio ambiente: ponemos rumbo hacia una belleza m\u00e1s consciente y sostenible"},"content":{"rendered":"\n<p>Cada ma\u00f1ana, nos despertamos con una elecci\u00f3n a nuestro alcance: cuidar de nosotros mismos, de nuestros seres queridos y de la belleza que nos rodea. Porque nuestras acciones afectan tanto a nuestra piel como al planeta en el que vivimos.<\/p>\n\n\n\n<p>En una era donde la desconexi\u00f3n se ha convertido en la norma, muchos olvidan la importancia de este equilibrio. Pero basta con despertar y abrir nuestros ojos. La contaminaci\u00f3n deja cicatrices, no solo en nuestros rostros, sino tambi\u00e9n en la tierra.<\/p>\n\n\n\n<p><strong>Queremos cambiar esta narrativa y dirigirnos hacia una belleza m\u00e1s consciente y sostenible<\/strong>. Hoy, te mostramos c\u00f3mo t\u00fa tambi\u00e9n puedes ser parte del cambio.<\/p>\n\n\n\n<h2 class=\"wp-block-heading\" id=\"h-la-huella-de-la-contaminacion-en-la-piel\">La huella de la contaminaci\u00f3n en la piel<\/h2>\n\n\n\n<figure class=\"wp-block-image size-full\"><img loading=\"lazy\" decoding=\"async\" width=\"1200\" height=\"618\" src=\"data:image\/gif;base64,R0lGODlhAQABAAAAACH5BAEKAAEALAAAAAABAAEAAAICTAEAOw==\" data-src=\"https:\/\/www.isdin.com\/es\/blog\/wp-content\/uploads\/2024\/08\/2024_08_SkincareMedioambiente_IMG02.jpg\" alt=\"skincare y medio ambiente\" class=\"wp-image-10933 lazyload\"\/><\/figure>\n\n\n\n<p><\/p>\n\n\n\n<p>A menudo hablamos del estr\u00e9s oxidativo, que ocurre cuando hay un desequilibrio entre los <a href=\"https:\/\/www.isdin.com\/es\/blog\/que-son-los-radicales-libres-y-la-oxidacion-de-la-piel\/\">radicales libres<\/a> y los antioxidantes en nuestro cuerpo. Este desequilibrio da\u00f1a las c\u00e9lulas y acelera el envejecimiento. Ahora, varios estudios <a href=\"https:\/\/www.ncbi.nlm.nih.gov\/pmc\/articles\/PMC10341863\">demuestran<\/a> que la calidad del entorno, especialmente <a href=\"https:\/\/ijdvl.com\/effects-of-air-pollution-on-the-skin-a-review\/\">la poluci\u00f3n<\/a>, tambi\u00e9n lo agrava.<\/p>\n\n\n\n<p>Ya lo dice la <a href=\"https:\/\/www.who.int\/es\/news-room\/fact-sheets\/detail\/ambient-(outdoor)-air-quality-and-health\">OMS<\/a>: &#8220;la contaminaci\u00f3n del aire es uno de los mayores riesgos ambientales para la salud&#8221;. Y es que, de todos los factores externos que cada d\u00eda interact\u00faan con nuestra piel, la poluci\u00f3n es de los m\u00e1s importantes: las micropart\u00edculas nocivas del aire se adhieren a nuestros poros, provocando afecciones a corto y largo plazo. <strong>Esta relaci\u00f3n entre contaminaci\u00f3n y piel es innegable<\/strong>.<\/p>\n\n\n\n<ul class=\"wp-block-list\">\n<li>Puede dejar la <a href=\"https:\/\/www.isdin.com\/es\/blog\/piel-seca-o-deshidratada-tenemos-la-rutina-que-buscas\/\">piel m\u00e1s seca<\/a>, provocando deshidrataci\u00f3n o un desequilibrio en el pH.<\/li>\n<\/ul>\n\n\n\n<p><\/p>\n\n\n\n<ul class=\"wp-block-list\">\n<li>Reduce las defensas antioxidantes naturales de la piel.<\/li>\n<\/ul>\n\n\n\n<p><\/p>\n\n\n\n<ul class=\"wp-block-list\">\n<li>Favorece la aparici\u00f3n de problemas cut\u00e1neos comunes como la <a href=\"https:\/\/www.isdin.com\/es\/blog\/piel-atopica-todo-lo-que-necesitas-saber-para-cuidarla\/\">dermatitis<\/a> y la <a href=\"https:\/\/www.isdin.com\/es\/blog\/entendiendo-la-psoriasis-que-es-y-por-que-aparece\/\">psoriasis<\/a>.<\/li>\n<\/ul>\n\n\n\n<p><\/p>\n\n\n\n<ul class=\"wp-block-list\">\n<li>Incrementa la p\u00e9rdida de firmeza y la aparici\u00f3n de <a href=\"https:\/\/academic.oup.com\/bjd\/article\/185\/5\/1026\/6600094\">manchas hiperpigmentadas<\/a> y <a href=\"https:\/\/www.isdin.com\/es\/blog\/well-aging-como-prevenir-y-cuidar-nuestras-arrugas\/\">l\u00edneas de expresi\u00f3n<\/a>.<\/li>\n<\/ul>\n\n\n\n<p><\/p>\n\n\n\n<h3 class=\"wp-block-heading\">Hay m\u00e1s factores a tener en cuenta<\/h3>\n\n\n\n<figure class=\"wp-block-image size-full\"><img loading=\"lazy\" decoding=\"async\" width=\"868\" height=\"349\" src=\"data:image\/gif;base64,R0lGODlhAQABAAAAACH5BAEKAAEALAAAAAABAAEAAAICTAEAOw==\" data-src=\"https:\/\/www.isdin.com\/es\/blog\/wp-content\/uploads\/2024\/09\/Exposoma-Img02-123-071123-1.jpg\" alt=\"factores del exposoma\" class=\"wp-image-10941 lazyload\"\/><\/figure>\n\n\n\n<p><\/p>\n\n\n\n<p><a href=\"https:\/\/www.isdin.com\/es\/blog\/como-envejece-nuestra-piel\/\">Envejecer no tiene nada de malo<\/a>, pero siempre defendemos hacerlo en nuestra mejor piel: una piel saludable y cuidada. La poluci\u00f3n nos pisa los talones, y aunque algunas de sus huellas puedan ser invisibles a simple vista, en ISDIN no se nos escapan.<\/p>\n\n\n\n<p>Este a\u00f1o, <a href=\"https:\/\/www.isdin.com\/es\/blog\/dia-del-melanoma-prevencion-y-deteccion\/\">junto a la Dra. Puig<\/a>, estudiamos este y otros factores externos del <a href=\"https:\/\/www.isdin.com\/es\/blog\/que-es-el-exposoma-y-por-que-es-importante-protegerse-del-sol-cada-dia\/\">exposoma<\/a> para comprender c\u00f3mo nos afecta nuestro entorno e inspirar un futuro sin c\u00e1ncer de piel. \u00bfQu\u00e9 m\u00e1s hay que tener en cuenta? La <a href=\"https:\/\/www.isdin.com\/es\/blog\/efectos-radiacion-solar-piel\/\">radiaci\u00f3n solar<\/a>, nuestros h\u00e1bitos, las altas temperaturas, la <a href=\"https:\/\/www.isdin.com\/es\/blog\/consejos-para-dormir-bien\/\">falta de sue\u00f1o<\/a>, el <a href=\"https:\/\/www.isdin.com\/es\/blog\/como-afecta-el-estres-a-nuestra-piel\/\">estr\u00e9s<\/a> que provoca una vida sin pausa y una <a href=\"https:\/\/www.isdin.com\/es\/blog\/alimentos-antioxidantes-piel-luminosa\/\">alimentaci\u00f3n<\/a> no muy saludable. Todo suma.<\/p>\n\n\n\n<p>Y aqu\u00ed surge la pregunta: <strong>\u00bfpor d\u00f3nde empezamos?<\/strong> Con tantos factores a considerar, puede ser dif\u00edcil priorizar, pero nosotros lo tenemos claro: cuidar nuestra piel con productos que tambi\u00e9n cuiden todo aquello que la rodea.<\/p>\n\n\n\n<p class=\"has-background\" style=\"background-color:#f1dfbf\">En ISDIN, ya hemos comenzado a introducir <a href=\"https:\/\/www.isdin.com\/es\/search?q=recarga\">eco-refills para tus favoritos<\/a>. \u00a1Danos tiempo, pronto tendremos m\u00e1s!<\/p>\n\n\n\n<p><\/p>\n\n\n\n<h2 class=\"wp-block-heading\">Adapta tu rutina a las necesidades de tu piel y del planeta<\/h2>\n\n\n\n<p>Es hora de apostar por productos que se adapten a las necesidades cambiantes de tu piel y la protejan de los agentes estresantes externos, incorporando <a href=\"https:\/\/www.isdin.com\/es\/ingredientes\">ingredientes<\/a> que act\u00faan como escudos contra la contaminaci\u00f3n. Te dejamos algunas ideas:<\/p>\n\n\n\n<h3 class=\"wp-block-heading\">Usa un limpiador todo en uno<\/h3>\n\n\n\n<div class=\"wp-block-media-text has-media-on-the-right is-stacked-on-mobile\"><div class=\"wp-block-media-text__content\">\n<p><\/p>\n\n\n\n<p>Limpiar, hidratar e iluminar. Tres pasos que pueden conseguirse con un solo producto. Porque la clave para que tu rutina funcione es construirla sobre <strong>un rostro libre de impurezas.<\/strong><\/p>\n\n\n\n<p>Opta por un <a href=\"https:\/\/www.isdin.com\/es\/blog\/essential-cleansing\/\">limpiador en aceite<\/a>, capaz de atraer todo lo que tu piel no necesita. \u00a1Al final del d\u00eda, es hora de quitarse las part\u00edculas de poluci\u00f3n de encima!<\/p>\n<\/div><figure class=\"wp-block-media-text__media\"><img loading=\"lazy\" decoding=\"async\" width=\"670\" height=\"754\" src=\"data:image\/gif;base64,R0lGODlhAQABAAAAACH5BAEKAAEALAAAAAABAAEAAAICTAEAOw==\" data-src=\"https:\/\/www.isdin.com\/es\/blog\/wp-content\/uploads\/2024\/09\/2024_08_SkincareMedioambiente_IMG04.jpg\" alt=\"essential cleansing\" class=\"wp-image-10940 size-full lazyload\"\/><\/figure><\/div>\n\n\n\n<p><strong>Recomendaci\u00f3n ISDIN:<\/strong> <a href=\"https:\/\/www.isdin.com\/producto\/isdinceutics\/essential-cleansing\">Essential Cleansing<\/a>, con un un 85% de ingredientes de origen natural y un envase fabricado con un 50% de pl\u00e1stico reciclado.<\/p>\n\n\n\n<p><\/p>\n\n\n\n<h3 class=\"wp-block-heading\" id=\"h-introduce-un-serum-antimanchas\">Introduce un s\u00e9rum antimanchas<\/h3>\n\n\n\n<div class=\"wp-block-media-text is-stacked-on-mobile\"><figure class=\"wp-block-media-text__media\"><img loading=\"lazy\" decoding=\"async\" width=\"670\" height=\"754\" src=\"data:image\/gif;base64,R0lGODlhAQABAAAAACH5BAEKAAEALAAAAAABAAEAAAICTAEAOw==\" data-src=\"https:\/\/www.isdin.com\/es\/blog\/wp-content\/uploads\/2024\/09\/2024_08_SkincareMedioambiente_IMG05.jpg\" alt=\"s\u00e9rum recargable\" class=\"wp-image-10939 size-full lazyload\"\/><\/figure><div class=\"wp-block-media-text__content\">\n<p><\/p>\n\n\n\n<p>Adem\u00e1s de la deshidrataci\u00f3n y los signos visibles del envejecimiento prematuro, la contaminaci\u00f3n ambiental tambi\u00e9n puede desencadenar la aparici\u00f3n de <a href=\"https:\/\/www.isdin.com\/es\/blog\/manchas-en-la-piel-respondemos-a-tus-preguntas\/\">manchas oscuras<\/a>. Esto <strong>se debe principalmente a la producci\u00f3n de radicales libres y el estr\u00e9s oxidativo<\/strong>, que pueden aumentar la producci\u00f3n de melanina. Usa un <a href=\"https:\/\/www.isdin.com\/es\/blog\/guia-esencial-de-serums-dia-noche\/\">s\u00e9rum<\/a> antimanchas y convi\u00e9rtelo en tu aliado para prevenirlas.<\/p>\n<\/div><\/div>\n\n\n\n<p><strong>Recomendaci\u00f3n ISDIN<\/strong>: <a href=\"https:\/\/www.isdin.com\/es\/p\/melaclear\/3371\">Melaclear<\/a>, el s\u00e9rum con envase <em>eco-refill <\/em>que te permitir\u00e1 recargarlo tantas veces como quieras y<em> <\/em>ayudar as\u00ed a reducir el impacto medioambiental asociado a su uso.<\/p>\n\n\n\n<h3 class=\"wp-block-heading\">Enam\u00f3rate de una crema hidratante recargable<\/h3>\n\n\n\n<div class=\"wp-block-media-text has-media-on-the-right is-stacked-on-mobile\"><div class=\"wp-block-media-text__content\">\n<p><\/p>\n\n\n\n<p>Introduce en tu rutina una crema hidratante con ingredientes humectantes, como el <a href=\"https:\/\/www.isdin.com\/es\/blog\/para-que-sirve-acido-hialuronico\/\">\u00e1cido hialur\u00f3nico<\/a>. Ser\u00e1 ideal para ayudar a prevenir la aparici\u00f3n de las primeras arrugas en la zona y contrarrestar los efectos nocivos de la poluci\u00f3n.<\/p>\n\n\n\n<p>Una piel bien hidratada mantiene una <a href=\"https:\/\/www.isdin.com\/es\/blog\/que-es-la-barrera-cutanea\/\">barrera cut\u00e1nea<\/a> saludable, capaz de regularse y prevenir la deshidrataci\u00f3n. Adem\u00e1s, la crema ayuda a sellar todos los pasos anteriores <a href=\"https:\/\/www.isdin.com\/es\/blog\/en-que-orden-se-aplican-las-cremas\/\">en tu rutina<\/a>, y lo mejor es que <a href=\"https:\/\/www.isdin.com\/es\/blog\/guia-esencial-de-cremas-hidratantes-faciales\/\">hay una para cada tipo de piel<\/a>, adapt\u00e1ndose a sus necesidades y entorno.<\/p>\n<\/div><figure class=\"wp-block-media-text__media\"><img loading=\"lazy\" decoding=\"async\" width=\"670\" height=\"754\" src=\"data:image\/gif;base64,R0lGODlhAQABAAAAACH5BAEKAAEALAAAAAABAAEAAAICTAEAOw==\" data-src=\"https:\/\/www.isdin.com\/es\/blog\/wp-content\/uploads\/2024\/09\/2024_08_SkincareMedioambiente_IMG06.jpg\" alt=\"skincare y medio ambiente\" class=\"wp-image-10938 size-full lazyload\"\/><\/figure><\/div>\n\n\n\n<p><strong>Recomendaci\u00f3n ISDIN:<\/strong> <a href=\"https:\/\/www.isdin.com\/es\/search?q=hyaluronic+moisture\">Hyaluronic Moisture<\/a>, disponible en 3 f\u00f3rmulas diferentes para piel sensible, mixta o grasa, y normal o seca. Cada una de ellas con <em>eco-refill <\/em>disponible.<\/p>\n\n\n\n<p><\/p>\n\n\n\n<h3 class=\"wp-block-heading\" id=\"h-combate-la-oxidacion-con-un-fotoprotector\">Combate la oxidaci\u00f3n con un fotoprotector<\/h3>\n\n\n\n<div class=\"wp-block-media-text is-stacked-on-mobile\"><figure class=\"wp-block-media-text__media\"><img loading=\"lazy\" decoding=\"async\" width=\"670\" height=\"754\" src=\"data:image\/gif;base64,R0lGODlhAQABAAAAACH5BAEKAAEALAAAAAABAAEAAAICTAEAOw==\" data-src=\"https:\/\/www.isdin.com\/es\/blog\/wp-content\/uploads\/2024\/09\/2024_08_SkincareMedioambiente_IMG08-2.jpg\" alt=\"fotoprotector exposoma\" class=\"wp-image-10936 size-full lazyload\"\/><\/figure><div class=\"wp-block-media-text__content\">\n<p><\/p>\n\n\n\n<p>El <a href=\"https:\/\/www.isdin.com\/es\/blog\/fotoprotectores-solares-para-la-cara-isdin\/\">\u00faltimo paso de tu rutina<\/a> es la regla n\u00famero 1 de los dermat\u00f3logos: <strong>hay que usar un fotoprotector de amplio espectro cada d\u00eda y <a href=\"https:\/\/www.isdin.com\/blog\/como-aplicar-correctamente-el-fotoprotector-solar\/\">reaplicarlo<\/a> cada 2 horas<\/strong>. No solo previene el da\u00f1o a corto y largo plazo, sino que tambi\u00e9n combate la poluci\u00f3n al proteger la piel de los radicales libres, fortalecer la barrera cut\u00e1nea y frenar el <a href=\"https:\/\/www.isdin.com\/es\/blog\/efectos-del-fotoenvejecimiento-en-la-piel\/\">fotoenvejecimiento<\/a>.<\/p>\n\n\n\n<p>Te recomendamos un fotoprotector que combine activos <em>antiaging<\/em> y antioxidantes. Protege, repara y revierte los signos visibles del <a href=\"https:\/\/www.isdin.com\/es\/blog\/photoaging-rutina-para-pieles-maduras-te-interesa\/\"><em>photoaging<\/em><\/a> en un solo paso.<\/p>\n<\/div><\/div>\n\n\n\n<p><strong>Recomendaci\u00f3n ISDIN: <\/strong><a href=\"https:\/\/www.isdin.com\/es\/p\/fusion-water-magic-repair-spf-50\/4345\">Fusion Water MAGIC Repair<\/a>, un fotoprotector en compromiso con diferentes <a href=\"https:\/\/www.isdin.com\/es\/love-your-planet\">proyectos para el cuidado de mares y oc\u00e9anos<\/a>.<\/p>\n\n\n\n<p class=\"has-background\" style=\"background-color:#f1dfbd\">Por cada unidad vendida de cualquier producto de la l\u00ednea <a href=\"https:\/\/www.isdin.com\/es\/c\/proteccion-solar\/faciales\">Fusion Water MAGIC<\/a>, ISDIN contribuir\u00e1 a retirar el equivalente al peso de su envase en&nbsp;pl\u00e1stico presente en el Mediterr\u00e1neo.<\/p>\n\n\n\n<h3 class=\"wp-block-heading\" id=\"h-todo-empieza-con-un-pequeno-paso\">Todo empieza con un peque\u00f1o paso<\/h3>\n\n\n\n<figure class=\"wp-block-image size-full\"><img loading=\"lazy\" decoding=\"async\" width=\"1200\" height=\"618\" src=\"data:image\/gif;base64,R0lGODlhAQABAAAAACH5BAEKAAEALAAAAAABAAEAAAICTAEAOw==\" data-src=\"https:\/\/www.isdin.com\/es\/blog\/wp-content\/uploads\/2024\/09\/2024_08_SkincareMedioambiente_IMG09.jpg\" alt=\"skincare y medio ambiente\" class=\"wp-image-10935 lazyload\"\/><\/figure>\n\n\n\n<p><\/p>\n\n\n\n<p><a href=\"https:\/\/www.isdin.com\/es\/blog\/el-mediterraneo-fuente-de-vida-e-inspiracion\/\">As\u00ed ha sido para nosotros<\/a> y as\u00ed queremos que sea para ti. Te animamos a adoptar peque\u00f1os h\u00e1bitos diarios que ayuden a marcar la diferencia:<\/p>\n\n\n\n<ul class=\"wp-block-list\">\n<li><strong>\u00a1Prueba antes de comprar!<\/strong> Se acab\u00f3 eso de tener productos olvidados en el neceser o en el tocador. Aprovecha las ofertas de tiendas, pide muestras gratuitas o prueba productos de una amiga.<\/li>\n<\/ul>\n\n\n\n<p><\/p>\n\n\n\n<ul class=\"wp-block-list\">\n<li><strong>Apuesta por las recargas ecol\u00f3gicas<\/strong>: no hay nada como enamorarte de un producto y poder recargar su envase.<\/li>\n<\/ul>\n\n\n\n<p><\/p>\n\n\n\n<ul class=\"wp-block-list\">\n<li><strong>Recicla y da rienda suelta a tu imaginaci\u00f3n:<\/strong> \u00a1hay miles de cosas que se pueden hacer con los envases!<\/li>\n<\/ul>\n\n\n\n<p>Y, sobre todo, cu\u00eddate cada d\u00eda. Solo tenemos un planeta y una piel. Protege ambos y contribuye a un futuro m\u00e1s saludable y sostenible.<\/p>\n","protected":false},"excerpt":{"rendered":"<p>Cada ma\u00f1ana, nos despertamos con una elecci\u00f3n a nuestro alcance: cuidar de nosotros mismos, de nuestros seres queridos y de la belleza que nos rodea. <\/p>\n","protected":false},"author":69,"featured_media":10942,"comment_status":"closed","ping_status":"closed","sticky":false,"template":"","format":"image","meta":{"footnotes":""},"categories":[1,64],"tags":[123,361,368],"class_list":["post-10932","post","type-post","status-publish","format-image","has-post-thumbnail","hentry","category-consejos-cuidados","category-productos-innovacion-isdin","tag-cuidado-piel","tag-medio-ambiente","tag-rutina-de-belleza","post_format-post-format-image"],"yoast_head":"<!-- This site is optimized with the Yoast SEO Premium plugin v25.4 (Yoast SEO v25.4) - https:\/\/yoast.com\/wordpress\/plugins\/seo\/ -->\n<title>Skincare y medio ambiente: ponemos rumbo hacia una belleza m\u00e1s consciente y sostenible - ISDIN<\/title>\n<meta name=\"description\" content=\"Descubre c\u00f3mo cuidar tu piel mientras proteges el medio ambiente con nuestras soluciones y consejos eco-friendly.\" \/>\n<meta name=\"robots\" content=\"index, follow, max-snippet:-1, max-image-preview:large, max-video-preview:-1\" \/>\n<link rel=\"canonical\" href=\"https:\/\/www.isdin.com\/es\/blog\/skincare-y-medio-ambiente-belleza-mas-sostenible\/\" \/>\n<meta property=\"og:locale\" content=\"es_ES\" \/>\n<meta property=\"og:type\" content=\"article\" \/>\n<meta property=\"og:title\" content=\"Skincare y medio ambiente: ponemos rumbo hacia una belleza m\u00e1s consciente y sostenible\" \/>\n<meta property=\"og:description\" content=\"Descubre c\u00f3mo cuidar tu piel mientras proteges el medio ambiente con nuestras soluciones y consejos eco-friendly.\" \/>\n<meta property=\"og:url\" content=\"https:\/\/www.isdin.com\/es\/blog\/skincare-y-medio-ambiente-belleza-mas-sostenible\/\" \/>\n<meta property=\"og:site_name\" content=\"ISDIN\" \/>\n<meta property=\"article:publisher\" content=\"https:\/\/es-es.facebook.com\/ISDIN.official\/\" \/>\n<meta property=\"article:published_time\" content=\"2024-09-05T10:00:00+00:00\" \/>\n<meta property=\"article:modified_time\" content=\"2024-12-19T10:51:53+00:00\" \/>\n<meta property=\"og:image\" content=\"https:\/\/www.isdin.com\/es\/blog\/wp-content\/uploads\/2024\/09\/2024_08_SkincareMedioambiente_IMG01.jpg\" \/>\n\t<meta property=\"og:image:width\" content=\"1200\" \/>\n\t<meta property=\"og:image:height\" content=\"760\" \/>\n\t<meta property=\"og:image:type\" content=\"image\/jpeg\" \/>\n<meta name=\"author\" content=\"Belinda Mart\u00ednez\" \/>\n<meta name=\"twitter:card\" content=\"summary_large_image\" \/>\n<meta name=\"twitter:creator\" content=\"@isdin_official\" \/>\n<meta name=\"twitter:site\" content=\"@isdin_official\" \/>\n<meta name=\"twitter:label1\" content=\"Written by\" \/>\n\t<meta name=\"twitter:data1\" content=\"Belinda Mart\u00ednez\" \/>\n\t<meta name=\"twitter:label2\" content=\"Est. reading time\" \/>\n\t<meta name=\"twitter:data2\" content=\"7 minutes\" \/>\n<script type=\"application\/ld+json\" class=\"yoast-schema-graph\">{\"@context\":\"https:\/\/schema.org\",\"@graph\":[{\"@type\":\"Article\",\"@id\":\"https:\/\/www.isdin.com\/es\/blog\/skincare-y-medio-ambiente-belleza-mas-sostenible\/#article\",\"isPartOf\":{\"@id\":\"https:\/\/www.isdin.com\/es\/blog\/skincare-y-medio-ambiente-belleza-mas-sostenible\/\"},\"author\":{\"name\":\"Belinda Mart\u00ednez\",\"@id\":\"https:\/\/www.isdin.com\/es\/blog\/#\/schema\/person\/684015d7d9e78124cb4aa660f6fe8576\"},\"headline\":\"Skincare y medio ambiente: ponemos rumbo hacia una belleza m\u00e1s consciente y sostenible\",\"datePublished\":\"2024-09-05T10:00:00+00:00\",\"dateModified\":\"2024-12-19T10:51:53+00:00\",\"mainEntityOfPage\":{\"@id\":\"https:\/\/www.isdin.com\/es\/blog\/skincare-y-medio-ambiente-belleza-mas-sostenible\/\"},\"wordCount\":1150,\"publisher\":{\"@id\":\"https:\/\/www.isdin.com\/es\/blog\/#organization\"},\"image\":{\"@id\":\"https:\/\/www.isdin.com\/es\/blog\/skincare-y-medio-ambiente-belleza-mas-sostenible\/#primaryimage\"},\"thumbnailUrl\":\"https:\/\/www.isdin.com\/es\/blog\/wp-content\/uploads\/2024\/09\/2024_08_SkincareMedioambiente_IMG01.jpg\",\"keywords\":[\"cuidado piel\",\"medio ambiente\",\"rutina de belleza\"],\"articleSection\":[\"Consejos y cuidados\",\"Productos e innovaci\u00f3n\"],\"inLanguage\":\"es-ES\"},{\"@type\":\"WebPage\",\"@id\":\"https:\/\/www.isdin.com\/es\/blog\/skincare-y-medio-ambiente-belleza-mas-sostenible\/\",\"url\":\"https:\/\/www.isdin.com\/es\/blog\/skincare-y-medio-ambiente-belleza-mas-sostenible\/\",\"name\":\"Skincare y medio ambiente: ponemos rumbo hacia una belleza m\u00e1s consciente y sostenible - ISDIN\",\"isPartOf\":{\"@id\":\"https:\/\/www.isdin.com\/es\/blog\/#website\"},\"primaryImageOfPage\":{\"@id\":\"https:\/\/www.isdin.com\/es\/blog\/skincare-y-medio-ambiente-belleza-mas-sostenible\/#primaryimage\"},\"image\":{\"@id\":\"https:\/\/www.isdin.com\/es\/blog\/skincare-y-medio-ambiente-belleza-mas-sostenible\/#primaryimage\"},\"thumbnailUrl\":\"https:\/\/www.isdin.com\/es\/blog\/wp-content\/uploads\/2024\/09\/2024_08_SkincareMedioambiente_IMG01.jpg\",\"datePublished\":\"2024-09-05T10:00:00+00:00\",\"dateModified\":\"2024-12-19T10:51:53+00:00\",\"description\":\"Descubre c\u00f3mo cuidar tu piel mientras proteges el medio ambiente con nuestras soluciones y consejos eco-friendly.\",\"breadcrumb\":{\"@id\":\"https:\/\/www.isdin.com\/es\/blog\/skincare-y-medio-ambiente-belleza-mas-sostenible\/#breadcrumb\"},\"inLanguage\":\"es-ES\",\"potentialAction\":[{\"@type\":\"ReadAction\",\"target\":[\"https:\/\/www.isdin.com\/es\/blog\/skincare-y-medio-ambiente-belleza-mas-sostenible\/\"]}]},{\"@type\":\"ImageObject\",\"inLanguage\":\"es-ES\",\"@id\":\"https:\/\/www.isdin.com\/es\/blog\/skincare-y-medio-ambiente-belleza-mas-sostenible\/#primaryimage\",\"url\":\"https:\/\/www.isdin.com\/es\/blog\/wp-content\/uploads\/2024\/09\/2024_08_SkincareMedioambiente_IMG01.jpg\",\"contentUrl\":\"https:\/\/www.isdin.com\/es\/blog\/wp-content\/uploads\/2024\/09\/2024_08_SkincareMedioambiente_IMG01.jpg\",\"width\":1200,\"height\":760},{\"@type\":\"BreadcrumbList\",\"@id\":\"https:\/\/www.isdin.com\/es\/blog\/skincare-y-medio-ambiente-belleza-mas-sostenible\/#breadcrumb\",\"itemListElement\":[{\"@type\":\"ListItem\",\"position\":1,\"name\":\"Portada\",\"item\":\"https:\/\/www.isdin.com\/es\/blog\/\"},{\"@type\":\"ListItem\",\"position\":2,\"name\":\"Skincare y medio ambiente: ponemos rumbo hacia una belleza m\u00e1s consciente y sostenible\"}]},{\"@type\":\"WebSite\",\"@id\":\"https:\/\/www.isdin.com\/es\/blog\/#website\",\"url\":\"https:\/\/www.isdin.com\/es\/blog\/\",\"name\":\"ISDIN\",\"description\":\"Novedades, lanzamientos de productos y toda la experiencia de ISDIN\",\"publisher\":{\"@id\":\"https:\/\/www.isdin.com\/es\/blog\/#organization\"},\"potentialAction\":[{\"@type\":\"SearchAction\",\"target\":{\"@type\":\"EntryPoint\",\"urlTemplate\":\"https:\/\/www.isdin.com\/es\/blog\/?s={search_term_string}\"},\"query-input\":{\"@type\":\"PropertyValueSpecification\",\"valueRequired\":true,\"valueName\":\"search_term_string\"}}],\"inLanguage\":\"es-ES\"},{\"@type\":\"Organization\",\"@id\":\"https:\/\/www.isdin.com\/es\/blog\/#organization\",\"name\":\"ISDIN\",\"alternateName\":\"ISDIN\",\"url\":\"https:\/\/www.isdin.com\/es\/blog\/\",\"logo\":{\"@type\":\"ImageObject\",\"inLanguage\":\"es-ES\",\"@id\":\"https:\/\/www.isdin.com\/es\/blog\/#\/schema\/logo\/image\/\",\"url\":\"https:\/\/www.isdin.com\/es\/blog\/wp-content\/uploads\/2024\/05\/2025_03_GuiaFoto_FWM.png\",\"contentUrl\":\"https:\/\/www.isdin.com\/es\/blog\/wp-content\/uploads\/2024\/05\/2025_03_GuiaFoto_FWM.png\",\"width\":670,\"height\":683,\"caption\":\"ISDIN\"},\"image\":{\"@id\":\"https:\/\/www.isdin.com\/es\/blog\/#\/schema\/logo\/image\/\"},\"sameAs\":[\"https:\/\/es-es.facebook.com\/ISDIN.official\/\",\"https:\/\/x.com\/isdin_official\",\"https:\/\/www.instagram.com\/isdinofficial\",\"https:\/\/www.youtube.com\/channel\/UCtoNJMKpDwdFLqgV23_lcqg\"],\"telephone\":\"659997812\"},{\"@type\":\"Person\",\"@id\":\"https:\/\/www.isdin.com\/es\/blog\/#\/schema\/person\/684015d7d9e78124cb4aa660f6fe8576\",\"name\":\"Belinda Mart\u00ednez\",\"image\":{\"@type\":\"ImageObject\",\"inLanguage\":\"es-ES\",\"@id\":\"https:\/\/www.isdin.com\/es\/blog\/#\/schema\/person\/image\/\",\"url\":\"https:\/\/www.isdin.com\/es\/blog\/wp-content\/uploads\/2017\/07\/jjjj.jpg\",\"contentUrl\":\"https:\/\/www.isdin.com\/es\/blog\/wp-content\/uploads\/2017\/07\/jjjj.jpg\",\"caption\":\"Belinda Mart\u00ednez\"},\"description\":\"Belinda es periodista y copywriter creativa. Tras a\u00f1os de experiencia, decidi\u00f3 fusionar sus habilidades de escritura con su amor por el skincare, convirti\u00e9ndose en una especialista en la materia. \u00bfSu imprescindible? Un buen b\u00e1lsamo de labios.\",\"sameAs\":[\"https:\/\/www.linkedin.com\/in\/thisisbel\/\"],\"url\":\"https:\/\/www.isdin.com\/es\/blog\/author\/belindamartinez\/\"}]}<\/script>\n<!-- \/ Yoast SEO Premium plugin. -->","yoast_head_json":{"title":"Skincare y medio ambiente: ponemos rumbo hacia una belleza m\u00e1s consciente y sostenible - ISDIN","description":"Descubre c\u00f3mo cuidar tu piel mientras proteges el medio ambiente con nuestras soluciones y consejos eco-friendly.","robots":{"index":"index","follow":"follow","max-snippet":"max-snippet:-1","max-image-preview":"max-image-preview:large","max-video-preview":"max-video-preview:-1"},"canonical":"https:\/\/www.isdin.com\/es\/blog\/skincare-y-medio-ambiente-belleza-mas-sostenible\/","og_locale":"es_ES","og_type":"article","og_title":"Skincare y medio ambiente: ponemos rumbo hacia una belleza m\u00e1s consciente y sostenible","og_description":"Descubre c\u00f3mo cuidar tu piel mientras proteges el medio ambiente con nuestras soluciones y consejos eco-friendly.","og_url":"https:\/\/www.isdin.com\/es\/blog\/skincare-y-medio-ambiente-belleza-mas-sostenible\/","og_site_name":"ISDIN","article_publisher":"https:\/\/es-es.facebook.com\/ISDIN.official\/","article_published_time":"2024-09-05T10:00:00+00:00","article_modified_time":"2024-12-19T10:51:53+00:00","og_image":[{"width":1200,"height":760,"url":"https:\/\/www.isdin.com\/es\/blog\/wp-content\/uploads\/2024\/09\/2024_08_SkincareMedioambiente_IMG01.jpg","type":"image\/jpeg"}],"author":"Belinda Mart\u00ednez","twitter_card":"summary_large_image","twitter_creator":"@isdin_official","twitter_site":"@isdin_official","twitter_misc":{"Written by":"Belinda Mart\u00ednez","Est. reading time":"7 minutes"},"schema":{"@context":"https:\/\/schema.org","@graph":[{"@type":"Article","@id":"https:\/\/www.isdin.com\/es\/blog\/skincare-y-medio-ambiente-belleza-mas-sostenible\/#article","isPartOf":{"@id":"https:\/\/www.isdin.com\/es\/blog\/skincare-y-medio-ambiente-belleza-mas-sostenible\/"},"author":{"name":"Belinda Mart\u00ednez","@id":"https:\/\/www.isdin.com\/es\/blog\/#\/schema\/person\/684015d7d9e78124cb4aa660f6fe8576"},"headline":"Skincare y medio ambiente: ponemos rumbo hacia una belleza m\u00e1s consciente y sostenible","datePublished":"2024-09-05T10:00:00+00:00","dateModified":"2024-12-19T10:51:53+00:00","mainEntityOfPage":{"@id":"https:\/\/www.isdin.com\/es\/blog\/skincare-y-medio-ambiente-belleza-mas-sostenible\/"},"wordCount":1150,"publisher":{"@id":"https:\/\/www.isdin.com\/es\/blog\/#organization"},"image":{"@id":"https:\/\/www.isdin.com\/es\/blog\/skincare-y-medio-ambiente-belleza-mas-sostenible\/#primaryimage"},"thumbnailUrl":"https:\/\/www.isdin.com\/es\/blog\/wp-content\/uploads\/2024\/09\/2024_08_SkincareMedioambiente_IMG01.jpg","keywords":["cuidado piel","medio ambiente","rutina de belleza"],"articleSection":["Consejos y cuidados","Productos e innovaci\u00f3n"],"inLanguage":"es-ES"},{"@type":"WebPage","@id":"https:\/\/www.isdin.com\/es\/blog\/skincare-y-medio-ambiente-belleza-mas-sostenible\/","url":"https:\/\/www.isdin.com\/es\/blog\/skincare-y-medio-ambiente-belleza-mas-sostenible\/","name":"Skincare y medio ambiente: ponemos rumbo hacia una belleza m\u00e1s consciente y sostenible - ISDIN","isPartOf":{"@id":"https:\/\/www.isdin.com\/es\/blog\/#website"},"primaryImageOfPage":{"@id":"https:\/\/www.isdin.com\/es\/blog\/skincare-y-medio-ambiente-belleza-mas-sostenible\/#primaryimage"},"image":{"@id":"https:\/\/www.isdin.com\/es\/blog\/skincare-y-medio-ambiente-belleza-mas-sostenible\/#primaryimage"},"thumbnailUrl":"https:\/\/www.isdin.com\/es\/blog\/wp-content\/uploads\/2024\/09\/2024_08_SkincareMedioambiente_IMG01.jpg","datePublished":"2024-09-05T10:00:00+00:00","dateModified":"2024-12-19T10:51:53+00:00","description":"Descubre c\u00f3mo cuidar tu piel mientras proteges el medio ambiente con nuestras soluciones y consejos eco-friendly.","breadcrumb":{"@id":"https:\/\/www.isdin.com\/es\/blog\/skincare-y-medio-ambiente-belleza-mas-sostenible\/#breadcrumb"},"inLanguage":"es-ES","potentialAction":[{"@type":"ReadAction","target":["https:\/\/www.isdin.com\/es\/blog\/skincare-y-medio-ambiente-belleza-mas-sostenible\/"]}]},{"@type":"ImageObject","inLanguage":"es-ES","@id":"https:\/\/www.isdin.com\/es\/blog\/skincare-y-medio-ambiente-belleza-mas-sostenible\/#primaryimage","url":"https:\/\/www.isdin.com\/es\/blog\/wp-content\/uploads\/2024\/09\/2024_08_SkincareMedioambiente_IMG01.jpg","contentUrl":"https:\/\/www.isdin.com\/es\/blog\/wp-content\/uploads\/2024\/09\/2024_08_SkincareMedioambiente_IMG01.jpg","width":1200,"height":760},{"@type":"BreadcrumbList","@id":"https:\/\/www.isdin.com\/es\/blog\/skincare-y-medio-ambiente-belleza-mas-sostenible\/#breadcrumb","itemListElement":[{"@type":"ListItem","position":1,"name":"Portada","item":"https:\/\/www.isdin.com\/es\/blog\/"},{"@type":"ListItem","position":2,"name":"Skincare y medio ambiente: ponemos rumbo hacia una belleza m\u00e1s consciente y sostenible"}]},{"@type":"WebSite","@id":"https:\/\/www.isdin.com\/es\/blog\/#website","url":"https:\/\/www.isdin.com\/es\/blog\/","name":"ISDIN","description":"Novedades, lanzamientos de productos y toda la experiencia de ISDIN","publisher":{"@id":"https:\/\/www.isdin.com\/es\/blog\/#organization"},"potentialAction":[{"@type":"SearchAction","target":{"@type":"EntryPoint","urlTemplate":"https:\/\/www.isdin.com\/es\/blog\/?s={search_term_string}"},"query-input":{"@type":"PropertyValueSpecification","valueRequired":true,"valueName":"search_term_string"}}],"inLanguage":"es-ES"},{"@type":"Organization","@id":"https:\/\/www.isdin.com\/es\/blog\/#organization","name":"ISDIN","alternateName":"ISDIN","url":"https:\/\/www.isdin.com\/es\/blog\/","logo":{"@type":"ImageObject","inLanguage":"es-ES","@id":"https:\/\/www.isdin.com\/es\/blog\/#\/schema\/logo\/image\/","url":"https:\/\/www.isdin.com\/es\/blog\/wp-content\/uploads\/2024\/05\/2025_03_GuiaFoto_FWM.png","contentUrl":"https:\/\/www.isdin.com\/es\/blog\/wp-content\/uploads\/2024\/05\/2025_03_GuiaFoto_FWM.png","width":670,"height":683,"caption":"ISDIN"},"image":{"@id":"https:\/\/www.isdin.com\/es\/blog\/#\/schema\/logo\/image\/"},"sameAs":["https:\/\/es-es.facebook.com\/ISDIN.official\/","https:\/\/x.com\/isdin_official","https:\/\/www.instagram.com\/isdinofficial","https:\/\/www.youtube.com\/channel\/UCtoNJMKpDwdFLqgV23_lcqg"],"telephone":"659997812"},{"@type":"Person","@id":"https:\/\/www.isdin.com\/es\/blog\/#\/schema\/person\/684015d7d9e78124cb4aa660f6fe8576","name":"Belinda Mart\u00ednez","image":{"@type":"ImageObject","inLanguage":"es-ES","@id":"https:\/\/www.isdin.com\/es\/blog\/#\/schema\/person\/image\/","url":"https:\/\/www.isdin.com\/es\/blog\/wp-content\/uploads\/2017\/07\/jjjj.jpg","contentUrl":"https:\/\/www.isdin.com\/es\/blog\/wp-content\/uploads\/2017\/07\/jjjj.jpg","caption":"Belinda Mart\u00ednez"},"description":"Belinda es periodista y copywriter creativa. Tras a\u00f1os de experiencia, decidi\u00f3 fusionar sus habilidades de escritura con su amor por el skincare, convirti\u00e9ndose en una especialista en la materia. \u00bfSu imprescindible? Un buen b\u00e1lsamo de labios.","sameAs":["https:\/\/www.linkedin.com\/in\/thisisbel\/"],"url":"https:\/\/www.isdin.com\/es\/blog\/author\/belindamartinez\/"}]}},"_links":{"self":[{"href":"https:\/\/www.isdin.com\/es\/blog\/wp-json\/wp\/v2\/posts\/10932","targetHints":{"allow":["GET"]}}],"collection":[{"href":"https:\/\/www.isdin.com\/es\/blog\/wp-json\/wp\/v2\/posts"}],"about":[{"href":"https:\/\/www.isdin.com\/es\/blog\/wp-json\/wp\/v2\/types\/post"}],"author":[{"embeddable":true,"href":"https:\/\/www.isdin.com\/es\/blog\/wp-json\/wp\/v2\/users\/69"}],"replies":[{"embeddable":true,"href":"https:\/\/www.isdin.com\/es\/blog\/wp-json\/wp\/v2\/comments?post=10932"}],"version-history":[{"count":8,"href":"https:\/\/www.isdin.com\/es\/blog\/wp-json\/wp\/v2\/posts\/10932\/revisions"}],"predecessor-version":[{"id":11397,"href":"https:\/\/www.isdin.com\/es\/blog\/wp-json\/wp\/v2\/posts\/10932\/revisions\/11397"}],"wp:featuredmedia":[{"embeddable":true,"href":"https:\/\/www.isdin.com\/es\/blog\/wp-json\/wp\/v2\/media\/10942"}],"wp:attachment":[{"href":"https:\/\/www.isdin.com\/es\/blog\/wp-json\/wp\/v2\/media?parent=10932"}],"wp:term":[{"taxonomy":"category","embeddable":true,"href":"https:\/\/www.isdin.com\/es\/blog\/wp-json\/wp\/v2\/categories?post=10932"},{"taxonomy":"post_tag","embeddable":true,"href":"https:\/\/www.isdin.com\/es\/blog\/wp-json\/wp\/v2\/tags?post=10932"}],"curies":[{"name":"wp","href":"https:\/\/api.w.org\/{rel}","templated":true}]}}