{"id":10511,"date":"2025-06-06T11:13:22","date_gmt":"2025-06-06T11:13:22","guid":{"rendered":"https:\/\/www.isdin.com\/es\/blog\/?p=10511"},"modified":"2025-06-12T16:25:12","modified_gmt":"2025-06-12T16:25:12","slug":"el-mediterraneo-fuente-de-vida-e-inspiracion","status":"publish","type":"post","link":"https:\/\/www.isdin.com\/es\/blog\/el-mediterraneo-fuente-de-vida-e-inspiracion\/","title":{"rendered":"El Mediterr\u00e1neo: fuente de vida e inspiraci\u00f3n"},"content":{"rendered":"\n<p>El Mediterr\u00e1neo es mucho m\u00e1s que un mar; es una fuente abundante de investigaci\u00f3n, de recursos y, sobre todo, de vida. Para nosotros, <strong>como marca nacida en Barcelona, tambi\u00e9n es nuestro hogar.<\/strong> Y as\u00ed como la piel necesita que la cuidemos, el mar tambi\u00e9n necesita que lo protejamos. Por eso, en ISDIN tenemos un objetivo claro: <strong>hacer de nuestros productos parte del cambio.<\/strong><\/p>\n\n\n\n<p>Hoy queremos contarte las medidas que estamos tomando para ayudar a reducir nuestro impacto ambiental, regenerar la biodiversidad marina y proteger y restaurar los h\u00e1bitats mediterr\u00e1neos, todo como laboratorio espa\u00f1ol&nbsp;<a href=\"https:\/\/www.isdin.com\/bcorp\/\">B Corp<\/a>.<\/p>\n\n\n\n<p>Y recuerda: t\u00fa tambi\u00e9n puedes ser parte del cambio. \u00a1Sigue leyendo y descubre c\u00f3mo hacerlo junto a varios expertos!<\/p>\n\n\n\n<p><\/p>\n\n\n\n<h2 class=\"wp-block-heading\" id=\"h-un-soplo-de-aire-fresco\">Un soplo de aire fresco<\/h2>\n\n\n\n<p>\u00bfSab\u00edas que nuestros oc\u00e9anos generan m\u00e1s del <a href=\"https:\/\/oceanservice.noaa.gov\/news\/june14\/30days.html\">50% del ox\u00edgeno del planeta<\/a>? De esta poderosa cifra nace <a href=\"https:\/\/www.bluewavealliance.org\/isdin\">Bluewave Alliance<\/a>, nuestra iniciativa sin \u00e1nimo de lucro dedicada a ayudar a regenerar la salud del mar Mediterr\u00e1neo.<\/p>\n\n\n\n<p>A menudo conocidas como los pulmones del mar, las praderas de pastos marinos tienen una incre\u00edble capacidad para almacenar emisiones de carbono. En el Mediterr\u00e1neo, se encuentra una de las praderas m\u00e1s antiguas del mundo: <strong><em>Posidonia oceanica<\/em>.<\/strong> Con <a href=\"https:\/\/www.bluewavealliance.org\/proyectos#w-tabs-0-data-w-pane-2\">Bluewave Alliance<\/a>, nuestro objetivo es replantar y recuperar esta parte vital de la biodiversidad marina mediante 2 importantes planes de acci\u00f3n:<\/p>\n\n\n\n<h3 class=\"wp-block-heading\" id=\"h-1-posidonia-proyecto-de-replantacion\">1. Posidonia: proyecto de replantaci\u00f3n<\/h3>\n\n\n\n<p>El punto de partida crucial es intentar restaurar lo que ya se ha perdido. Nuria Marb\u00e0, del <a href=\"https:\/\/imedea.uib-csic.es\/\">Instituto Mediterr\u00e1neo de Estudios Avanzados<\/a>, nos lo explica: &#8220;Los ecosistemas de carbono azul, como las praderas marinas, ayudan a absorber gases de efecto invernadero. Cuando destruimos estos h\u00e1bitats, no solo dejamos de capturar CO2, sino que tambi\u00e9n corremos el riesgo de liberar el carbono que han estado almacenando durante a\u00f1os\u201d.<\/p>\n\n\n\n<p>Para contribuir, Bluewave Alliance lidera un emocionante proyecto de replantaci\u00f3n junto a cient\u00edficos, voluntarios y buzos. <strong>Juntos, recolectamos pl\u00e1ntulas de Posidonia en playas locales y las plantamos en su h\u00e1bitat natural.<\/strong><\/p>\n\n\n\n<p><\/p>\n\n\n\n<figure class=\"wp-block-image size-full\"><img loading=\"lazy\" decoding=\"async\" width=\"1200\" height=\"618\" src=\"data:image\/gif;base64,R0lGODlhAQABAAAAACH5BAEKAAEALAAAAAABAAEAAAICTAEAOw==\" data-src=\"https:\/\/www.isdin.com\/es\/blog\/wp-content\/uploads\/2024\/07\/2024_05_ESG_IMG05.jpg\" alt=\"posidonia marina\" class=\"wp-image-10513 lazyload\"\/><\/figure>\n\n\n\n<p><\/p>\n\n\n\n<h3 class=\"wp-block-heading\" id=\"h-2-descubre-posidonia\">2. Descubre Posidonia<\/h3>\n\n\n\n<p>\u00bfAlguna vez hab\u00edas o\u00eddo hablar sobre la Posidonia? Lejos de ser un alga, es una planta con ra\u00edz, tallo, hojas, frutos y flores, que ha conseguido adaptarse perfectamente a la vida bajo el mar. Como dijo Teresa Ribera, Ministra de Transici\u00f3n Ecol\u00f3gica de Espa\u00f1a, en el Simposio de Bluewave Alliance del a\u00f1o pasado: \u201cLas praderas son muy importantes por su tama\u00f1o. <strong>Protegen las costas y son incre\u00edblemente productivas<\/strong>\u201d.<\/p>\n\n\n\n<p>La mayor\u00eda de las personas no son conscientes de esto, lo que refuerza la necesidad de involucrar a nuestras comunidades locales y globales. Pero, \u00bf<strong>c\u00f3mo podemos lograrlo?<\/strong> Teresa tiene la clave: &#8220;Cuando tomamos conciencia, las ideas de conservaci\u00f3n comienzan a surgir a nivel local. <strong>Despu\u00e9s de una primera experiencia como voluntarios, las personas quieren seguir participando.<\/strong> Pero es fundamental hacerlo de manera efectiva. Aqu\u00ed es donde los cient\u00edficos apoyan y las organizaciones dirigen&#8221;.<\/p>\n\n\n\n<p><\/p>\n\n\n\n<div class=\"wp-block-group is-vertical is-layout-flex wp-container-core-group-is-layout-8cf370e7 wp-block-group-is-layout-flex\">\n<p class=\"has-background\" style=\"background-color:#f1dfbf\"><strong>As\u00ed es c\u00f3mo puedes ayudar:<\/strong> piensa en lo que te rodea. Aunque la posidonia es una de las praderas m\u00e1s importantes, no es el \u00fanico h\u00e1bitat marino que necesita tu apoyo. Consulta fundaciones como <a href=\"https:\/\/es.greenpeace.org\/es\/que-puedes-hacer-tu\/\">Greenpeace Espa\u00f1a<\/a> o <a href=\"https:\/\/www.goteo.org\/\">Goteo<\/a>, donde podr\u00e1s descubrir proyectos cerca de ti. <\/p>\n\n\n\n<p><\/p>\n<\/div>\n\n\n\n<figure class=\"wp-block-image size-full\"><img loading=\"lazy\" decoding=\"async\" width=\"1200\" height=\"618\" src=\"data:image\/gif;base64,R0lGODlhAQABAAAAACH5BAEKAAEALAAAAAABAAEAAAICTAEAOw==\" data-src=\"https:\/\/www.isdin.com\/es\/blog\/wp-content\/uploads\/2024\/07\/2024_05_ESG_IMG06.jpg\" alt=\"cuidar los mares y oc\u00e9anos\" class=\"wp-image-10515 lazyload\"\/><\/figure>\n\n\n\n<p><\/p>\n\n\n\n<p class=\"has-text-align-center\">\u00bfNo puedes ayudar en persona? Siempre puedes <a href=\"https:\/\/es.greenpeace.org\/es\/que-puedes-hacer-tu\/peticiones\/plasticos-uso\/\">firmar peticiones<\/a> o compartir iniciativas en redes sociales.<\/p>\n\n\n\n<p><\/p>\n\n\n\n<h2 class=\"wp-block-heading\">Lo hemos conseguido<\/h2>\n\n\n\n<p><\/p>\n\n\n\n<p>El mar Mediterr\u00e1neo alberga m\u00e1s de <a href=\"https:\/\/www.csic.es\/es\/actualidad-del-csic\/la-biodiversidad-del-mar-mediterraneo-es-la-mas-amenazada-del-planeta\">17.000 formas de vida marina<\/a>. De esas, alrededor del 30% son nativas de la regi\u00f3n, la tasa m\u00e1s alta a nivel mundial. Con tal maravillosa diversidad, no es de extra\u00f1ar que el mar sea un centro vital para turistas, cient\u00edficos y pescadores por igual. Pero su abundancia tambi\u00e9n contribuye a sus mayores amenazas. De hecho, <strong>m\u00e1s del<\/strong> <a href=\"https:\/\/www.miteco.gob.es\/es\/ceneam\/recursos\/pag-web\/mediterraneo-plasticos.html\">50% del pl\u00e1stico en el mar Mediterr\u00e1neo<\/a> <strong>proviene de redes de pesca.<\/strong><\/p>\n\n\n\n<p>En 2023 nos unimos a <a href=\"https:\/\/www.thegravitywave.com\/\">Gravity Wave<\/a> con un ambicioso objetivo: eliminar 65 toneladas de desechos del mar Mediterr\u00e1neo. Un objetivo cumplido gracias al esfuerzo conjunto de pescadores y buzos locales, logrando recolectar 65 toneladas de pl\u00e1stico de puertos y playas, y recibiendo por ello el <a href=\"https:\/\/forbes.es\/actualidad\/406067\/isdin-premiado-por-segundo-ano-en-los-gravity-wave-awards-por-su-compromiso-con-la-proteccion-del-mediterraneo\/\">Premio OLA A LA MAYOR IMPLICACI\u00d3N Plastic Free Oceans<\/a> en los <strong>Gravity Wave Awards.<\/strong><\/p>\n\n\n\n<p>En 2024, Juan Naya, CEO DE ISDIN, anunci\u00f3 un nuevo desaf\u00edo, \u201calcanzar las 200 toneladas\u201d. Otro objetivo cumplido, habiendo conseguido retirar, desde 2023, 265 toneladas de pl\u00e1stico del Mediterr\u00e1neo. Julen Rodr\u00edguez, uno de los fundadores y Co-CEO de Gravity Wave, explica: \u201cNuestro objetivo es seguir creciendo y contar con m\u00e1s agentes del cambio en esta lucha que nos implica a todos para vaciar nuestros mares de pl\u00e1sticos, uno de los materiales que m\u00e1s tarda en descomponerse\u201d.<\/p>\n\n\n\n<p><\/p>\n\n\n\n<h3 class=\"wp-block-heading\">Toda inspiraci\u00f3n tiene un comienzo<\/h3>\n\n\n\n<figure class=\"wp-block-image size-full\"><img loading=\"lazy\" decoding=\"async\" width=\"1200\" height=\"618\" src=\"data:image\/gif;base64,R0lGODlhAQABAAAAACH5BAEKAAEALAAAAAABAAEAAAICTAEAOw==\" data-src=\"https:\/\/www.isdin.com\/es\/blog\/wp-content\/uploads\/2024\/07\/2024_05_ESG_IMG07.jpg\" alt=\"limpiar el mediterr\u00e1neo\" class=\"wp-image-10516 lazyload\"\/><\/figure>\n\n\n\n<p><\/p>\n\n\n\n<p>Julen Rodr\u00edguez cuenta el suyo: \u201cMi hermana visit\u00f3 el sudeste asi\u00e1tico y se sorprendi\u00f3 al encontrar playas llenas de basura. Entonces pensamos, \u00bfpor qu\u00e9 no trabajamos con pescadores locales, que conocen y aman el mar, para ayudar a recoger desechos del Mediterr\u00e1neo? Pero cuando comenzamos a recoger redes, nos dimos cuenta de que las plantas de reciclaje no estaban preparadas para esto\u201d.<\/p>\n\n\n\n<p>Aqu\u00ed es donde nuestra uni\u00f3n cobra fuerza. Una vez que el pl\u00e1stico es retirado, le damos una nueva vida, ayudando a prevenir su regreso al mar. Junto con Gravity Wave, <strong>transformamos estas redes de pesca recuperadas en muebles sostenibles.<\/strong><\/p>\n\n\n\n<p class=\"has-background\" style=\"background-color:#f1dfbf\"><strong>As\u00ed es c\u00f3mo puedes ayudar: <\/strong>\u00a1da rienda suelta a tu imaginaci\u00f3n! En lugar de tirar las botellas de pl\u00e1stico al contenedor de reciclaje, saca tu lado creativo y reutil\u00edzalas. Una tarde de manualidades con los peques es perfecta para ello.<\/p>\n\n\n\n<p><\/p>\n\n\n\n<h2 class=\"wp-block-heading\">Hay algo que puedes hacer cada d\u00eda<\/h2>\n\n\n\n<figure class=\"wp-block-image size-full\"><img loading=\"lazy\" decoding=\"async\" width=\"1200\" height=\"618\" src=\"data:image\/gif;base64,R0lGODlhAQABAAAAACH5BAEKAAEALAAAAAABAAEAAAICTAEAOw==\" data-src=\"https:\/\/www.isdin.com\/es\/blog\/wp-content\/uploads\/2024\/07\/2024_05_ESG_IMG010.jpg\" alt=\"reducir nuestro impacto medioambiental\" class=\"wp-image-10517 lazyload\"\/><\/figure>\n\n\n\n<p><\/p>\n\n\n\n<p><strong>Existe una forma de marcar la diferencia aqu\u00ed y ahora:<\/strong> con <a href=\"https:\/\/www.isdin.com\/blog\/en-que-orden-se-aplican-las-cremas\/\">tu rutina de skincare<\/a>.<\/p>\n\n\n\n<ol class=\"wp-block-list\">\n<li><strong>Prueba, luego compra.<\/strong> Ya sea con el producto de una amiga, con una muestra o con el <em>tester<\/em> de tienda. Si est\u00e1s pensando en a\u00f1adir un nuevo aliado a tu rutina, probarlo ayuda a reducir el desperdicio de productos, recursos y, por supuesto, tu presupuesto.<\/li>\n\n\n\n<li><strong>Elige productos con eco-refill disponibles<\/strong>. Aunque nos queda un largo camino por recorrer, en ISDIN apostamos por reducir nuestro impacto ambiental con productos con recarga y envases ecodise\u00f1ados. Al comprar una recarga de tus productos favoritos, ayudas a minimizar tu impacto ambiental.<\/li>\n\n\n\n<li><strong>Usa <a href=\"https:\/\/www.miteco.gob.es\/ca\/ceneam\/recursos\/materiales\/3erres-reutilizar-reducir-reciclar.html#:~:text=Las%203%20erres%3A%20reutilizar%2C%20reducir%2C%20reciclar\">la regla de las 3 erres<\/a>: reutilizar, reducir, reciclar.<\/strong> A veces, reciclar es m\u00e1s que tirar el envase en el contenedor correspondiente. Aseg\u00farate de que est\u00e9 limpio, vac\u00edo y seco para que pueda ser reutilizado. \u00bfOtra idea? Reutiliza el envase para otra cosa: el envase vac\u00edo de tu crema favorita podr\u00eda ser el lugar perfecto para guardar gomas y horquillas.<\/li>\n<\/ol>\n\n\n\n<p><\/p>\n\n\n\n<figure class=\"wp-block-image size-full is-resized\"><img loading=\"lazy\" decoding=\"async\" width=\"1200\" height=\"618\" src=\"data:image\/gif;base64,R0lGODlhAQABAAAAACH5BAEKAAEALAAAAAABAAEAAAICTAEAOw==\" data-src=\"https:\/\/www.isdin.com\/es\/blog\/wp-content\/uploads\/2024\/07\/2024_05_ESG_IMG02-1.jpg\" alt=\"cosm\u00e9ticos eco\" class=\"wp-image-10518 lazyload\" style=\"width:670px;height:auto\"\/><\/figure>\n\n\n\n<p><\/p>\n\n\n\n<h2 class=\"wp-block-heading\">Un viaje por delante (juntos)<\/h2>\n\n\n\n<p>Siempre habr\u00e1 algo que podamos hacer para ayudar a proteger nuestros mares y oc\u00e9anos, por peque\u00f1o que sea el gesto. <strong>Porque al igual que con el <em>skincare<\/em>, cada paso marca la diferencia.<\/strong><\/p>\n\n\n\n<p>Juan Naya, CEO de ISDIN, nos deja con unas \u00faltimas palabras de inspiraci\u00f3n: &#8220;Ahora es el momento de actuar. Es hora de escuchar tanto a los cient\u00edficos como a los so\u00f1adores. Atrev\u00e1monos a so\u00f1ar, juntos&#8221;.<\/p>\n","protected":false},"excerpt":{"rendered":"<p>\u00bfSab\u00edas que nuestros oc\u00e9anos generan m\u00e1s del 50% del ox\u00edgeno del planeta? De esta poderosa cifra nace Bluewave Alliance, nuestra iniciativa dedicada a ayudar a regenerar la salud del mar Mediterr\u00e1neo.<\/p>\n","protected":false},"author":69,"featured_media":12141,"comment_status":"closed","ping_status":"closed","sticky":false,"template":"","format":"image","meta":{"footnotes":""},"categories":[64],"tags":[455],"class_list":["post-10511","post","type-post","status-publish","format-image","has-post-thumbnail","hentry","category-productos-innovacion-isdin","tag-mediterraneo","post_format-post-format-image"],"yoast_head":"<!-- This site is optimized with the Yoast SEO Premium plugin v25.4 (Yoast SEO v25.4) - https:\/\/yoast.com\/wordpress\/plugins\/seo\/ -->\n<title>El Mediterr\u00e1neo: fuente de vida e inspiraci\u00f3n - ISDIN<\/title>\n<meta name=\"description\" content=\"El Mediterr\u00e1neo, para nosotros, es mucho m\u00e1s que un mar; es nuestro hogar. Y como laboratorio espa\u00f1ol BCorp, queremos protegerlo.\" \/>\n<meta name=\"robots\" content=\"index, follow, max-snippet:-1, max-image-preview:large, max-video-preview:-1\" \/>\n<link rel=\"canonical\" href=\"https:\/\/www.isdin.com\/es\/blog\/el-mediterraneo-fuente-de-vida-e-inspiracion\/\" \/>\n<meta property=\"og:locale\" content=\"es_ES\" \/>\n<meta property=\"og:type\" content=\"article\" \/>\n<meta property=\"og:title\" content=\"El Mediterr\u00e1neo: fuente de vida e inspiraci\u00f3n\" \/>\n<meta property=\"og:description\" content=\"El Mediterr\u00e1neo, para nosotros, es mucho m\u00e1s que un mar; es nuestro hogar. Y como laboratorio espa\u00f1ol BCorp, queremos protegerlo.\" \/>\n<meta property=\"og:url\" content=\"https:\/\/www.isdin.com\/es\/blog\/el-mediterraneo-fuente-de-vida-e-inspiracion\/\" \/>\n<meta property=\"og:site_name\" content=\"ISDIN\" \/>\n<meta property=\"article:publisher\" content=\"https:\/\/es-es.facebook.com\/ISDIN.official\/\" \/>\n<meta property=\"article:published_time\" content=\"2025-06-06T11:13:22+00:00\" \/>\n<meta property=\"article:modified_time\" content=\"2025-06-12T16:25:12+00:00\" \/>\n<meta property=\"og:image\" content=\"https:\/\/www.isdin.com\/es\/blog\/wp-content\/uploads\/2025\/06\/pexels-photo-1001682.jpeg\" \/>\n\t<meta property=\"og:image:width\" content=\"1125\" \/>\n\t<meta property=\"og:image:height\" content=\"750\" \/>\n\t<meta property=\"og:image:type\" content=\"image\/jpeg\" \/>\n<meta name=\"author\" content=\"Belinda Mart\u00ednez&nbsp;y&nbsp;Irene Guti\u00e9rrez\" \/>\n<meta name=\"twitter:card\" content=\"summary_large_image\" \/>\n<meta name=\"twitter:creator\" content=\"@isdin_official\" \/>\n<meta name=\"twitter:site\" content=\"@isdin_official\" \/>\n<meta name=\"twitter:label1\" content=\"Written by\" \/>\n\t<meta name=\"twitter:data1\" content=\"Belinda Mart\u00ednez&nbsp;y&nbsp;Irene Guti\u00e9rrez\" \/>\n\t<meta name=\"twitter:label2\" content=\"Est. reading time\" \/>\n\t<meta name=\"twitter:data2\" content=\"7 minutes\" \/>\n<script type=\"application\/ld+json\" class=\"yoast-schema-graph\">{\"@context\":\"https:\/\/schema.org\",\"@graph\":[{\"@type\":\"Article\",\"@id\":\"https:\/\/www.isdin.com\/es\/blog\/el-mediterraneo-fuente-de-vida-e-inspiracion\/#article\",\"isPartOf\":{\"@id\":\"https:\/\/www.isdin.com\/es\/blog\/el-mediterraneo-fuente-de-vida-e-inspiracion\/\"},\"author\":{\"name\":\"Belinda Mart\u00ednez&nbsp;y&nbsp;Irene Guti\u00e9rrez\",\"@id\":\"https:\/\/www.isdin.com\/es\/blog\/#\/schema\/person\/684015d7d9e78124cb4aa660f6fe8576\"},\"headline\":\"El Mediterr\u00e1neo: fuente de vida e inspiraci\u00f3n\",\"datePublished\":\"2025-06-06T11:13:22+00:00\",\"dateModified\":\"2025-06-12T16:25:12+00:00\",\"mainEntityOfPage\":{\"@id\":\"https:\/\/www.isdin.com\/es\/blog\/el-mediterraneo-fuente-de-vida-e-inspiracion\/\"},\"wordCount\":1210,\"publisher\":{\"@id\":\"https:\/\/www.isdin.com\/es\/blog\/#organization\"},\"image\":{\"@id\":\"https:\/\/www.isdin.com\/es\/blog\/el-mediterraneo-fuente-de-vida-e-inspiracion\/#primaryimage\"},\"thumbnailUrl\":\"https:\/\/www.isdin.com\/es\/blog\/wp-content\/uploads\/2025\/06\/pexels-photo-1001682.jpeg\",\"keywords\":[\"Mediterr\u00e1neo\"],\"articleSection\":[\"Productos e innovaci\u00f3n\"],\"inLanguage\":\"es-ES\"},{\"@type\":\"WebPage\",\"@id\":\"https:\/\/www.isdin.com\/es\/blog\/el-mediterraneo-fuente-de-vida-e-inspiracion\/\",\"url\":\"https:\/\/www.isdin.com\/es\/blog\/el-mediterraneo-fuente-de-vida-e-inspiracion\/\",\"name\":\"El Mediterr\u00e1neo: fuente de vida e inspiraci\u00f3n - ISDIN\",\"isPartOf\":{\"@id\":\"https:\/\/www.isdin.com\/es\/blog\/#website\"},\"primaryImageOfPage\":{\"@id\":\"https:\/\/www.isdin.com\/es\/blog\/el-mediterraneo-fuente-de-vida-e-inspiracion\/#primaryimage\"},\"image\":{\"@id\":\"https:\/\/www.isdin.com\/es\/blog\/el-mediterraneo-fuente-de-vida-e-inspiracion\/#primaryimage\"},\"thumbnailUrl\":\"https:\/\/www.isdin.com\/es\/blog\/wp-content\/uploads\/2025\/06\/pexels-photo-1001682.jpeg\",\"datePublished\":\"2025-06-06T11:13:22+00:00\",\"dateModified\":\"2025-06-12T16:25:12+00:00\",\"description\":\"El Mediterr\u00e1neo, para nosotros, es mucho m\u00e1s que un mar; es nuestro hogar. Y como laboratorio espa\u00f1ol BCorp, queremos protegerlo.\",\"breadcrumb\":{\"@id\":\"https:\/\/www.isdin.com\/es\/blog\/el-mediterraneo-fuente-de-vida-e-inspiracion\/#breadcrumb\"},\"inLanguage\":\"es-ES\",\"potentialAction\":[{\"@type\":\"ReadAction\",\"target\":[\"https:\/\/www.isdin.com\/es\/blog\/el-mediterraneo-fuente-de-vida-e-inspiracion\/\"]}]},{\"@type\":\"ImageObject\",\"inLanguage\":\"es-ES\",\"@id\":\"https:\/\/www.isdin.com\/es\/blog\/el-mediterraneo-fuente-de-vida-e-inspiracion\/#primaryimage\",\"url\":\"https:\/\/www.isdin.com\/es\/blog\/wp-content\/uploads\/2025\/06\/pexels-photo-1001682.jpeg\",\"contentUrl\":\"https:\/\/www.isdin.com\/es\/blog\/wp-content\/uploads\/2025\/06\/pexels-photo-1001682.jpeg\",\"width\":1125,\"height\":750,\"caption\":\"mar mediterr\u00e1neo isdin\"},{\"@type\":\"BreadcrumbList\",\"@id\":\"https:\/\/www.isdin.com\/es\/blog\/el-mediterraneo-fuente-de-vida-e-inspiracion\/#breadcrumb\",\"itemListElement\":[{\"@type\":\"ListItem\",\"position\":1,\"name\":\"Portada\",\"item\":\"https:\/\/www.isdin.com\/es\/blog\/\"},{\"@type\":\"ListItem\",\"position\":2,\"name\":\"El Mediterr\u00e1neo: fuente de vida e inspiraci\u00f3n\"}]},{\"@type\":\"WebSite\",\"@id\":\"https:\/\/www.isdin.com\/es\/blog\/#website\",\"url\":\"https:\/\/www.isdin.com\/es\/blog\/\",\"name\":\"ISDIN\",\"description\":\"Novedades, lanzamientos de productos y toda la experiencia de ISDIN\",\"publisher\":{\"@id\":\"https:\/\/www.isdin.com\/es\/blog\/#organization\"},\"potentialAction\":[{\"@type\":\"SearchAction\",\"target\":{\"@type\":\"EntryPoint\",\"urlTemplate\":\"https:\/\/www.isdin.com\/es\/blog\/?s={search_term_string}\"},\"query-input\":{\"@type\":\"PropertyValueSpecification\",\"valueRequired\":true,\"valueName\":\"search_term_string\"}}],\"inLanguage\":\"es-ES\"},{\"@type\":\"Organization\",\"@id\":\"https:\/\/www.isdin.com\/es\/blog\/#organization\",\"name\":\"ISDIN\",\"alternateName\":\"ISDIN\",\"url\":\"https:\/\/www.isdin.com\/es\/blog\/\",\"logo\":{\"@type\":\"ImageObject\",\"inLanguage\":\"es-ES\",\"@id\":\"https:\/\/www.isdin.com\/es\/blog\/#\/schema\/logo\/image\/\",\"url\":\"https:\/\/www.isdin.com\/es\/blog\/wp-content\/uploads\/2024\/05\/2025_03_GuiaFoto_FWM.png\",\"contentUrl\":\"https:\/\/www.isdin.com\/es\/blog\/wp-content\/uploads\/2024\/05\/2025_03_GuiaFoto_FWM.png\",\"width\":670,\"height\":683,\"caption\":\"ISDIN\"},\"image\":{\"@id\":\"https:\/\/www.isdin.com\/es\/blog\/#\/schema\/logo\/image\/\"},\"sameAs\":[\"https:\/\/es-es.facebook.com\/ISDIN.official\/\",\"https:\/\/x.com\/isdin_official\",\"https:\/\/www.instagram.com\/isdinofficial\",\"https:\/\/www.youtube.com\/channel\/UCtoNJMKpDwdFLqgV23_lcqg\"],\"telephone\":\"659997812\"},[{\"@type\":[\"Person\"],\"@id\":\"https:\/\/www.isdin.com\/es\/blog\/#\/schema\/person\/684015d7d9e78124cb4aa660f6fe8576\",\"name\":\"Belinda Mart\u00ednez\",\"image\":{\"@type\":\"ImageObject\",\"@id\":\"https:\/\/www.isdin.com\/es\/blog\/#\/schema\/person\/image\/\",\"inLanguage\":\"es_ES\",\"url\":\"https:\/\/www.isdin.com\/es\/blog\/wp-content\/uploads\/2017\/07\/jjjj.jpg\",\"caption\":\"Belinda Mart\u00ednez\"}},{\"@type\":[\"Person\"],\"@id\":\"https:\/\/www.isdin.com\/es\/blog\/#\/schema\/person\/684015d7d9e78124cb4aa660f6fe8576\",\"name\":\"Irene Guti\u00e9rrez\",\"image\":{\"@type\":\"ImageObject\",\"@id\":\"https:\/\/www.isdin.com\/es\/blog\/#\/schema\/person\/image\/\",\"inLanguage\":\"es_ES\",\"url\":\"https:\/\/www.isdin.com\/es\/blog\/wp-content\/uploads\/2017\/07\/Irene_300x300.png\",\"caption\":\"Irene Guti\u00e9rrez\"}}]]}<\/script>\n<!-- \/ Yoast SEO Premium plugin. -->","yoast_head_json":{"title":"El Mediterr\u00e1neo: fuente de vida e inspiraci\u00f3n - ISDIN","description":"El Mediterr\u00e1neo, para nosotros, es mucho m\u00e1s que un mar; es nuestro hogar. Y como laboratorio espa\u00f1ol BCorp, queremos protegerlo.","robots":{"index":"index","follow":"follow","max-snippet":"max-snippet:-1","max-image-preview":"max-image-preview:large","max-video-preview":"max-video-preview:-1"},"canonical":"https:\/\/www.isdin.com\/es\/blog\/el-mediterraneo-fuente-de-vida-e-inspiracion\/","og_locale":"es_ES","og_type":"article","og_title":"El Mediterr\u00e1neo: fuente de vida e inspiraci\u00f3n","og_description":"El Mediterr\u00e1neo, para nosotros, es mucho m\u00e1s que un mar; es nuestro hogar. Y como laboratorio espa\u00f1ol BCorp, queremos protegerlo.","og_url":"https:\/\/www.isdin.com\/es\/blog\/el-mediterraneo-fuente-de-vida-e-inspiracion\/","og_site_name":"ISDIN","article_publisher":"https:\/\/es-es.facebook.com\/ISDIN.official\/","article_published_time":"2025-06-06T11:13:22+00:00","article_modified_time":"2025-06-12T16:25:12+00:00","og_image":[{"width":1125,"height":750,"url":"https:\/\/www.isdin.com\/es\/blog\/wp-content\/uploads\/2025\/06\/pexels-photo-1001682.jpeg","type":"image\/jpeg"}],"author":"Belinda Mart\u00ednez&nbsp;y&nbsp;Irene Guti\u00e9rrez","twitter_card":"summary_large_image","twitter_creator":"@isdin_official","twitter_site":"@isdin_official","twitter_misc":{"Written by":"Belinda Mart\u00ednez&nbsp;y&nbsp;Irene Guti\u00e9rrez","Est. reading time":"7 minutes"},"schema":{"@context":"https:\/\/schema.org","@graph":[{"@type":"Article","@id":"https:\/\/www.isdin.com\/es\/blog\/el-mediterraneo-fuente-de-vida-e-inspiracion\/#article","isPartOf":{"@id":"https:\/\/www.isdin.com\/es\/blog\/el-mediterraneo-fuente-de-vida-e-inspiracion\/"},"author":{"name":"Belinda Mart\u00ednez&nbsp;y&nbsp;Irene Guti\u00e9rrez","@id":"https:\/\/www.isdin.com\/es\/blog\/#\/schema\/person\/684015d7d9e78124cb4aa660f6fe8576"},"headline":"El Mediterr\u00e1neo: fuente de vida e inspiraci\u00f3n","datePublished":"2025-06-06T11:13:22+00:00","dateModified":"2025-06-12T16:25:12+00:00","mainEntityOfPage":{"@id":"https:\/\/www.isdin.com\/es\/blog\/el-mediterraneo-fuente-de-vida-e-inspiracion\/"},"wordCount":1210,"publisher":{"@id":"https:\/\/www.isdin.com\/es\/blog\/#organization"},"image":{"@id":"https:\/\/www.isdin.com\/es\/blog\/el-mediterraneo-fuente-de-vida-e-inspiracion\/#primaryimage"},"thumbnailUrl":"https:\/\/www.isdin.com\/es\/blog\/wp-content\/uploads\/2025\/06\/pexels-photo-1001682.jpeg","keywords":["Mediterr\u00e1neo"],"articleSection":["Productos e innovaci\u00f3n"],"inLanguage":"es-ES"},{"@type":"WebPage","@id":"https:\/\/www.isdin.com\/es\/blog\/el-mediterraneo-fuente-de-vida-e-inspiracion\/","url":"https:\/\/www.isdin.com\/es\/blog\/el-mediterraneo-fuente-de-vida-e-inspiracion\/","name":"El Mediterr\u00e1neo: fuente de vida e inspiraci\u00f3n - ISDIN","isPartOf":{"@id":"https:\/\/www.isdin.com\/es\/blog\/#website"},"primaryImageOfPage":{"@id":"https:\/\/www.isdin.com\/es\/blog\/el-mediterraneo-fuente-de-vida-e-inspiracion\/#primaryimage"},"image":{"@id":"https:\/\/www.isdin.com\/es\/blog\/el-mediterraneo-fuente-de-vida-e-inspiracion\/#primaryimage"},"thumbnailUrl":"https:\/\/www.isdin.com\/es\/blog\/wp-content\/uploads\/2025\/06\/pexels-photo-1001682.jpeg","datePublished":"2025-06-06T11:13:22+00:00","dateModified":"2025-06-12T16:25:12+00:00","description":"El Mediterr\u00e1neo, para nosotros, es mucho m\u00e1s que un mar; es nuestro hogar. Y como laboratorio espa\u00f1ol BCorp, queremos protegerlo.","breadcrumb":{"@id":"https:\/\/www.isdin.com\/es\/blog\/el-mediterraneo-fuente-de-vida-e-inspiracion\/#breadcrumb"},"inLanguage":"es-ES","potentialAction":[{"@type":"ReadAction","target":["https:\/\/www.isdin.com\/es\/blog\/el-mediterraneo-fuente-de-vida-e-inspiracion\/"]}]},{"@type":"ImageObject","inLanguage":"es-ES","@id":"https:\/\/www.isdin.com\/es\/blog\/el-mediterraneo-fuente-de-vida-e-inspiracion\/#primaryimage","url":"https:\/\/www.isdin.com\/es\/blog\/wp-content\/uploads\/2025\/06\/pexels-photo-1001682.jpeg","contentUrl":"https:\/\/www.isdin.com\/es\/blog\/wp-content\/uploads\/2025\/06\/pexels-photo-1001682.jpeg","width":1125,"height":750,"caption":"mar mediterr\u00e1neo isdin"},{"@type":"BreadcrumbList","@id":"https:\/\/www.isdin.com\/es\/blog\/el-mediterraneo-fuente-de-vida-e-inspiracion\/#breadcrumb","itemListElement":[{"@type":"ListItem","position":1,"name":"Portada","item":"https:\/\/www.isdin.com\/es\/blog\/"},{"@type":"ListItem","position":2,"name":"El Mediterr\u00e1neo: fuente de vida e inspiraci\u00f3n"}]},{"@type":"WebSite","@id":"https:\/\/www.isdin.com\/es\/blog\/#website","url":"https:\/\/www.isdin.com\/es\/blog\/","name":"ISDIN","description":"Novedades, lanzamientos de productos y toda la experiencia de ISDIN","publisher":{"@id":"https:\/\/www.isdin.com\/es\/blog\/#organization"},"potentialAction":[{"@type":"SearchAction","target":{"@type":"EntryPoint","urlTemplate":"https:\/\/www.isdin.com\/es\/blog\/?s={search_term_string}"},"query-input":{"@type":"PropertyValueSpecification","valueRequired":true,"valueName":"search_term_string"}}],"inLanguage":"es-ES"},{"@type":"Organization","@id":"https:\/\/www.isdin.com\/es\/blog\/#organization","name":"ISDIN","alternateName":"ISDIN","url":"https:\/\/www.isdin.com\/es\/blog\/","logo":{"@type":"ImageObject","inLanguage":"es-ES","@id":"https:\/\/www.isdin.com\/es\/blog\/#\/schema\/logo\/image\/","url":"https:\/\/www.isdin.com\/es\/blog\/wp-content\/uploads\/2024\/05\/2025_03_GuiaFoto_FWM.png","contentUrl":"https:\/\/www.isdin.com\/es\/blog\/wp-content\/uploads\/2024\/05\/2025_03_GuiaFoto_FWM.png","width":670,"height":683,"caption":"ISDIN"},"image":{"@id":"https:\/\/www.isdin.com\/es\/blog\/#\/schema\/logo\/image\/"},"sameAs":["https:\/\/es-es.facebook.com\/ISDIN.official\/","https:\/\/x.com\/isdin_official","https:\/\/www.instagram.com\/isdinofficial","https:\/\/www.youtube.com\/channel\/UCtoNJMKpDwdFLqgV23_lcqg"],"telephone":"659997812"},[{"@type":["Person"],"@id":"https:\/\/www.isdin.com\/es\/blog\/#\/schema\/person\/684015d7d9e78124cb4aa660f6fe8576","name":"Belinda Mart\u00ednez","image":{"@type":"ImageObject","@id":"https:\/\/www.isdin.com\/es\/blog\/#\/schema\/person\/image\/","inLanguage":"es_ES","url":"https:\/\/www.isdin.com\/es\/blog\/wp-content\/uploads\/2017\/07\/jjjj.jpg","caption":"Belinda Mart\u00ednez"}},{"@type":["Person"],"@id":"https:\/\/www.isdin.com\/es\/blog\/#\/schema\/person\/684015d7d9e78124cb4aa660f6fe8576","name":"Irene Guti\u00e9rrez","image":{"@type":"ImageObject","@id":"https:\/\/www.isdin.com\/es\/blog\/#\/schema\/person\/image\/","inLanguage":"es_ES","url":"https:\/\/www.isdin.com\/es\/blog\/wp-content\/uploads\/2017\/07\/Irene_300x300.png","caption":"Irene Guti\u00e9rrez"}}]]}},"_links":{"self":[{"href":"https:\/\/www.isdin.com\/es\/blog\/wp-json\/wp\/v2\/posts\/10511","targetHints":{"allow":["GET"]}}],"collection":[{"href":"https:\/\/www.isdin.com\/es\/blog\/wp-json\/wp\/v2\/posts"}],"about":[{"href":"https:\/\/www.isdin.com\/es\/blog\/wp-json\/wp\/v2\/types\/post"}],"author":[{"embeddable":true,"href":"https:\/\/www.isdin.com\/es\/blog\/wp-json\/wp\/v2\/users\/69"}],"replies":[{"embeddable":true,"href":"https:\/\/www.isdin.com\/es\/blog\/wp-json\/wp\/v2\/comments?post=10511"}],"version-history":[{"count":10,"href":"https:\/\/www.isdin.com\/es\/blog\/wp-json\/wp\/v2\/posts\/10511\/revisions"}],"predecessor-version":[{"id":12158,"href":"https:\/\/www.isdin.com\/es\/blog\/wp-json\/wp\/v2\/posts\/10511\/revisions\/12158"}],"wp:featuredmedia":[{"embeddable":true,"href":"https:\/\/www.isdin.com\/es\/blog\/wp-json\/wp\/v2\/media\/12141"}],"wp:attachment":[{"href":"https:\/\/www.isdin.com\/es\/blog\/wp-json\/wp\/v2\/media?parent=10511"}],"wp:term":[{"taxonomy":"category","embeddable":true,"href":"https:\/\/www.isdin.com\/es\/blog\/wp-json\/wp\/v2\/categories?post=10511"},{"taxonomy":"post_tag","embeddable":true,"href":"https:\/\/www.isdin.com\/es\/blog\/wp-json\/wp\/v2\/tags?post=10511"}],"curies":[{"name":"wp","href":"https:\/\/api.w.org\/{rel}","templated":true}]}}