{"id":10367,"date":"2024-06-06T15:32:57","date_gmt":"2024-06-06T15:32:57","guid":{"rendered":"https:\/\/www.isdin.com\/es\/blog\/?p=10367"},"modified":"2024-06-06T15:39:13","modified_gmt":"2024-06-06T15:39:13","slug":"asi-se-hizo-feel-the-magic-essentials","status":"publish","type":"post","link":"https:\/\/www.isdin.com\/es\/blog\/asi-se-hizo-feel-the-magic-essentials\/","title":{"rendered":"As\u00ed se hizo la ilustraci\u00f3n \u00fanica de Feel the MAGIC Essentials"},"content":{"rendered":"\n<p>El verano siempre trae consigo una explosi\u00f3n de colores vibrantes, aromas frescos y una energ\u00eda contagiosa que nos invita a disfrutar al m\u00e1ximo. Este a\u00f1o, quisimos capturar esa esencia y transformarla en algo tangible, algo que puedas llevar contigo all\u00e1 donde vayas. As\u00ed naci\u00f3 nuestra Feel the MAGIC Essentials ISDIN: una ilustraci\u00f3n veraniega que adorna una bolsa de tela y un neceser lleno de b\u00e1sicos de fotoprotecci\u00f3n. Pero lo que hace realmente especial esta ilustraci\u00f3n es que ha sido cocreada con las inspiraciones del verano de \u00a1<a href=\"https:\/\/love.isdin.com\/con\/es-ES\">nuestros isdinlovers<\/a>!<\/p>\n\n\n\n<h2 class=\"wp-block-heading\" id=\"h-el-inicio-del-viaje-creativo\">El inicio del viaje creativo<\/h2>\n\n\n\n<p>Todo comenz\u00f3 con una simple pregunta lanzada a nuestra comunidad: \u00bfcu\u00e1l es tu momento m\u00e1gico de verano? Las respuestas fueron tan variadas como emocionantes. Desde los atardeceres en la playa hasta el primer chapuz\u00f3n en la piscina, pasando por el primer helado y los largos paseos con tu perro. Cada respuesta nos llev\u00f3 un paso m\u00e1s cerca de nuestro objetivo: crear una&nbsp;<strong>ilustraci\u00f3n que encapsulara la magia de vuestro verano<\/strong>.<\/p>\n\n\n\n<p><\/p>\n\n\n\n<div class=\"wp-block-columns is-layout-flex wp-container-core-columns-is-layout-9d6595d7 wp-block-columns-is-layout-flex\">\n<div class=\"wp-block-column is-layout-flow wp-block-column-is-layout-flow\">\n<figure class=\"wp-block-image size-full\"><img loading=\"lazy\" decoding=\"async\" width=\"492\" height=\"875\" src=\"data:image\/gif;base64,R0lGODlhAQABAAAAACH5BAEKAAEALAAAAAABAAEAAAICTAEAOw==\" data-src=\"https:\/\/www.isdin.com\/es\/blog\/wp-content\/uploads\/2024\/06\/CON-2413_WOWVerano_9-16_MUSIC-GRAF.00_00_19_17-1-2.png\" alt=\"\" class=\"wp-image-10375 lazyload\" data-sizes=\"auto\" data-srcset=\"https:\/\/www.isdin.com\/es\/blog\/wp-content\/uploads\/2024\/06\/CON-2413_WOWVerano_9-16_MUSIC-GRAF.00_00_19_17-1-2.png 492w, https:\/\/www.isdin.com\/es\/blog\/wp-content\/uploads\/2024\/06\/CON-2413_WOWVerano_9-16_MUSIC-GRAF.00_00_19_17-1-2-169x300.png 169w, https:\/\/www.isdin.com\/es\/blog\/wp-content\/uploads\/2024\/06\/CON-2413_WOWVerano_9-16_MUSIC-GRAF.00_00_19_17-1-2-84x150.png 84w, https:\/\/www.isdin.com\/es\/blog\/wp-content\/uploads\/2024\/06\/CON-2413_WOWVerano_9-16_MUSIC-GRAF.00_00_19_17-1-2-450x800.png 450w, https:\/\/www.isdin.com\/es\/blog\/wp-content\/uploads\/2024\/06\/CON-2413_WOWVerano_9-16_MUSIC-GRAF.00_00_19_17-1-2-225x400.png 225w, https:\/\/www.isdin.com\/es\/blog\/wp-content\/uploads\/2024\/06\/CON-2413_WOWVerano_9-16_MUSIC-GRAF.00_00_19_17-1-2-20x36.png 20w\" sizes=\"auto, (max-width: 492px) 100vw, 492px\" \/><\/figure>\n<\/div>\n\n\n\n<div class=\"wp-block-column is-layout-flow wp-block-column-is-layout-flow\">\n<figure class=\"wp-block-image size-full\"><img loading=\"lazy\" decoding=\"async\" width=\"492\" height=\"875\" src=\"data:image\/gif;base64,R0lGODlhAQABAAAAACH5BAEKAAEALAAAAAABAAEAAAICTAEAOw==\" data-src=\"https:\/\/www.isdin.com\/es\/blog\/wp-content\/uploads\/2024\/06\/CON-2413_WOWVerano_9-16_MUSIC-GRAF.00_00_14_02-1-2.png\" alt=\"\" class=\"wp-image-10376 lazyload\" data-sizes=\"auto\" data-srcset=\"https:\/\/www.isdin.com\/es\/blog\/wp-content\/uploads\/2024\/06\/CON-2413_WOWVerano_9-16_MUSIC-GRAF.00_00_14_02-1-2.png 492w, https:\/\/www.isdin.com\/es\/blog\/wp-content\/uploads\/2024\/06\/CON-2413_WOWVerano_9-16_MUSIC-GRAF.00_00_14_02-1-2-169x300.png 169w, https:\/\/www.isdin.com\/es\/blog\/wp-content\/uploads\/2024\/06\/CON-2413_WOWVerano_9-16_MUSIC-GRAF.00_00_14_02-1-2-84x150.png 84w, https:\/\/www.isdin.com\/es\/blog\/wp-content\/uploads\/2024\/06\/CON-2413_WOWVerano_9-16_MUSIC-GRAF.00_00_14_02-1-2-450x800.png 450w, https:\/\/www.isdin.com\/es\/blog\/wp-content\/uploads\/2024\/06\/CON-2413_WOWVerano_9-16_MUSIC-GRAF.00_00_14_02-1-2-225x400.png 225w, https:\/\/www.isdin.com\/es\/blog\/wp-content\/uploads\/2024\/06\/CON-2413_WOWVerano_9-16_MUSIC-GRAF.00_00_14_02-1-2-20x36.png 20w\" sizes=\"auto, (max-width: 492px) 100vw, 492px\" \/><\/figure>\n<\/div>\n<\/div>\n\n\n\n<p><\/p>\n\n\n\n<h2 class=\"wp-block-heading\" id=\"h-el-proceso-creativo\">El proceso creativo<\/h2>\n\n\n\n<p>Nuestro equipo creativo se sumergi\u00f3 en las historias compartidas por nuestra comunidad, creando bocetos preliminares que capturaban la esencia de estas inspiraciones.&nbsp;<strong>Los colores c\u00e1lidos de las puestas de sol, las olas del mar rompiendo suavemente en la orilla y la alegr\u00eda de los momentos veraniegos<\/strong>&nbsp;comenzaron a tomar forma en el papel.<\/p>\n\n\n\n<p><\/p>\n\n\n\n<div class=\"wp-block-columns is-layout-flex wp-container-core-columns-is-layout-9d6595d7 wp-block-columns-is-layout-flex\">\n<div class=\"wp-block-column is-layout-flow wp-block-column-is-layout-flow\">\n<figure class=\"wp-block-image size-full\"><img loading=\"lazy\" decoding=\"async\" width=\"490\" height=\"870\" src=\"data:image\/gif;base64,R0lGODlhAQABAAAAACH5BAEKAAEALAAAAAABAAEAAAICTAEAOw==\" data-src=\"https:\/\/www.isdin.com\/es\/blog\/wp-content\/uploads\/2024\/06\/CON-2413_WOWVerano_9-16_MUSIC-GRAF.00_00_29_23-1-1-1.png\" alt=\"\" class=\"wp-image-10377 lazyload\" data-sizes=\"auto\" data-srcset=\"https:\/\/www.isdin.com\/es\/blog\/wp-content\/uploads\/2024\/06\/CON-2413_WOWVerano_9-16_MUSIC-GRAF.00_00_29_23-1-1-1.png 490w, https:\/\/www.isdin.com\/es\/blog\/wp-content\/uploads\/2024\/06\/CON-2413_WOWVerano_9-16_MUSIC-GRAF.00_00_29_23-1-1-1-169x300.png 169w, https:\/\/www.isdin.com\/es\/blog\/wp-content\/uploads\/2024\/06\/CON-2413_WOWVerano_9-16_MUSIC-GRAF.00_00_29_23-1-1-1-84x150.png 84w, https:\/\/www.isdin.com\/es\/blog\/wp-content\/uploads\/2024\/06\/CON-2413_WOWVerano_9-16_MUSIC-GRAF.00_00_29_23-1-1-1-450x799.png 450w, https:\/\/www.isdin.com\/es\/blog\/wp-content\/uploads\/2024\/06\/CON-2413_WOWVerano_9-16_MUSIC-GRAF.00_00_29_23-1-1-1-225x399.png 225w, https:\/\/www.isdin.com\/es\/blog\/wp-content\/uploads\/2024\/06\/CON-2413_WOWVerano_9-16_MUSIC-GRAF.00_00_29_23-1-1-1-20x36.png 20w\" sizes=\"auto, (max-width: 490px) 100vw, 490px\" \/><\/figure>\n<\/div>\n\n\n\n<div class=\"wp-block-column is-layout-flow wp-block-column-is-layout-flow\">\n<figure class=\"wp-block-image size-full\"><img loading=\"lazy\" decoding=\"async\" width=\"493\" height=\"875\" src=\"data:image\/gif;base64,R0lGODlhAQABAAAAACH5BAEKAAEALAAAAAABAAEAAAICTAEAOw==\" data-src=\"https:\/\/www.isdin.com\/es\/blog\/wp-content\/uploads\/2024\/06\/CON-2413_WOWVerano_9-16_MUSIC-GRAF.00_00_25_20-1-2.png\" alt=\"\" class=\"wp-image-10378 lazyload\" data-sizes=\"auto\" data-srcset=\"https:\/\/www.isdin.com\/es\/blog\/wp-content\/uploads\/2024\/06\/CON-2413_WOWVerano_9-16_MUSIC-GRAF.00_00_25_20-1-2.png 493w, https:\/\/www.isdin.com\/es\/blog\/wp-content\/uploads\/2024\/06\/CON-2413_WOWVerano_9-16_MUSIC-GRAF.00_00_25_20-1-2-169x300.png 169w, https:\/\/www.isdin.com\/es\/blog\/wp-content\/uploads\/2024\/06\/CON-2413_WOWVerano_9-16_MUSIC-GRAF.00_00_25_20-1-2-85x150.png 85w, https:\/\/www.isdin.com\/es\/blog\/wp-content\/uploads\/2024\/06\/CON-2413_WOWVerano_9-16_MUSIC-GRAF.00_00_25_20-1-2-450x799.png 450w, https:\/\/www.isdin.com\/es\/blog\/wp-content\/uploads\/2024\/06\/CON-2413_WOWVerano_9-16_MUSIC-GRAF.00_00_25_20-1-2-225x399.png 225w, https:\/\/www.isdin.com\/es\/blog\/wp-content\/uploads\/2024\/06\/CON-2413_WOWVerano_9-16_MUSIC-GRAF.00_00_25_20-1-2-20x35.png 20w\" sizes=\"auto, (max-width: 493px) 100vw, 493px\" \/><\/figure>\n<\/div>\n<\/div>\n\n\n\n<p><\/p>\n\n\n\n<p>El siguiente paso fue&nbsp;<strong>transformar estos bocetos en una ilustraci\u00f3n que todos quisi\u00e9ramos lucir<\/strong>. \u201cCon la ayuda de las im\u00e1genes que nos comparti\u00f3 la comunidad, comenzamos a dar vida a la ilustraci\u00f3n, cuidando cada detalle para asegurarnos de que cada elemento reflejara fielmente las inspiraciones de la comunidad\u201d, comparte M\u00f3nica Carrascosa, Senior Designer encargada de dar vida a la ilustraci\u00f3n.<\/p>\n\n\n\n<h2 class=\"wp-block-heading\" id=\"h-la-ilustracion-ya-tiene-vida\">\u00a1La ilustraci\u00f3n ya tiene vida!<\/h2>\n\n\n\n<figure class=\"wp-block-embed is-type-video is-provider-youtube wp-block-embed-youtube wp-embed-aspect-16-9 wp-has-aspect-ratio\"><div class=\"wp-block-embed__wrapper\">\n<div class=\"flex-video widescreen youtube\"><iframe loading=\"lazy\" title=\"Feel the MAGIC Essentials ISDIN - ISDIN\" width=\"500\" height=\"281\" src=\"https:\/\/www.youtube.com\/embed\/c6Io4hC0Gfw?feature=oembed&#038;showinfo=0&#038;rel=0&#038;modestbranding=1&#038;iv_load_policy=3&#038;playsinline=1&#038;enablejsapi=1\" frameborder=\"0\" allow=\"accelerometer; autoplay; clipboard-write; encrypted-media; gyroscope; picture-in-picture; web-share\" referrerpolicy=\"strict-origin-when-cross-origin\" allowfullscreen><\/iframe><\/div>\n<\/div><\/figure>\n\n\n\n<p><\/p>\n\n\n\n<p>Una vez que la ilustraci\u00f3n estuvo completa, el siguiente desaf\u00edo fue implementarlos en la colecci\u00f3n. La&nbsp;<a href=\"https:\/\/love.isdin.com\/con\/es-ES\/experience\/tote-bag\">Feel the MAGIC Tote Bag<\/a>&nbsp;y el&nbsp;<a href=\"https:\/\/love.isdin.com\/con\/es-ES\/experience\/4886\">Feel the MAGIC Beauty Bag<\/a>&nbsp;no son solo accesorios; son lienzos que llevan consigo la vibrante energ\u00eda del verano. Elegimos materiales de alta calidad para asegurarnos de que&nbsp;<strong>la ilustraci\u00f3n se mantuviera tan brillante y alegre como el primer d\u00eda<\/strong>, incluso despu\u00e9s de innumerables aventuras bajo el sol. Fabricados en algod\u00f3n org\u00e1nico&nbsp;<em>fairtrade<\/em>, estos complementos se convertir\u00e1n en tu mejor aliado este verano.<\/p>\n\n\n\n<div class=\"wp-block-columns is-layout-flex wp-container-core-columns-is-layout-9d6595d7 wp-block-columns-is-layout-flex\">\n<div class=\"wp-block-column is-layout-flow wp-block-column-is-layout-flow\">\n<figure class=\"wp-block-image size-large is-resized\"><img loading=\"lazy\" decoding=\"async\" width=\"731\" height=\"1024\" src=\"data:image\/gif;base64,R0lGODlhAQABAAAAACH5BAEKAAEALAAAAAABAAEAAAICTAEAOw==\" data-src=\"https:\/\/www.isdin.com\/es\/blog\/wp-content\/uploads\/2024\/06\/CON-2413_ExperienciaVerano_JPEG_03.jpg-3-731x1024.png\" alt=\"\" class=\"wp-image-10388 lazyload\" style=\"width:320px;height:auto\" data-sizes=\"auto\" data-srcset=\"https:\/\/www.isdin.com\/es\/blog\/wp-content\/uploads\/2024\/06\/CON-2413_ExperienciaVerano_JPEG_03.jpg-3-731x1024.png 731w, https:\/\/www.isdin.com\/es\/blog\/wp-content\/uploads\/2024\/06\/CON-2413_ExperienciaVerano_JPEG_03.jpg-3-214x300.png 214w, https:\/\/www.isdin.com\/es\/blog\/wp-content\/uploads\/2024\/06\/CON-2413_ExperienciaVerano_JPEG_03.jpg-3-107x150.png 107w, https:\/\/www.isdin.com\/es\/blog\/wp-content\/uploads\/2024\/06\/CON-2413_ExperienciaVerano_JPEG_03.jpg-3-768x1076.png 768w, https:\/\/www.isdin.com\/es\/blog\/wp-content\/uploads\/2024\/06\/CON-2413_ExperienciaVerano_JPEG_03.jpg-3-1097x1536.png 1097w, https:\/\/www.isdin.com\/es\/blog\/wp-content\/uploads\/2024\/06\/CON-2413_ExperienciaVerano_JPEG_03.jpg-3-1462x2048.png 1462w, https:\/\/www.isdin.com\/es\/blog\/wp-content\/uploads\/2024\/06\/CON-2413_ExperienciaVerano_JPEG_03.jpg-3-450x630.png 450w, https:\/\/www.isdin.com\/es\/blog\/wp-content\/uploads\/2024\/06\/CON-2413_ExperienciaVerano_JPEG_03.jpg-3-225x315.png 225w, https:\/\/www.isdin.com\/es\/blog\/wp-content\/uploads\/2024\/06\/CON-2413_ExperienciaVerano_JPEG_03.jpg-3-900x1260.png 900w, https:\/\/www.isdin.com\/es\/blog\/wp-content\/uploads\/2024\/06\/CON-2413_ExperienciaVerano_JPEG_03.jpg-3-1350x1891.png 1350w, https:\/\/www.isdin.com\/es\/blog\/wp-content\/uploads\/2024\/06\/CON-2413_ExperienciaVerano_JPEG_03.jpg-3-20x28.png 20w, https:\/\/www.isdin.com\/es\/blog\/wp-content\/uploads\/2024\/06\/CON-2413_ExperienciaVerano_JPEG_03.jpg-3.png 1830w\" sizes=\"auto, (max-width: 731px) 100vw, 731px\" \/><\/figure>\n<\/div>\n\n\n\n<div class=\"wp-block-column is-layout-flow wp-block-column-is-layout-flow\">\n<figure class=\"wp-block-image size-large is-resized\"><img loading=\"lazy\" decoding=\"async\" width=\"731\" height=\"1024\" src=\"data:image\/gif;base64,R0lGODlhAQABAAAAACH5BAEKAAEALAAAAAABAAEAAAICTAEAOw==\" data-src=\"https:\/\/www.isdin.com\/es\/blog\/wp-content\/uploads\/2024\/06\/CON-2413_ExperienciaVerano_JPEG_29.jpg-1-731x1024.png\" alt=\"\" class=\"wp-image-10387 lazyload\" style=\"width:319px;height:auto\" data-sizes=\"auto\" data-srcset=\"https:\/\/www.isdin.com\/es\/blog\/wp-content\/uploads\/2024\/06\/CON-2413_ExperienciaVerano_JPEG_29.jpg-1-731x1024.png 731w, https:\/\/www.isdin.com\/es\/blog\/wp-content\/uploads\/2024\/06\/CON-2413_ExperienciaVerano_JPEG_29.jpg-1-214x300.png 214w, https:\/\/www.isdin.com\/es\/blog\/wp-content\/uploads\/2024\/06\/CON-2413_ExperienciaVerano_JPEG_29.jpg-1-107x150.png 107w, https:\/\/www.isdin.com\/es\/blog\/wp-content\/uploads\/2024\/06\/CON-2413_ExperienciaVerano_JPEG_29.jpg-1-768x1076.png 768w, https:\/\/www.isdin.com\/es\/blog\/wp-content\/uploads\/2024\/06\/CON-2413_ExperienciaVerano_JPEG_29.jpg-1-1097x1536.png 1097w, https:\/\/www.isdin.com\/es\/blog\/wp-content\/uploads\/2024\/06\/CON-2413_ExperienciaVerano_JPEG_29.jpg-1-1462x2048.png 1462w, https:\/\/www.isdin.com\/es\/blog\/wp-content\/uploads\/2024\/06\/CON-2413_ExperienciaVerano_JPEG_29.jpg-1-450x630.png 450w, https:\/\/www.isdin.com\/es\/blog\/wp-content\/uploads\/2024\/06\/CON-2413_ExperienciaVerano_JPEG_29.jpg-1-225x315.png 225w, https:\/\/www.isdin.com\/es\/blog\/wp-content\/uploads\/2024\/06\/CON-2413_ExperienciaVerano_JPEG_29.jpg-1-900x1261.png 900w, https:\/\/www.isdin.com\/es\/blog\/wp-content\/uploads\/2024\/06\/CON-2413_ExperienciaVerano_JPEG_29.jpg-1-1350x1891.png 1350w, https:\/\/www.isdin.com\/es\/blog\/wp-content\/uploads\/2024\/06\/CON-2413_ExperienciaVerano_JPEG_29.jpg-1-20x28.png 20w, https:\/\/www.isdin.com\/es\/blog\/wp-content\/uploads\/2024\/06\/CON-2413_ExperienciaVerano_JPEG_29.jpg-1.png 1889w\" sizes=\"auto, (max-width: 731px) 100vw, 731px\" \/><\/figure>\n<\/div>\n<\/div>\n\n\n\n<p><\/p>\n\n\n\n<h2 class=\"wp-block-heading\" id=\"h-el-toque-final-basicos-de-fotoproteccion\">El toque final: b\u00e1sicos de fotoprotecci\u00f3n<\/h2>\n\n\n\n<div class=\"wp-block-columns is-layout-flex wp-container-core-columns-is-layout-9d6595d7 wp-block-columns-is-layout-flex\">\n<div class=\"wp-block-column is-layout-flow wp-block-column-is-layout-flow\">\n<figure class=\"wp-block-image size-large\"><img loading=\"lazy\" decoding=\"async\" width=\"683\" height=\"1024\" src=\"data:image\/gif;base64,R0lGODlhAQABAAAAACH5BAEKAAEALAAAAAABAAEAAAICTAEAOw==\" data-src=\"https:\/\/www.isdin.com\/es\/blog\/wp-content\/uploads\/2024\/06\/CON-2413_ExperienciaVerano_JPEG_13-_1_-2-683x1024.png\" alt=\"\" class=\"wp-image-10371 lazyload\" data-sizes=\"auto\" data-srcset=\"https:\/\/www.isdin.com\/es\/blog\/wp-content\/uploads\/2024\/06\/CON-2413_ExperienciaVerano_JPEG_13-_1_-2-683x1024.png 683w, https:\/\/www.isdin.com\/es\/blog\/wp-content\/uploads\/2024\/06\/CON-2413_ExperienciaVerano_JPEG_13-_1_-2-200x300.png 200w, https:\/\/www.isdin.com\/es\/blog\/wp-content\/uploads\/2024\/06\/CON-2413_ExperienciaVerano_JPEG_13-_1_-2-100x150.png 100w, https:\/\/www.isdin.com\/es\/blog\/wp-content\/uploads\/2024\/06\/CON-2413_ExperienciaVerano_JPEG_13-_1_-2-768x1151.png 768w, https:\/\/www.isdin.com\/es\/blog\/wp-content\/uploads\/2024\/06\/CON-2413_ExperienciaVerano_JPEG_13-_1_-2-1025x1536.png 1025w, https:\/\/www.isdin.com\/es\/blog\/wp-content\/uploads\/2024\/06\/CON-2413_ExperienciaVerano_JPEG_13-_1_-2-1366x2048.png 1366w, https:\/\/www.isdin.com\/es\/blog\/wp-content\/uploads\/2024\/06\/CON-2413_ExperienciaVerano_JPEG_13-_1_-2-450x675.png 450w, https:\/\/www.isdin.com\/es\/blog\/wp-content\/uploads\/2024\/06\/CON-2413_ExperienciaVerano_JPEG_13-_1_-2-225x337.png 225w, https:\/\/www.isdin.com\/es\/blog\/wp-content\/uploads\/2024\/06\/CON-2413_ExperienciaVerano_JPEG_13-_1_-2-900x1349.png 900w, https:\/\/www.isdin.com\/es\/blog\/wp-content\/uploads\/2024\/06\/CON-2413_ExperienciaVerano_JPEG_13-_1_-2-1350x2024.png 1350w, https:\/\/www.isdin.com\/es\/blog\/wp-content\/uploads\/2024\/06\/CON-2413_ExperienciaVerano_JPEG_13-_1_-2-20x30.png 20w, https:\/\/www.isdin.com\/es\/blog\/wp-content\/uploads\/2024\/06\/CON-2413_ExperienciaVerano_JPEG_13-_1_-2.png 2001w\" sizes=\"auto, (max-width: 683px) 100vw, 683px\" \/><\/figure>\n<\/div>\n\n\n\n<div class=\"wp-block-column is-layout-flow wp-block-column-is-layout-flow\">\n<figure class=\"wp-block-image size-large\"><img loading=\"lazy\" decoding=\"async\" width=\"683\" height=\"1024\" src=\"data:image\/gif;base64,R0lGODlhAQABAAAAACH5BAEKAAEALAAAAAABAAEAAAICTAEAOw==\" data-src=\"https:\/\/www.isdin.com\/es\/blog\/wp-content\/uploads\/2024\/06\/CON-2413_ExperienciaVerano_JPEG_11-_1_-1-683x1024.png\" alt=\"\" class=\"wp-image-10372 lazyload\" data-sizes=\"auto\" data-srcset=\"https:\/\/www.isdin.com\/es\/blog\/wp-content\/uploads\/2024\/06\/CON-2413_ExperienciaVerano_JPEG_11-_1_-1-683x1024.png 683w, https:\/\/www.isdin.com\/es\/blog\/wp-content\/uploads\/2024\/06\/CON-2413_ExperienciaVerano_JPEG_11-_1_-1-200x300.png 200w, https:\/\/www.isdin.com\/es\/blog\/wp-content\/uploads\/2024\/06\/CON-2413_ExperienciaVerano_JPEG_11-_1_-1-100x150.png 100w, https:\/\/www.isdin.com\/es\/blog\/wp-content\/uploads\/2024\/06\/CON-2413_ExperienciaVerano_JPEG_11-_1_-1-768x1151.png 768w, https:\/\/www.isdin.com\/es\/blog\/wp-content\/uploads\/2024\/06\/CON-2413_ExperienciaVerano_JPEG_11-_1_-1-1025x1536.png 1025w, https:\/\/www.isdin.com\/es\/blog\/wp-content\/uploads\/2024\/06\/CON-2413_ExperienciaVerano_JPEG_11-_1_-1-1366x2048.png 1366w, https:\/\/www.isdin.com\/es\/blog\/wp-content\/uploads\/2024\/06\/CON-2413_ExperienciaVerano_JPEG_11-_1_-1-450x675.png 450w, https:\/\/www.isdin.com\/es\/blog\/wp-content\/uploads\/2024\/06\/CON-2413_ExperienciaVerano_JPEG_11-_1_-1-225x337.png 225w, https:\/\/www.isdin.com\/es\/blog\/wp-content\/uploads\/2024\/06\/CON-2413_ExperienciaVerano_JPEG_11-_1_-1-900x1349.png 900w, https:\/\/www.isdin.com\/es\/blog\/wp-content\/uploads\/2024\/06\/CON-2413_ExperienciaVerano_JPEG_11-_1_-1-1350x2024.png 1350w, https:\/\/www.isdin.com\/es\/blog\/wp-content\/uploads\/2024\/06\/CON-2413_ExperienciaVerano_JPEG_11-_1_-1-20x30.png 20w, https:\/\/www.isdin.com\/es\/blog\/wp-content\/uploads\/2024\/06\/CON-2413_ExperienciaVerano_JPEG_11-_1_-1.png 2001w\" sizes=\"auto, (max-width: 683px) 100vw, 683px\" \/><\/figure>\n<\/div>\n\n\n\n<div class=\"wp-block-column is-layout-flow wp-block-column-is-layout-flow\">\n<figure class=\"wp-block-image size-large\"><img loading=\"lazy\" decoding=\"async\" width=\"683\" height=\"1024\" src=\"data:image\/gif;base64,R0lGODlhAQABAAAAACH5BAEKAAEALAAAAAABAAEAAAICTAEAOw==\" data-src=\"https:\/\/www.isdin.com\/es\/blog\/wp-content\/uploads\/2024\/06\/CON-2413_ExperienciaVerano_JPEG_12-2-683x1024.png\" alt=\"\" class=\"wp-image-10373 lazyload\" data-sizes=\"auto\" data-srcset=\"https:\/\/www.isdin.com\/es\/blog\/wp-content\/uploads\/2024\/06\/CON-2413_ExperienciaVerano_JPEG_12-2-683x1024.png 683w, https:\/\/www.isdin.com\/es\/blog\/wp-content\/uploads\/2024\/06\/CON-2413_ExperienciaVerano_JPEG_12-2-200x300.png 200w, https:\/\/www.isdin.com\/es\/blog\/wp-content\/uploads\/2024\/06\/CON-2413_ExperienciaVerano_JPEG_12-2-100x150.png 100w, https:\/\/www.isdin.com\/es\/blog\/wp-content\/uploads\/2024\/06\/CON-2413_ExperienciaVerano_JPEG_12-2-768x1151.png 768w, https:\/\/www.isdin.com\/es\/blog\/wp-content\/uploads\/2024\/06\/CON-2413_ExperienciaVerano_JPEG_12-2-1025x1536.png 1025w, https:\/\/www.isdin.com\/es\/blog\/wp-content\/uploads\/2024\/06\/CON-2413_ExperienciaVerano_JPEG_12-2-1366x2048.png 1366w, https:\/\/www.isdin.com\/es\/blog\/wp-content\/uploads\/2024\/06\/CON-2413_ExperienciaVerano_JPEG_12-2-450x675.png 450w, https:\/\/www.isdin.com\/es\/blog\/wp-content\/uploads\/2024\/06\/CON-2413_ExperienciaVerano_JPEG_12-2-225x337.png 225w, https:\/\/www.isdin.com\/es\/blog\/wp-content\/uploads\/2024\/06\/CON-2413_ExperienciaVerano_JPEG_12-2-900x1349.png 900w, https:\/\/www.isdin.com\/es\/blog\/wp-content\/uploads\/2024\/06\/CON-2413_ExperienciaVerano_JPEG_12-2-1350x2024.png 1350w, https:\/\/www.isdin.com\/es\/blog\/wp-content\/uploads\/2024\/06\/CON-2413_ExperienciaVerano_JPEG_12-2-20x30.png 20w, https:\/\/www.isdin.com\/es\/blog\/wp-content\/uploads\/2024\/06\/CON-2413_ExperienciaVerano_JPEG_12-2.png 2001w\" sizes=\"auto, (max-width: 683px) 100vw, 683px\" \/><\/figure>\n<\/div>\n<\/div>\n\n\n\n<p><\/p>\n\n\n\n<p>Quer\u00edamos que esta creaci\u00f3n no solo fuera m\u00e1gica, sino tambi\u00e9n pr\u00e1ctica. Por eso, el neceser viene lleno de&nbsp;<strong>b\u00e1sicos de fotoprotecci\u00f3n<\/strong>, esenciales para cuidar tu piel mientras disfrutas del sol.&nbsp;<a href=\"https:\/\/www.isdin.com\/producto\/fotoprotector-isdin\/transparent-spray-wet-skin-spf-50\">Transparent Spray SPF 50<\/a>&nbsp;para proteger tu cuerpo,&nbsp;<a href=\"https:\/\/www.isdin.com\/producto\/fotoprotector-isdin\/magic-spf-50\">Fusion Water MAGIC SPF 50<\/a>&nbsp;para el rostro y&nbsp;<a href=\"https:\/\/www.isdin.com\/producto\/labiales-isdin\/spf-50\">Protector labial SPF 50<\/a>&nbsp;para una de las zonas m\u00e1s delicadas de tu rostro, los labios.<\/p>\n\n\n\n<p><\/p>\n\n\n\n<div class=\"wp-block-columns is-layout-flex wp-container-core-columns-is-layout-9d6595d7 wp-block-columns-is-layout-flex\">\n<div class=\"wp-block-column is-layout-flow wp-block-column-is-layout-flow\">\n<figure class=\"wp-block-image size-large\"><img loading=\"lazy\" decoding=\"async\" width=\"683\" height=\"1024\" src=\"data:image\/gif;base64,R0lGODlhAQABAAAAACH5BAEKAAEALAAAAAABAAEAAAICTAEAOw==\" data-src=\"https:\/\/www.isdin.com\/es\/blog\/wp-content\/uploads\/2024\/06\/CON-2413_ExperienciaVerano_JPEG_23-3-683x1024.jpg\" alt=\"\" class=\"wp-image-10380 lazyload\" data-sizes=\"auto\" data-srcset=\"https:\/\/www.isdin.com\/es\/blog\/wp-content\/uploads\/2024\/06\/CON-2413_ExperienciaVerano_JPEG_23-3-683x1024.jpg 683w, https:\/\/www.isdin.com\/es\/blog\/wp-content\/uploads\/2024\/06\/CON-2413_ExperienciaVerano_JPEG_23-3-200x300.jpg 200w, https:\/\/www.isdin.com\/es\/blog\/wp-content\/uploads\/2024\/06\/CON-2413_ExperienciaVerano_JPEG_23-3-100x150.jpg 100w, https:\/\/www.isdin.com\/es\/blog\/wp-content\/uploads\/2024\/06\/CON-2413_ExperienciaVerano_JPEG_23-3-768x1151.jpg 768w, https:\/\/www.isdin.com\/es\/blog\/wp-content\/uploads\/2024\/06\/CON-2413_ExperienciaVerano_JPEG_23-3-1025x1536.jpg 1025w, https:\/\/www.isdin.com\/es\/blog\/wp-content\/uploads\/2024\/06\/CON-2413_ExperienciaVerano_JPEG_23-3-1366x2048.jpg 1366w, https:\/\/www.isdin.com\/es\/blog\/wp-content\/uploads\/2024\/06\/CON-2413_ExperienciaVerano_JPEG_23-3-450x675.jpg 450w, https:\/\/www.isdin.com\/es\/blog\/wp-content\/uploads\/2024\/06\/CON-2413_ExperienciaVerano_JPEG_23-3-225x337.jpg 225w, https:\/\/www.isdin.com\/es\/blog\/wp-content\/uploads\/2024\/06\/CON-2413_ExperienciaVerano_JPEG_23-3-900x1349.jpg 900w, https:\/\/www.isdin.com\/es\/blog\/wp-content\/uploads\/2024\/06\/CON-2413_ExperienciaVerano_JPEG_23-3-1350x2024.jpg 1350w, https:\/\/www.isdin.com\/es\/blog\/wp-content\/uploads\/2024\/06\/CON-2413_ExperienciaVerano_JPEG_23-3-20x30.jpg 20w, https:\/\/www.isdin.com\/es\/blog\/wp-content\/uploads\/2024\/06\/CON-2413_ExperienciaVerano_JPEG_23-3-scaled.jpg 1708w\" sizes=\"auto, (max-width: 683px) 100vw, 683px\" \/><\/figure>\n<\/div>\n\n\n\n<div class=\"wp-block-column is-layout-flow wp-block-column-is-layout-flow\">\n<figure class=\"wp-block-image size-large\"><img loading=\"lazy\" decoding=\"async\" width=\"683\" height=\"1024\" src=\"data:image\/gif;base64,R0lGODlhAQABAAAAACH5BAEKAAEALAAAAAABAAEAAAICTAEAOw==\" data-src=\"https:\/\/www.isdin.com\/es\/blog\/wp-content\/uploads\/2024\/06\/CON-2413_ExperienciaVerano_JPEG_42-3-683x1024.jpg\" alt=\"\" class=\"wp-image-10381 lazyload\" data-sizes=\"auto\" data-srcset=\"https:\/\/www.isdin.com\/es\/blog\/wp-content\/uploads\/2024\/06\/CON-2413_ExperienciaVerano_JPEG_42-3-683x1024.jpg 683w, https:\/\/www.isdin.com\/es\/blog\/wp-content\/uploads\/2024\/06\/CON-2413_ExperienciaVerano_JPEG_42-3-200x300.jpg 200w, https:\/\/www.isdin.com\/es\/blog\/wp-content\/uploads\/2024\/06\/CON-2413_ExperienciaVerano_JPEG_42-3-100x150.jpg 100w, https:\/\/www.isdin.com\/es\/blog\/wp-content\/uploads\/2024\/06\/CON-2413_ExperienciaVerano_JPEG_42-3-768x1151.jpg 768w, https:\/\/www.isdin.com\/es\/blog\/wp-content\/uploads\/2024\/06\/CON-2413_ExperienciaVerano_JPEG_42-3-1025x1536.jpg 1025w, https:\/\/www.isdin.com\/es\/blog\/wp-content\/uploads\/2024\/06\/CON-2413_ExperienciaVerano_JPEG_42-3-1366x2048.jpg 1366w, https:\/\/www.isdin.com\/es\/blog\/wp-content\/uploads\/2024\/06\/CON-2413_ExperienciaVerano_JPEG_42-3-450x675.jpg 450w, https:\/\/www.isdin.com\/es\/blog\/wp-content\/uploads\/2024\/06\/CON-2413_ExperienciaVerano_JPEG_42-3-225x337.jpg 225w, https:\/\/www.isdin.com\/es\/blog\/wp-content\/uploads\/2024\/06\/CON-2413_ExperienciaVerano_JPEG_42-3-900x1349.jpg 900w, https:\/\/www.isdin.com\/es\/blog\/wp-content\/uploads\/2024\/06\/CON-2413_ExperienciaVerano_JPEG_42-3-1350x2024.jpg 1350w, https:\/\/www.isdin.com\/es\/blog\/wp-content\/uploads\/2024\/06\/CON-2413_ExperienciaVerano_JPEG_42-3-20x30.jpg 20w, https:\/\/www.isdin.com\/es\/blog\/wp-content\/uploads\/2024\/06\/CON-2413_ExperienciaVerano_JPEG_42-3-scaled.jpg 1708w\" sizes=\"auto, (max-width: 683px) 100vw, 683px\" \/><\/figure>\n<\/div>\n<\/div>\n\n\n\n<p><\/p>\n\n\n\n<p>As\u00ed, con la colaboraci\u00f3n y el esp\u00edritu creativo de nuestra&nbsp;<a href=\"https:\/\/love.isdin.com\/con\/es-ES\">comunidad LOVE ISDIN<\/a>, hemos creado algo m\u00e1s que una ilustraci\u00f3n. Hemos capturado&nbsp;<strong>la esencia del verano y la hemos transformado en una obra de arte<\/strong>&nbsp;que puedes llevar contigo. Cada vez que uses esta bolsa o neceser, recordar\u00e1s esos momentos m\u00e1gicos bajo el sol, las risas compartidas y la belleza de la temporada. Cada trazo y cada color en esta ilustraci\u00f3n cuentan una historia,&nbsp;<strong>la historia de un verano inolvidable cocreado<\/strong>&nbsp;por todos nosotros. Ll\u00e9vala contigo y deja que la magia del verano te acompa\u00f1e a donde vayas.<\/p>\n\n\n\n<p><\/p>\n","protected":false},"excerpt":{"rendered":"<p>El verano siempre trae consigo una explosi\u00f3n de colores vibrantes, aromas frescos y una energ\u00eda\u2026<\/p>\n","protected":false},"author":72,"featured_media":10382,"comment_status":"closed","ping_status":"closed","sticky":false,"template":"","format":"image","meta":{"footnotes":""},"categories":[103,333,113],"tags":[119,165,122],"class_list":["post-10367","post","type-post","status-publish","format-image","has-post-thumbnail","hentry","category-belleza","category-cuidado-corporal","category-embajadores-isdin","tag-fotoproteccion","tag-isdin","tag-verano","post_format-post-format-image"],"yoast_head":"<!-- This site is optimized with the Yoast SEO Premium plugin v25.4 (Yoast SEO v25.4) - https:\/\/yoast.com\/wordpress\/plugins\/seo\/ -->\n<title>As\u00ed se hizo la ilustraci\u00f3n \u00fanica de Feel the MAGIC Essentials - ISDIN<\/title>\n<meta name=\"description\" content=\"La esencia del verano est\u00e1 en Feel the MAGIC Essentials ISDIN: una ilustraci\u00f3n veraniega que adorna una bolsa de tela y un neceser lleno de b\u00e1sicos de fotoprotecci\u00f3n.\" \/>\n<meta name=\"robots\" content=\"index, follow, max-snippet:-1, max-image-preview:large, max-video-preview:-1\" \/>\n<link rel=\"canonical\" href=\"https:\/\/www.isdin.com\/es\/blog\/asi-se-hizo-feel-the-magic-essentials\/\" \/>\n<meta property=\"og:locale\" content=\"es_ES\" \/>\n<meta property=\"og:type\" content=\"article\" \/>\n<meta property=\"og:title\" content=\"As\u00ed se hizo la ilustraci\u00f3n \u00fanica de Feel the MAGIC Essentials\" \/>\n<meta property=\"og:description\" content=\"La esencia del verano est\u00e1 en Feel the MAGIC Essentials ISDIN: una ilustraci\u00f3n veraniega que adorna una bolsa de tela y un neceser lleno de b\u00e1sicos de fotoprotecci\u00f3n.\" \/>\n<meta property=\"og:url\" content=\"https:\/\/www.isdin.com\/es\/blog\/asi-se-hizo-feel-the-magic-essentials\/\" \/>\n<meta property=\"og:site_name\" content=\"ISDIN\" \/>\n<meta property=\"article:publisher\" content=\"https:\/\/es-es.facebook.com\/ISDIN.official\/\" \/>\n<meta property=\"article:published_time\" content=\"2024-06-06T15:32:57+00:00\" \/>\n<meta property=\"article:modified_time\" content=\"2024-06-06T15:39:13+00:00\" \/>\n<meta property=\"og:image\" content=\"https:\/\/www.isdin.com\/es\/blog\/wp-content\/uploads\/2024\/06\/CON-2413_ExperienciaVerano_JPEG_21-1-scaled.jpg\" \/>\n\t<meta property=\"og:image:width\" content=\"2560\" \/>\n\t<meta property=\"og:image:height\" content=\"1708\" \/>\n\t<meta property=\"og:image:type\" content=\"image\/jpeg\" \/>\n<meta name=\"author\" content=\"Nerea Zaballa\" \/>\n<meta name=\"twitter:card\" content=\"summary_large_image\" \/>\n<meta name=\"twitter:creator\" content=\"@isdin_official\" \/>\n<meta name=\"twitter:site\" content=\"@isdin_official\" \/>\n<meta name=\"twitter:label1\" content=\"Written by\" \/>\n\t<meta name=\"twitter:data1\" content=\"Nerea Zaballa\" \/>\n\t<meta name=\"twitter:label2\" content=\"Est. reading time\" \/>\n\t<meta name=\"twitter:data2\" content=\"3 minutes\" \/>\n<script type=\"application\/ld+json\" class=\"yoast-schema-graph\">{\"@context\":\"https:\/\/schema.org\",\"@graph\":[{\"@type\":\"Article\",\"@id\":\"https:\/\/www.isdin.com\/es\/blog\/asi-se-hizo-feel-the-magic-essentials\/#article\",\"isPartOf\":{\"@id\":\"https:\/\/www.isdin.com\/es\/blog\/asi-se-hizo-feel-the-magic-essentials\/\"},\"author\":{\"name\":\"Nerea Zaballa\",\"@id\":\"https:\/\/www.isdin.com\/es\/blog\/#\/schema\/person\/3c124ee89a8ad533633717dab4aee789\"},\"headline\":\"As\u00ed se hizo la ilustraci\u00f3n \u00fanica de Feel the MAGIC Essentials\",\"datePublished\":\"2024-06-06T15:32:57+00:00\",\"dateModified\":\"2024-06-06T15:39:13+00:00\",\"mainEntityOfPage\":{\"@id\":\"https:\/\/www.isdin.com\/es\/blog\/asi-se-hizo-feel-the-magic-essentials\/\"},\"wordCount\":629,\"publisher\":{\"@id\":\"https:\/\/www.isdin.com\/es\/blog\/#organization\"},\"image\":{\"@id\":\"https:\/\/www.isdin.com\/es\/blog\/asi-se-hizo-feel-the-magic-essentials\/#primaryimage\"},\"thumbnailUrl\":\"https:\/\/www.isdin.com\/es\/blog\/wp-content\/uploads\/2024\/06\/CON-2413_ExperienciaVerano_JPEG_21-1-scaled.jpg\",\"keywords\":[\"fotoprotecci\u00f3n\",\"isdin\",\"verano\"],\"articleSection\":[\"Belleza\",\"Cuidado corporal\",\"Embajadores ISDIN\"],\"inLanguage\":\"es-ES\"},{\"@type\":\"WebPage\",\"@id\":\"https:\/\/www.isdin.com\/es\/blog\/asi-se-hizo-feel-the-magic-essentials\/\",\"url\":\"https:\/\/www.isdin.com\/es\/blog\/asi-se-hizo-feel-the-magic-essentials\/\",\"name\":\"As\u00ed se hizo la ilustraci\u00f3n \u00fanica de Feel the MAGIC Essentials - ISDIN\",\"isPartOf\":{\"@id\":\"https:\/\/www.isdin.com\/es\/blog\/#website\"},\"primaryImageOfPage\":{\"@id\":\"https:\/\/www.isdin.com\/es\/blog\/asi-se-hizo-feel-the-magic-essentials\/#primaryimage\"},\"image\":{\"@id\":\"https:\/\/www.isdin.com\/es\/blog\/asi-se-hizo-feel-the-magic-essentials\/#primaryimage\"},\"thumbnailUrl\":\"https:\/\/www.isdin.com\/es\/blog\/wp-content\/uploads\/2024\/06\/CON-2413_ExperienciaVerano_JPEG_21-1-scaled.jpg\",\"datePublished\":\"2024-06-06T15:32:57+00:00\",\"dateModified\":\"2024-06-06T15:39:13+00:00\",\"description\":\"La esencia del verano est\u00e1 en Feel the MAGIC Essentials ISDIN: una ilustraci\u00f3n veraniega que adorna una bolsa de tela y un neceser lleno de b\u00e1sicos de fotoprotecci\u00f3n.\",\"breadcrumb\":{\"@id\":\"https:\/\/www.isdin.com\/es\/blog\/asi-se-hizo-feel-the-magic-essentials\/#breadcrumb\"},\"inLanguage\":\"es-ES\",\"potentialAction\":[{\"@type\":\"ReadAction\",\"target\":[\"https:\/\/www.isdin.com\/es\/blog\/asi-se-hizo-feel-the-magic-essentials\/\"]}]},{\"@type\":\"ImageObject\",\"inLanguage\":\"es-ES\",\"@id\":\"https:\/\/www.isdin.com\/es\/blog\/asi-se-hizo-feel-the-magic-essentials\/#primaryimage\",\"url\":\"https:\/\/www.isdin.com\/es\/blog\/wp-content\/uploads\/2024\/06\/CON-2413_ExperienciaVerano_JPEG_21-1-scaled.jpg\",\"contentUrl\":\"https:\/\/www.isdin.com\/es\/blog\/wp-content\/uploads\/2024\/06\/CON-2413_ExperienciaVerano_JPEG_21-1-scaled.jpg\",\"width\":2560,\"height\":1708,\"caption\":\"ISDIN tote bag\"},{\"@type\":\"BreadcrumbList\",\"@id\":\"https:\/\/www.isdin.com\/es\/blog\/asi-se-hizo-feel-the-magic-essentials\/#breadcrumb\",\"itemListElement\":[{\"@type\":\"ListItem\",\"position\":1,\"name\":\"Portada\",\"item\":\"https:\/\/www.isdin.com\/es\/blog\/\"},{\"@type\":\"ListItem\",\"position\":2,\"name\":\"As\u00ed se hizo la ilustraci\u00f3n \u00fanica de Feel the MAGIC Essentials\"}]},{\"@type\":\"WebSite\",\"@id\":\"https:\/\/www.isdin.com\/es\/blog\/#website\",\"url\":\"https:\/\/www.isdin.com\/es\/blog\/\",\"name\":\"ISDIN\",\"description\":\"Novedades, lanzamientos de productos y toda la experiencia de ISDIN\",\"publisher\":{\"@id\":\"https:\/\/www.isdin.com\/es\/blog\/#organization\"},\"potentialAction\":[{\"@type\":\"SearchAction\",\"target\":{\"@type\":\"EntryPoint\",\"urlTemplate\":\"https:\/\/www.isdin.com\/es\/blog\/?s={search_term_string}\"},\"query-input\":{\"@type\":\"PropertyValueSpecification\",\"valueRequired\":true,\"valueName\":\"search_term_string\"}}],\"inLanguage\":\"es-ES\"},{\"@type\":\"Organization\",\"@id\":\"https:\/\/www.isdin.com\/es\/blog\/#organization\",\"name\":\"ISDIN\",\"alternateName\":\"ISDIN\",\"url\":\"https:\/\/www.isdin.com\/es\/blog\/\",\"logo\":{\"@type\":\"ImageObject\",\"inLanguage\":\"es-ES\",\"@id\":\"https:\/\/www.isdin.com\/es\/blog\/#\/schema\/logo\/image\/\",\"url\":\"https:\/\/www.isdin.com\/es\/blog\/wp-content\/uploads\/2024\/05\/2025_03_GuiaFoto_FWM.png\",\"contentUrl\":\"https:\/\/www.isdin.com\/es\/blog\/wp-content\/uploads\/2024\/05\/2025_03_GuiaFoto_FWM.png\",\"width\":670,\"height\":683,\"caption\":\"ISDIN\"},\"image\":{\"@id\":\"https:\/\/www.isdin.com\/es\/blog\/#\/schema\/logo\/image\/\"},\"sameAs\":[\"https:\/\/es-es.facebook.com\/ISDIN.official\/\",\"https:\/\/x.com\/isdin_official\",\"https:\/\/www.instagram.com\/isdinofficial\",\"https:\/\/www.youtube.com\/channel\/UCtoNJMKpDwdFLqgV23_lcqg\"],\"telephone\":\"659997812\"},{\"@type\":\"Person\",\"@id\":\"https:\/\/www.isdin.com\/es\/blog\/#\/schema\/person\/3c124ee89a8ad533633717dab4aee789\",\"name\":\"Nerea Zaballa\",\"image\":{\"@type\":\"ImageObject\",\"inLanguage\":\"es-ES\",\"@id\":\"https:\/\/www.isdin.com\/es\/blog\/#\/schema\/person\/image\/\",\"url\":\"https:\/\/www.isdin.com\/es\/blog\/wp-content\/uploads\/2017\/07\/Nerea-headshot-scaled.jpg\",\"contentUrl\":\"https:\/\/www.isdin.com\/es\/blog\/wp-content\/uploads\/2017\/07\/Nerea-headshot-scaled.jpg\",\"caption\":\"Nerea Zaballa\"},\"description\":\"Nerea es periodista, editora y comunicadora. De Forbes a Modaes, sus palabras han trasmitido la pasi\u00f3n por la belleza y la moda, inspirando a lectores y amantes del lifestyle. \u00bfSu momento beauty favorito? Dedicar tiempo, cada d\u00eda, a su rutina facial minimalista.\",\"jobTitle\":\"Escritora y Editora Lifestyle\",\"url\":\"https:\/\/www.isdin.com\/es\/blog\/author\/nerea-zaballa\/\"}]}<\/script>\n<!-- \/ Yoast SEO Premium plugin. -->","yoast_head_json":{"title":"As\u00ed se hizo la ilustraci\u00f3n \u00fanica de Feel the MAGIC Essentials - ISDIN","description":"La esencia del verano est\u00e1 en Feel the MAGIC Essentials ISDIN: una ilustraci\u00f3n veraniega que adorna una bolsa de tela y un neceser lleno de b\u00e1sicos de fotoprotecci\u00f3n.","robots":{"index":"index","follow":"follow","max-snippet":"max-snippet:-1","max-image-preview":"max-image-preview:large","max-video-preview":"max-video-preview:-1"},"canonical":"https:\/\/www.isdin.com\/es\/blog\/asi-se-hizo-feel-the-magic-essentials\/","og_locale":"es_ES","og_type":"article","og_title":"As\u00ed se hizo la ilustraci\u00f3n \u00fanica de Feel the MAGIC Essentials","og_description":"La esencia del verano est\u00e1 en Feel the MAGIC Essentials ISDIN: una ilustraci\u00f3n veraniega que adorna una bolsa de tela y un neceser lleno de b\u00e1sicos de fotoprotecci\u00f3n.","og_url":"https:\/\/www.isdin.com\/es\/blog\/asi-se-hizo-feel-the-magic-essentials\/","og_site_name":"ISDIN","article_publisher":"https:\/\/es-es.facebook.com\/ISDIN.official\/","article_published_time":"2024-06-06T15:32:57+00:00","article_modified_time":"2024-06-06T15:39:13+00:00","og_image":[{"width":2560,"height":1708,"url":"https:\/\/www.isdin.com\/es\/blog\/wp-content\/uploads\/2024\/06\/CON-2413_ExperienciaVerano_JPEG_21-1-scaled.jpg","type":"image\/jpeg"}],"author":"Nerea Zaballa","twitter_card":"summary_large_image","twitter_creator":"@isdin_official","twitter_site":"@isdin_official","twitter_misc":{"Written by":"Nerea Zaballa","Est. reading time":"3 minutes"},"schema":{"@context":"https:\/\/schema.org","@graph":[{"@type":"Article","@id":"https:\/\/www.isdin.com\/es\/blog\/asi-se-hizo-feel-the-magic-essentials\/#article","isPartOf":{"@id":"https:\/\/www.isdin.com\/es\/blog\/asi-se-hizo-feel-the-magic-essentials\/"},"author":{"name":"Nerea Zaballa","@id":"https:\/\/www.isdin.com\/es\/blog\/#\/schema\/person\/3c124ee89a8ad533633717dab4aee789"},"headline":"As\u00ed se hizo la ilustraci\u00f3n \u00fanica de Feel the MAGIC Essentials","datePublished":"2024-06-06T15:32:57+00:00","dateModified":"2024-06-06T15:39:13+00:00","mainEntityOfPage":{"@id":"https:\/\/www.isdin.com\/es\/blog\/asi-se-hizo-feel-the-magic-essentials\/"},"wordCount":629,"publisher":{"@id":"https:\/\/www.isdin.com\/es\/blog\/#organization"},"image":{"@id":"https:\/\/www.isdin.com\/es\/blog\/asi-se-hizo-feel-the-magic-essentials\/#primaryimage"},"thumbnailUrl":"https:\/\/www.isdin.com\/es\/blog\/wp-content\/uploads\/2024\/06\/CON-2413_ExperienciaVerano_JPEG_21-1-scaled.jpg","keywords":["fotoprotecci\u00f3n","isdin","verano"],"articleSection":["Belleza","Cuidado corporal","Embajadores ISDIN"],"inLanguage":"es-ES"},{"@type":"WebPage","@id":"https:\/\/www.isdin.com\/es\/blog\/asi-se-hizo-feel-the-magic-essentials\/","url":"https:\/\/www.isdin.com\/es\/blog\/asi-se-hizo-feel-the-magic-essentials\/","name":"As\u00ed se hizo la ilustraci\u00f3n \u00fanica de Feel the MAGIC Essentials - ISDIN","isPartOf":{"@id":"https:\/\/www.isdin.com\/es\/blog\/#website"},"primaryImageOfPage":{"@id":"https:\/\/www.isdin.com\/es\/blog\/asi-se-hizo-feel-the-magic-essentials\/#primaryimage"},"image":{"@id":"https:\/\/www.isdin.com\/es\/blog\/asi-se-hizo-feel-the-magic-essentials\/#primaryimage"},"thumbnailUrl":"https:\/\/www.isdin.com\/es\/blog\/wp-content\/uploads\/2024\/06\/CON-2413_ExperienciaVerano_JPEG_21-1-scaled.jpg","datePublished":"2024-06-06T15:32:57+00:00","dateModified":"2024-06-06T15:39:13+00:00","description":"La esencia del verano est\u00e1 en Feel the MAGIC Essentials ISDIN: una ilustraci\u00f3n veraniega que adorna una bolsa de tela y un neceser lleno de b\u00e1sicos de fotoprotecci\u00f3n.","breadcrumb":{"@id":"https:\/\/www.isdin.com\/es\/blog\/asi-se-hizo-feel-the-magic-essentials\/#breadcrumb"},"inLanguage":"es-ES","potentialAction":[{"@type":"ReadAction","target":["https:\/\/www.isdin.com\/es\/blog\/asi-se-hizo-feel-the-magic-essentials\/"]}]},{"@type":"ImageObject","inLanguage":"es-ES","@id":"https:\/\/www.isdin.com\/es\/blog\/asi-se-hizo-feel-the-magic-essentials\/#primaryimage","url":"https:\/\/www.isdin.com\/es\/blog\/wp-content\/uploads\/2024\/06\/CON-2413_ExperienciaVerano_JPEG_21-1-scaled.jpg","contentUrl":"https:\/\/www.isdin.com\/es\/blog\/wp-content\/uploads\/2024\/06\/CON-2413_ExperienciaVerano_JPEG_21-1-scaled.jpg","width":2560,"height":1708,"caption":"ISDIN tote bag"},{"@type":"BreadcrumbList","@id":"https:\/\/www.isdin.com\/es\/blog\/asi-se-hizo-feel-the-magic-essentials\/#breadcrumb","itemListElement":[{"@type":"ListItem","position":1,"name":"Portada","item":"https:\/\/www.isdin.com\/es\/blog\/"},{"@type":"ListItem","position":2,"name":"As\u00ed se hizo la ilustraci\u00f3n \u00fanica de Feel the MAGIC Essentials"}]},{"@type":"WebSite","@id":"https:\/\/www.isdin.com\/es\/blog\/#website","url":"https:\/\/www.isdin.com\/es\/blog\/","name":"ISDIN","description":"Novedades, lanzamientos de productos y toda la experiencia de ISDIN","publisher":{"@id":"https:\/\/www.isdin.com\/es\/blog\/#organization"},"potentialAction":[{"@type":"SearchAction","target":{"@type":"EntryPoint","urlTemplate":"https:\/\/www.isdin.com\/es\/blog\/?s={search_term_string}"},"query-input":{"@type":"PropertyValueSpecification","valueRequired":true,"valueName":"search_term_string"}}],"inLanguage":"es-ES"},{"@type":"Organization","@id":"https:\/\/www.isdin.com\/es\/blog\/#organization","name":"ISDIN","alternateName":"ISDIN","url":"https:\/\/www.isdin.com\/es\/blog\/","logo":{"@type":"ImageObject","inLanguage":"es-ES","@id":"https:\/\/www.isdin.com\/es\/blog\/#\/schema\/logo\/image\/","url":"https:\/\/www.isdin.com\/es\/blog\/wp-content\/uploads\/2024\/05\/2025_03_GuiaFoto_FWM.png","contentUrl":"https:\/\/www.isdin.com\/es\/blog\/wp-content\/uploads\/2024\/05\/2025_03_GuiaFoto_FWM.png","width":670,"height":683,"caption":"ISDIN"},"image":{"@id":"https:\/\/www.isdin.com\/es\/blog\/#\/schema\/logo\/image\/"},"sameAs":["https:\/\/es-es.facebook.com\/ISDIN.official\/","https:\/\/x.com\/isdin_official","https:\/\/www.instagram.com\/isdinofficial","https:\/\/www.youtube.com\/channel\/UCtoNJMKpDwdFLqgV23_lcqg"],"telephone":"659997812"},{"@type":"Person","@id":"https:\/\/www.isdin.com\/es\/blog\/#\/schema\/person\/3c124ee89a8ad533633717dab4aee789","name":"Nerea Zaballa","image":{"@type":"ImageObject","inLanguage":"es-ES","@id":"https:\/\/www.isdin.com\/es\/blog\/#\/schema\/person\/image\/","url":"https:\/\/www.isdin.com\/es\/blog\/wp-content\/uploads\/2017\/07\/Nerea-headshot-scaled.jpg","contentUrl":"https:\/\/www.isdin.com\/es\/blog\/wp-content\/uploads\/2017\/07\/Nerea-headshot-scaled.jpg","caption":"Nerea Zaballa"},"description":"Nerea es periodista, editora y comunicadora. De Forbes a Modaes, sus palabras han trasmitido la pasi\u00f3n por la belleza y la moda, inspirando a lectores y amantes del lifestyle. \u00bfSu momento beauty favorito? Dedicar tiempo, cada d\u00eda, a su rutina facial minimalista.","jobTitle":"Escritora y Editora Lifestyle","url":"https:\/\/www.isdin.com\/es\/blog\/author\/nerea-zaballa\/"}]}},"_links":{"self":[{"href":"https:\/\/www.isdin.com\/es\/blog\/wp-json\/wp\/v2\/posts\/10367","targetHints":{"allow":["GET"]}}],"collection":[{"href":"https:\/\/www.isdin.com\/es\/blog\/wp-json\/wp\/v2\/posts"}],"about":[{"href":"https:\/\/www.isdin.com\/es\/blog\/wp-json\/wp\/v2\/types\/post"}],"author":[{"embeddable":true,"href":"https:\/\/www.isdin.com\/es\/blog\/wp-json\/wp\/v2\/users\/72"}],"replies":[{"embeddable":true,"href":"https:\/\/www.isdin.com\/es\/blog\/wp-json\/wp\/v2\/comments?post=10367"}],"version-history":[{"count":5,"href":"https:\/\/www.isdin.com\/es\/blog\/wp-json\/wp\/v2\/posts\/10367\/revisions"}],"predecessor-version":[{"id":10389,"href":"https:\/\/www.isdin.com\/es\/blog\/wp-json\/wp\/v2\/posts\/10367\/revisions\/10389"}],"wp:featuredmedia":[{"embeddable":true,"href":"https:\/\/www.isdin.com\/es\/blog\/wp-json\/wp\/v2\/media\/10382"}],"wp:attachment":[{"href":"https:\/\/www.isdin.com\/es\/blog\/wp-json\/wp\/v2\/media?parent=10367"}],"wp:term":[{"taxonomy":"category","embeddable":true,"href":"https:\/\/www.isdin.com\/es\/blog\/wp-json\/wp\/v2\/categories?post=10367"},{"taxonomy":"post_tag","embeddable":true,"href":"https:\/\/www.isdin.com\/es\/blog\/wp-json\/wp\/v2\/tags?post=10367"}],"curies":[{"name":"wp","href":"https:\/\/api.w.org\/{rel}","templated":true}]}}